{"id":1998,"date":"2020-11-14T11:56:28","date_gmt":"2020-11-14T10:56:28","guid":{"rendered":"http:\/\/www.payne.cz\/WP15\/?p=1998"},"modified":"2020-11-14T11:58:34","modified_gmt":"2020-11-14T10:58:34","slug":"projev-k-prvnimu-cteni-washingtonske-smlouve","status":"publish","type":"post","link":"https:\/\/www.payne.cz\/WP15\/projev-k-prvnimu-cteni-washingtonske-smlouve\/","title":{"rendered":"Projev k\u00a0prvn\u00edmu \u010dten\u00ed Washingtonsk\u00e9 smlouvy"},"content":{"rendered":"\n<p style=\"text-align: justify;\"><strong><span style=\"color: #008080;\">Projev v&nbsp;Poslaneck\u00e9 sn\u011bmovn\u011b k&nbsp;prvn\u00edmu \u010dten\u00ed smlouvy o p\u0159\u00edstupu \u010cesk\u00e9 republiky k&nbsp;Severoatlantick\u00e9 smlouv\u011b sjednan\u00e9 ve Washingtonu dne 4. dubna 1949<\/span>&nbsp;<\/strong><\/p>\n<p style=\"text-align: right;\"><span style=\"color: #008080;\">11.2.1998<\/span><\/p>\n<p style=\"text-align: justify;\">Pane p\u0159edsedaj\u00edc\u00ed, pane p\u0159edsedo vl\u00e1dy, d\u00e1my a p\u00e1nov\u00e9, r\u00e1d bych se zm\u00ednil o \u010dty\u0159ech okruz\u00edch ot\u00e1zek, o \u010dty\u0159ech bodech. Pokud p\u0159ekro\u010d\u00edm desetiminutovou hranici &#8211; budu se sna\u017eit b\u00fdt stru\u010dn\u00fd &#8211; pros\u00edm o omluven\u00ed a o spojen\u00ed on\u011bch dvou lh\u016ft.<\/p>\n<p style=\"text-align: justify;\">Prvn\u00ed okruh ot\u00e1zek by se t\u00fdkal evropsk\u00e9ho bezpe\u010dnostn\u00edho syst\u00e9mu, druh\u00fd na\u0161\u00ed arm\u00e1dy, t\u0159et\u00ed na\u0161ich n\u00e1rodn\u00edch z\u00e1jm\u016f a rizik, \u010dtvrt\u00fd instituce NATO jako takov\u00e9.<\/p>\n<p><a href=\"http:\/\/www.payne.cz\/WP15\/wp-content\/uploads\/Podpuis-Washingtonske-smlouvyR.jpg\"><img loading=\"lazy\" decoding=\"async\" class=\"alignright size-full wp-image-2003\" src=\"http:\/\/www.payne.cz\/WP15\/wp-content\/uploads\/Podpuis-Washingtonske-smlouvyR.jpg\" alt=\"Podpis Washingtonsk\u00e9 smlouvy\" width=\"1461\" height=\"1114\" srcset=\"https:\/\/www.payne.cz\/WP15\/wp-content\/uploads\/Podpuis-Washingtonske-smlouvyR.jpg 1461w, https:\/\/www.payne.cz\/WP15\/wp-content\/uploads\/Podpuis-Washingtonske-smlouvyR-300x229.jpg 300w, https:\/\/www.payne.cz\/WP15\/wp-content\/uploads\/Podpuis-Washingtonske-smlouvyR-1024x781.jpg 1024w, https:\/\/www.payne.cz\/WP15\/wp-content\/uploads\/Podpuis-Washingtonske-smlouvyR-768x586.jpg 768w, https:\/\/www.payne.cz\/WP15\/wp-content\/uploads\/Podpuis-Washingtonske-smlouvyR-980x747.jpg 980w\" sizes=\"auto, (max-width: 1461px) 100vw, 1461px\" \/><\/a><\/p>\n<p style=\"text-align: center;\"><span style=\"color: #008080;\"><strong> Bezpe\u010dnostn\u00ed syst\u00e9m<\/strong><\/span><\/p>\n<p style=\"text-align: justify;\">Klasick\u00e1 evropsk\u00e1 historie, zejm\u00e9na historie tohoto stolet\u00ed, se vyzna\u010duje jednou vlastnost\u00ed: Evropa se pokou\u0161ela udr\u017eet rovnov\u00e1hu na principu rovnov\u00e1hy evropsk\u00fdch mocnost\u00ed. Tento syst\u00e9m byl schopen udr\u017eet jedno, dv\u011b nebo t\u0159i desetilet\u00ed na evropsk\u00e9m kontinent\u011b m\u00edr, ale zpravidla potom n\u00e1sledovala krize. Byl to syst\u00e9m, kter\u00fd byl nev\u00fdhodn\u00fd pro mal\u00e9 st\u00e1ty. Zm\u00edn\u00edm dva ilustrativn\u00ed p\u0159\u00edklady, kter\u00e9 se t\u00fdkaj\u00ed \u010cesk\u00e9 republiky.<\/p>\n<p style=\"text-align: justify;\">P\u0159\u00edklad prv\u00fd &#8211; Mnichov 1938. Evropsk\u00e9 mocnosti rozhoduj\u00ed o \u010ceskoslovensku, o&nbsp;jeho rozd\u011blen\u00ed, proto\u017ee \u010ceskoslovensko je pova\u017eov\u00e1no za st\u00e1t druh\u00e9 kategorie, za nesv\u00e9pr\u00e1vn\u00fd st\u00e1t a nen\u00ed dovoleno z\u00e1stupc\u016fm \u010ceskoslovenska \u00fa\u010dastnit se jedn\u00e1n\u00ed o jeho osudu.<\/p>\n<p style=\"text-align: justify;\">Syst\u00e9m evropsk\u00e9 rovnov\u00e1hy velmoc\u00ed nakonec p\u0159erostl v nov\u00fd syst\u00e9m po druh\u00e9 sv\u011btov\u00e9 v\u00e1lce &#8211; v syst\u00e9m soupe\u0159en\u00ed dvou supervelmoc\u00ed. Nez\u016fstalo t\u00e9m\u011b\u0159 \u017e\u00e1dn\u00e9 m\u00edsto mezi nimi. Evropskou bezpe\u010dnost posledn\u00edch desetilet\u00ed ovlivnila Jaltsk\u00e1 konference z&nbsp;po\u010d\u00e1tku roku 1945, kde se pokou\u0161ely z\u00e1padn\u00ed spojeneck\u00e9 st\u00e1ty z\u00edskat d\u016fv\u011bru SSSR za cenu \u00fastupk\u016f. Se Stalinem se projedn\u00e1valo rozd\u011blen\u00ed N\u011bmecka, u\u010dinily se tajn\u00e9 dohody, mimo jin\u00e9 o Spole\u010dnosti n\u00e1rod\u016f, a vlastn\u011b do\u0161lo k rozd\u011blen\u00ed evropsk\u00e9ho kontinentu, vytvo\u0159ily se sf\u00e9ry vlivu, kter\u00e9 pot\u00e9 trvaly cel\u00e1 desetilet\u00ed.<\/p>\n<p style=\"text-align: justify;\">Pokusy o p\u0159ekon\u00e1n\u00ed syst\u00e9mu velmocensk\u00e9ho d\u011blen\u00ed Evropy n\u00e1sledovaly v&nbsp;pov\u00e1le\u010dn\u00e9m obdob\u00ed. Jedn\u00edm z t\u011bchto pokus\u016f bylo vytvo\u0159en\u00ed Evropsk\u00e9 unie, druh\u00fdm pokusem, jak p\u0159ekonat evropsk\u00e9 historick\u00e9 probl\u00e9my, byl vznik NATO. Nebojme se p\u0159iznat, \u017ee ob\u011b dv\u011b instituce vznikaly tv\u00e1\u0159\u00ed v tv\u00e1\u0159 spole\u010dn\u00e9mu nep\u0159\u00edteli &#8211; totalitn\u00edmu bloku st\u00e1t\u016f s nebezpe\u010dnou marxisticko-leninskou komunistickou ideologi\u00ed, kter\u00e1 se zakl\u00e1dala na t\u0159\u00eddn\u00edm u\u010den\u00ed o nesmi\u0159iteln\u00e9m boji, v n\u011bm\u017e jedna vyvolen\u00e1 t\u0159\u00edda, tentokr\u00e1t bez modr\u00e9 krve, ale naopak hrd\u011b se hl\u00e1s\u00edc\u00ed k rud\u00e9 krvi, m\u011bla zaji\u0161t\u011bno vl\u00e1dnouc\u00ed postaven\u00ed v \u00fastav\u011b. \u0160lo o \u00faplnou likvidaci politick\u00fdch protivn\u00edk\u016f, \u0161lo o devastaci celkov\u00e9 kultury.<\/p>\n<p style=\"text-align: justify;\">P\u0159\u00edklad druh\u00fd &#8211; rok 1968, kdy velmoci a evropsk\u00e9 mocnosti ti\u0161e souhlas\u00ed s t\u00edm, \u017ee Var\u0161avsk\u00e1 smlouva provede vojensk\u00fd z\u00e1krok v \u010ceskoslovensku, proto\u017ee \u010ceskoslovensko m\u00e1 jenom omezenou suverenitu v r\u00e1mci komunistick\u00e9ho bloku a v r\u00e1mci Var\u0161avsk\u00e9 smlouvy, a proces, ke kter\u00e9mu se tehdej\u0161\u00ed \u010ceskoslovensko rozhodlo, je zastaven.<\/p>\n<p style=\"text-align: justify;\">Cel\u00fd tento syst\u00e9m se za\u010dal hroutit v roce 1989 po \u0159ad\u011b odzbrojovac\u00edch jedn\u00e1n\u00ed a 10. listopadu <span style=\"color: #808080;\">(oprava: omylem jsem uvedl nespr\u00e1vn\u00e9 datum, summit se konal 2.12.1989)<\/span>, t\u00fdden p\u0159ed na\u0161imi listopadov\u00fdmi ud\u00e1lostmi, se konalo rokov\u00e1n\u00ed mezi prezidentem Gorba\u010dovem a prezidentem Bushem na lodi na Malt\u011b. Obsah t\u011bchto jedn\u00e1n\u00ed je dodnes tak trochu zahalen mlhami, kter\u00e9 se tehdy vzn\u00e1\u0161ely nad rozbou\u0159en\u00fdm mo\u0159em.<\/p>\n<p style=\"text-align: justify;\">Rozpad komunistick\u00e9ho bloku ve v\u00fdchodn\u00ed Evrop\u011b na p\u0159elomu 80. a 90. let postavil Severoatlantickou alianci p\u0159ed z\u00e1sadn\u00ed probl\u00e9m: jak upravit vztahy k dosavadn\u00edm protivn\u00edk\u016fm, kte\u0159\u00ed prakticky p\u0159es noc za\u010dali vyzn\u00e1vat stejn\u00e9 hodnoty jako demokratick\u00e9 z\u00e1padoevropsk\u00e9 st\u00e1ty.<\/p>\n<p style=\"text-align: justify;\">Tehdy v z\u00e1\u0159\u00ed roku 1990 se u n\u00e1s poprv\u00e9 objevuje my\u0161lenka, politick\u00fd program, orientovat na\u0161i bezpe\u010dnost na NATO. V p\u0159edchoz\u00ed \u00e9\u0159e bylo star\u00e9 nukle\u00e1rn\u00ed ohro\u017een\u00ed zalo\u017eeno na tis\u00edc\u00edch bojov\u00fdch hlavic v Sov\u011btsk\u00e9m svazu. Proti tomu byl na Z\u00e1pad\u011b vytvo\u0159en cel\u00fd obrann\u00fd apar\u00e1t. Po rozpadu bipol\u00e1rn\u00edho rozd\u011blen\u00ed sv\u011bta se objevuje transformovan\u00e9 riziko &#8211; proliferace t\u011bchto zbran\u00ed, vznik teroristick\u00fdch st\u00e1t\u016f nebo teroristick\u00fdch organizac\u00ed, kter\u00e9 mohou disponovat zbran\u011bmi hromadn\u00e9ho ni\u010den\u00ed. Doslova najdeme v textech, kter\u00e9 tehdy v r\u00e1mci toho vznikaly, slova o tom, \u017ee star\u00e1 teologie a star\u00e9 vybaven\u00ed vytvo\u0159en\u00e9 pro star\u00e9 nebezpe\u010d\u00ed jsou pro nov\u00e9 nebezpe\u010d\u00ed nepou\u017eiteln\u00e9. Z\u00e1rove\u0148 je pot\u0159eba vytvo\u0159it nov\u00e9 vybaven\u00ed, ale tak\u00e9 nov\u00fd zp\u016fsob, jak se na to d\u00edvat.<\/p>\n<p style=\"text-align: justify;\">Neuplynuly ani dva roky a p\u0159ich\u00e1z\u00ed rok 1993, kdy doch\u00e1z\u00ed k dal\u0161\u00edmu zlomu. NATO u\u017e m\u00e1 za sebou vznik nov\u00e9 doktr\u00edny z \u0159\u00edmsk\u00e9ho summitu a v l\u00e9t\u011b 1993 se st\u00e1le je\u0161t\u011b o\u010dek\u00e1v\u00e1, \u017ee se NATO bude plynule roz\u0161i\u0159ovat do st\u0159edn\u00ed Evropy. V \u0159\u00edjnu v Trawem\u00fcnde se kon\u00e1 summit NATO, kde se st\u00e1le je\u0161t\u011b po\u010d\u00edt\u00e1 s t\u00edm, \u017ee by mohly b\u00fdt pozv\u00e1ny k \u010dlenstv\u00ed v NATO st\u0159edoevropsk\u00e9 zem\u011b, a tehdy se uva\u017eovalo je\u0161t\u011b o \u0161esti zem\u00edch. Tehdy tam bylo tak\u00e9 Slovensko.<\/p>\n<p style=\"text-align: justify;\">P\u0159i n\u00e1v\u0161t\u011bv\u011b Var\u0161avy a Prahy v l\u00e9t\u011b 1993 nazna\u010dil prezident Boris Jelcin, \u017ee Rusko nebude m\u00edt n\u00e1mitky proti zapojen\u00ed t\u011bchto zem\u00ed do z\u00e1padn\u00edch vojensk\u00fdch struktur. Ji\u017e v z\u00e1\u0159\u00ed t\u00e9ho\u017e roku v dopise adresovan\u00e9m Francii, Brit\u00e1nii, N\u011bmecku a USA roz\u0161\u00ed\u0159en\u00ed NATO na v\u00fdchod Evropy odm\u00edtl. Navrhl, aby bezpe\u010dnost v t\u00e9to oblasti Evropy byla garantov\u00e1na spole\u010dn\u011b ze strany NATO a Ruska. Jelcin se pokusil o\u017eivit koncept omezen\u00e9 suverenity, koncept rozd\u011blen\u00ed velmocensk\u00fdch sf\u00e9r z\u00e1jm\u016f. P\u0159i t\u00e9 p\u0159\u00edle\u017eitosti neposlal \u010desk\u00e9 vl\u00e1d\u011b ani kopii dopisu, kter\u00fd se bytostn\u011b dot\u00fdkal na\u0161ich z\u00e1jm\u016f.<\/p>\n<p style=\"text-align: justify;\">V t\u00e9 dob\u011b ov\u0161em my\u0161lenka na roz\u0161\u00ed\u0159en\u00ed NATO narazila i na tvrd\u00fd odpor na Z\u00e1pad\u011b. Tehdy se uv\u00e1d\u00ed jako argument proti roz\u0161\u00ed\u0159en\u00ed NATO mo\u017enost v\u00edt\u011bzstv\u00ed postkomunistick\u00fdch sil, obdobn\u011b jako se to tehdy stalo v Polsku. Tehdy tak\u00e9 republik\u00e1nsk\u00fd prezidentsk\u00fd kandid\u00e1t Buchanan ve Washington Times uv\u00e1d\u00ed: <em>\u201eSpojen\u00e9 st\u00e1ty nemohou a nesm\u00ed d\u00e1t z\u00e1ruky Polsku a dal\u0161\u00edm v\u00fdchodoevropsk\u00fdm zem\u00edm, \u017ee by \u0161ly do v\u00e1lky kv\u016fli jejich v\u00fdchodn\u00edm hranic\u00edm.\u201c<\/em> Hovo\u0159\u00ed se tehdy o zav\u00edr\u00e1n\u00ed dve\u0159\u00ed sm\u011brem na v\u00fdchod a o st\u0159edn\u00ed Evrop\u011b se p\u00ed\u0161e, \u017ee se ocit\u00e1 znova v n\u00e1ru\u010d\u00ed Borisov\u011b. Andrej Kozyrev uv\u00e1d\u00ed, \u017ee existuj\u00ed nevyhnuteln\u00e9 rozpory mezi Ruskem a Z\u00e1padem. Zat\u00edmco Z\u00e1pad nen\u00ed ochoten poskytnout pomoc, Kozyrev pomoc jm\u00e9nem Rusk\u00e9 federace nab\u00edz\u00ed. Z\u00e1rove\u0148 se v rusk\u00e9m tisku objevuj\u00ed \u00fasm\u011bvn\u00e9 koment\u00e1\u0159e, kter\u00e9 s trochou \u0161kodolibosti popisuj\u00ed zabouchnut\u00ed dve\u0159\u00ed a \u0159\u00edkaj\u00ed, \u017ee NATO argumentuje t\u011bmi sam\u00fdmi argumenty rusk\u00e9 hrozby, kter\u00e9 ve sv\u00e9 podstat\u011b jsou d\u016fvodem, pro\u010d st\u0159edoevropsk\u00e9 zem\u011b \u017e\u00e1daj\u00ed o vstup do NATO.<\/p>\n<p style=\"text-align: justify;\">V t\u00e9 dob\u011b v \u0159\u00edjnu 1993 nam\u00edsto roz\u0161\u00ed\u0159en\u00ed NATO, o kter\u00e9m se uva\u017eovalo, vznikla iniciativa Partnerstv\u00ed pro m\u00edr jako do\u010dasn\u00fd stabiliza\u010dn\u00ed projekt, kter\u00fd se ale k velk\u00e9mu p\u0159ekvapen\u00ed nakonec osv\u011bd\u010dil, i kdy\u017e odlo\u017eil roz\u0161i\u0159ov\u00e1n\u00ed NATO na \u010dty\u0159i roky.&nbsp;<\/p>\n<p style=\"text-align: justify;\">V roce 1997 v Madridu doch\u00e1z\u00ed op\u011bt k z\u00e1sadn\u00edm rozprav\u00e1m o roz\u0161i\u0159ov\u00e1n\u00ed NATO. Francie si klade podm\u00ednku, \u017ee do NATO mus\u00ed b\u00fdt p\u0159izv\u00e1no tak\u00e9 Rumunsko a Slovinsko a z\u00e1rove\u0148 si klade podm\u00ednku, \u017ee mus\u00ed b\u00fdt p\u0159ed\u00e1no velen\u00ed ji\u017en\u00edho evropsk\u00e9ho k\u0159\u00eddla NATO do rukou evropsk\u00e9ho velitele. Z\u00e1rove\u0148 v l\u00e9t\u011b 1997 doch\u00e1z\u00ed k z\u00e1sadn\u00edmu sporu mezi n\u011bmeck\u00fdmi ministry Volkerem R\u00fchem a ministrem zahrani\u010d\u00ed Kinklem. Zat\u00edmco Volker R\u00fche jako ministr obrany z\u00e1sadn\u011b prosazuje roz\u0161\u00ed\u0159en\u00ed NATO, ministr Kinkel je v t\u00e9to v\u011bci mnohem skepti\u010dt\u011bj\u0161\u00ed. Mo\u017en\u00e1, \u017ee je\u0161t\u011b dodnes se zcela jednozna\u010dn\u011b nevyj\u00e1d\u0159il. Je\u0161t\u011b v Madridu nazna\u010doval, \u017ee nen\u00ed zcela jasno v tom, kter\u00e9 zem\u011b by m\u011bly b\u00fdt pozv\u00e1ny a jak vlastn\u011b roz\u0161i\u0159ov\u00e1n\u00ed NATO dopadne.<\/p>\n<p style=\"text-align: justify;\">Co je vlastn\u011b podstatou sporu o tom, zda se NATO m\u00e1, nebo nem\u00e1 roz\u0161i\u0159ovat? Jde o to, zda v Evrop\u011b vznikne, nebo nevznikne nov\u00e1 hranice rozd\u011blen\u00ed. Je skute\u010dn\u011b projekt roz\u0161i\u0159ov\u00e1n\u00ed NATO z madridsk\u00e9ho summitu, tak jak jej prezentuje prezident Clinton, vyv\u00e1\u017een\u00fdm \u0159e\u0161en\u00edm pro evropsk\u00fd kontinent? Mnohokr\u00e1t bylo uvedeno, \u017ee roz\u0161i\u0159ov\u00e1n\u00ed NATO je proces, nikoliv jednor\u00e1zov\u00fd akt. Ot\u00e1zkou ale je, kam tento proces sm\u011b\u0159uje. Nov\u00fd bezpe\u010dnostn\u00ed syst\u00e9m v Evrop\u011b a nov\u00e1 bezpe\u010dnostn\u00ed architektura nebyla dosud vytvo\u0159ena. Rusko bylo na summitu v NATO p\u0159izv\u00e1no k strategick\u00e9mu partnerstv\u00ed s NATO.<\/p>\n<p style=\"text-align: justify;\">Dnes ji\u017e najdeme v textech americk\u00e9 ministryn\u011b zahrani\u010d\u00ed slova ne o strategick\u00e9m partnerstv\u00ed, ale o historick\u00e9m partnerstv\u00ed. Podobn\u00e9 partnerstv\u00ed bylo uzav\u0159eno tak\u00e9 s Ukrajinou. Dostalo Rusko p\u0159\u00edli\u0161 mnoho, nebo p\u0159\u00edli\u0161 m\u00e1lo p\u0159i jedn\u00e1n\u00ed v Madridu? Kritika zazn\u00edv\u00e1 z obou stran. Rusko dodnes neratifikovalo smlouvy Start II a Start III. Rusov\u00e9 dodnes nesplnili slib, ke kter\u00e9mu se zav\u00e1zali v roce 1991, o sn\u00ed\u017een\u00ed jadern\u00fdch taktick\u00fdch zbran\u00ed. Je mo\u017en\u00e9 europeizovat Rusko, nebo je to nemo\u017en\u00e9? 14. kv\u011btna p\u0159ed madridsk\u00fdm summitem poslanec Lukin ve st\u00e1tn\u00ed dum\u011b uv\u00e1d\u00ed: <em>\u201eV\u0161echny t\u0159i st\u00e1ty b\u00fdval\u00e9ho sov\u011btsk\u00e9ho Pobalt\u00ed se mus\u00ed p\u0159\u00e1telit s Ruskem, jinak pro n\u011b NATO z\u016fstane uzav\u0159eno.\u201c<\/em> Jsou znovu obnoveny sf\u00e9ry vlivu? Dokonce p\u0159edseda zahrani\u010dn\u00edho v\u00fdboru dumy argumentuje: Nikdo nem\u016f\u017ee Rusku zak\u00e1zat rozmis\u0165ov\u00e1n\u00ed jadern\u00fdch zbran\u00ed, bude-li se c\u00edtit ohro\u017een. Je\u0161t\u011b pozd\u011bji prohl\u00e1sil guvern\u00e9r Kaliningradu Leonin Grobenko &#8211; cituji doslova:<em> \u201ePobalt\u00ed parazituje s drzost\u00ed nejvy\u0161\u0161\u00edho stupn\u011b a n\u011bkdy a\u017e agresivn\u011b na Rusku, kdy\u017e bezohledn\u011b chr\u00e1n\u00ed sv\u00e9 n\u00e1rodn\u00ed z\u00e1jmy, ani\u017e by bralo ohled na n\u00e1rodn\u00ed z\u00e1jmy Ruska.\u201c<\/em> Co je jednomu dovoleno, je druh\u00e9mu zak\u00e1z\u00e1no.<\/p>\n<p style=\"text-align: center;\"><span style=\"color: #008080;\"><strong> Arm\u00e1da \u010cesk\u00e9 republiky<\/strong><\/span><\/p>\n<p style=\"text-align: justify;\">N\u011bkolik slov o Arm\u00e1d\u011b \u010cesk\u00e9 republiky. U\u017e zde zazn\u011bly p\u0159ipom\u00ednky k&nbsp;p\u0159ipravenosti \u010desk\u00e9 arm\u00e1dy ke vstupu do NATO. Tu\u0161\u00edme, \u017ee stav nen\u00ed uspokojiv\u00fd. Najdeme \u010dl\u00e1nky, kter\u00e9 hovo\u0159\u00ed o tom, \u017ee civiln\u00ed kontrola arm\u00e1dy byla sice form\u00e1ln\u011b provedena, ale z\u016fstala na povrchu, nebyla d\u016fsledn\u011b zavedena do cel\u00e9ho syst\u00e9mu arm\u00e1dy, nen\u00ed zakotvena v na\u0161\u00ed legislativ\u011b. P\u00ed\u0161e se o tom, \u017ee \u010cesk\u00e1 republika a&nbsp;Ma\u010farsko nejsou po vojensk\u00e9 str\u00e1nce p\u0159ipraveny, nejsou zcela zp\u016fsobil\u00e9. St\u00e1le se na nich objevuj\u00ed d\u016fsledky po desetilet\u00ed vnucen\u00e9 pod\u0159\u00edzenosti v\u016f\u010di sov\u011btsk\u00e9mu velen\u00ed. To v\u0161e znamen\u00e1, \u017ee na\u0161e ozbrojen\u00e9 s\u00edly mus\u00ed proj\u00edt radik\u00e1ln\u00ed reformou. Bude to mimo\u0159\u00e1dn\u011b obt\u00ed\u017en\u00e9 a \u010cesk\u00e1 republika se ocit\u00e1 v situaci, kdy nem\u00e1 dostate\u010dnou legislativu pro tyto zm\u011bny.<\/p>\n<p style=\"text-align: justify;\">Tehdej\u0161\u00ed ministr Hol\u00e1\u0148 p\u0159edlo\u017eil n\u00e1vrh \u00fastavn\u00edho z\u00e1kona, ale nakonec na jeho prosazen\u00ed rezignoval. Nyn\u00ed m\u00e1me zpo\u017ed\u011bn\u00ed a dopl\u00e1c\u00edme na tehdej\u0161\u00ed liknavost. Legislativn\u011b zdatn\u011bj\u0161\u00ed ministr obrany V\u00fdborn\u00fd posunul v\u00fdznamn\u011b legislativu v brann\u00e9 oblasti, ale dodnes p\u0159i projedn\u00e1v\u00e1n\u00ed t\u00e9to legislativy nar\u00e1\u017e\u00edme na nevyjasn\u011bnou koncepci cel\u00e9 obrany zem\u011b. Dodnes nen\u00ed jasn\u00e9, jak\u00e9 je postaven\u00ed prezidenta a vl\u00e1dy v tomto cel\u00e9m \u00fastavn\u00edm syst\u00e9mu. Pokud \u010dek\u00e1 \u010cesk\u00e1 republika jako \u0161\u00edpkov\u00e1 R\u016f\u017eenka, \u017ee p\u0159ijde princ, kter\u00fd ji z\u00e1zra\u010dn\u011b zachr\u00e1n\u00ed, pak t\u00edm princem nen\u00ed NATO. Svou arm\u00e1du, svou \u0161\u00edpkovou R\u016f\u017eenku si mus\u00edme probudit sami a iniciativa mus\u00ed vzej\u00edt z Poslaneck\u00e9 sn\u011bmovny Parlamentu. Dodnes chyb\u00ed z\u00e1kladn\u00ed koncep\u010dn\u00ed dokumenty, kter\u00e9 by pro\u0161ly ve\u0159ejnou debatou tak, aby byla zaji\u0161t\u011bna v\u0161eobecn\u00e1 podpora.<\/p>\n<p style=\"text-align: justify;\">Nem\u00e1me-li zm\u00edn\u011bn\u00e9 dokumenty, nem\u016f\u017ee se s nimi na\u0161e ve\u0159ejnost ani ztoto\u017enit. V&nbsp;tom je probl\u00e9m skeptick\u00e9ho pohledu \u010desk\u00e9 ve\u0159ejnosti k bezpe\u010dnostn\u00ed problematice \u010cesk\u00e9 republiky. Obrana zem\u011b v\u017edy souvis\u00ed s koncepc\u00ed n\u00e1roda.<\/p>\n<p style=\"text-align: justify;\">M\u00e1me sice jednotky v m\u00edrov\u00fdch mis\u00edch, jeden prapor vyslan\u00fd s velik\u00fdm \u00fasil\u00edm na \u00fakor ostatn\u00edho vojska, kter\u00e9 t\u00edm trp\u00ed, ale to nen\u00ed vzorek na\u0161\u00ed arm\u00e1dy, jsou to najat\u00ed dobrovoln\u00edci. M\u00e1me letectvo, kter\u00e9 je pov\u011bstn\u00e9 sv\u00fdm nep\u0159\u00edli\u0161 dobr\u00fdm stavem. Na\u0161e arm\u00e1da m\u00e1 v\u00edce probl\u00e9m\u016f sama se sebou ne\u017e s bezpe\u010dnost\u00ed zem\u011b.<\/p>\n<p style=\"text-align: justify;\">Jen pro p\u0159edstavu, na\u0161e arm\u00e1da je schopna reagovat v z\u00e1sad\u011b v pr\u016fb\u011bhu n\u011bkolika t\u00fddn\u016f na novou bezpe\u010dnostn\u00ed situaci. V NATO se vy\u017eaduje nasazen\u00ed do dvou dn\u016f mimo hranice vlastn\u00edho \u00fazem\u00ed. Jsem p\u0159esv\u011bd\u010den, \u017ee na\u0161e arm\u00e1da bude muset zv\u00fd\u0161it p\u0159ipravenost a s\u00edlu jednotek okam\u017eit\u00e9ho nasazen\u00ed. Tajemstv\u00ed \u00fasp\u011b\u0161n\u00e9 obrany spo\u010d\u00edv\u00e1 v tom, \u017ee ve spr\u00e1vn\u00e9m \u010dase mus\u00edme na spr\u00e1vn\u00e9m m\u00edst\u011b m\u00edt spr\u00e1vnou vojenskou s\u00edlu.<\/p>\n<p style=\"text-align: justify;\">Z\u00e1rove\u0148 s reformou na\u0161ich ozbrojen\u00fdch sil by m\u011bl prob\u00edhat proces, kter\u00e9mu se \u0159\u00edk\u00e1 <em>nation building<\/em>, vytv\u00e1\u0159en\u00ed n\u00e1rodn\u00edho sebev\u011bdom\u00ed. Star\u00e1 \u010desk\u00e1 antimilitaristick\u00e1 tradice, kter\u00e1 nen\u00ed pacifismem, st\u00e1le poznamen\u00e1v\u00e1 na\u0161e my\u0161len\u00ed. Neseme si trauma z roku 1938 a z roku 1968. Z\u016fstali jsme bez pomoci. P\u0159ed n\u00e1mi le\u017e\u00ed \u00fakol p\u0159ekonat toto trauma.<\/p>\n<p style=\"text-align: justify;\">Nebojme se \u0159\u00edci, \u017ee chceme z\u00e1rove\u0148 se vstupem do NATO vyhl\u00e1sit program, na jeho\u017e z\u00e1klad\u011b se p\u0159ihl\u00e1s\u00edme k t\u011bm druh\u00fdm tradic\u00edm na\u0161ich ozbrojen\u00fdch sil &#8211; k&nbsp;\u010deskoslovensk\u00fdm legi\u00edm, k dom\u00e1c\u00edmu i zahrani\u010dn\u00edmu odboji za druh\u00e9 sv\u011btov\u00e9 v\u00e1lky, k programu uv\u011bdom\u011bl\u00e9 odpov\u011bdnosti za vlastn\u00ed bezpe\u010dnost.<\/p>\n<p style=\"text-align: justify;\">D\u00e1my a p\u00e1nov\u00e9, <span style=\"color: #008080;\">svoboda nen\u00ed zadarmo<\/span>. Za svobodu se mus\u00ed platit. P\u0159\u00edm\u00e9 n\u00e1klady byly ji\u017e v dne\u0161n\u00ed rozprav\u011b uvedeny. Pro mne p\u0159edstavuj\u00ed p\u0159ijatelnou cenu. O\u010dek\u00e1v\u00e1m ale, \u017ee za tyto pen\u00edze n\u00e1m bude arm\u00e1da poskytovat p\u0159im\u011b\u0159en\u00e9 slu\u017eby.<\/p>\n<p style=\"text-align: center;\"><span style=\"color: #008080;\"><strong> N\u00e1rodn\u00ed z\u00e1jmy a rizika<\/strong><\/span><\/p>\n<p style=\"text-align: justify;\">N\u011bkolik pozn\u00e1mek o z\u00e1jmech a rizic\u00edch. O\u010dek\u00e1val jsem, \u017ee n\u00e1m vl\u00e1da p\u0159edlo\u017e\u00ed anal\u00fdzu rizik, kter\u00e1 \u010cesk\u00e9 republice hroz\u00ed. Byla by k tomu dnes vhodn\u00e1 p\u0159\u00edle\u017eitost. Bylo by nam\u00edst\u011b, aby n\u00e1s vl\u00e1da sezn\u00e1mila s t\u00edm, jak\u00e9 s\u00edly hodl\u00e1 nasadit a jak\u00fdm zp\u016fsobem k eliminaci t\u011bchto rizik. Na\u0161e ve\u0159ejnost m\u00e1 pr\u00e1vo ud\u011blat si obr\u00e1zek o tom, na jak\u00e9 situace se na\u0161e arm\u00e1da p\u0159ipravuje a s jakou rol\u00ed na\u0161\u00ed arm\u00e1dy m\u00e1 po\u010d\u00edtat. Je na\u0161e arm\u00e1da p\u0159ipravena nap\u0159. na tzv. <em>urban war<\/em>, na tzv. v\u00e1lku ve m\u011bst\u011b, ani\u017e by po\u0161kodila budovy, ani\u017e by zbyte\u010dn\u011b po\u0161kodila civiln\u00ed obyvatelstvo? Nev\u00edm. Mysl\u00edm si, \u017ee na\u0161e ve\u0159ejnost by si zaslou\u017eila, aby byla o t\u011bchto v\u011bcech informov\u00e1na.<\/p>\n<p style=\"text-align: justify;\">Z\u00e1rove\u0148 bychom m\u011bli v\u011bd\u011bt, jak se na\u0161e bezpe\u010dnostn\u00ed rizika zm\u011bn\u00ed vstupem do aliance. N\u011bkter\u00e1 rizika se zmen\u0161\u00ed a jin\u00e1 rizika se zv\u011bt\u0161\u00ed. I o tom by na\u0161e ve\u0159ejnost m\u011bla v\u011bd\u011bt. P\u0159edpokl\u00e1d\u00e1m, \u017ee toto vl\u00e1da u\u010din\u00ed v r\u00e1mci jedn\u00e1n\u00ed ve v\u00fdborech, a bude-li to nutn\u00e9, v\u011b\u0159\u00edm, \u017ee se tak stane na uzav\u0159en\u00fdch jedn\u00e1n\u00edch v\u00fdbor\u016f, nep\u016fjde-li to u\u010dinit zcela ve\u0159ejn\u011b. O\u010dek\u00e1v\u00e1m v\u0161ak naprosto otev\u0159en\u00fd p\u0159\u00edstup t\u00e9to vl\u00e1dy. Zaml\u017euj\u00edc\u00ed v\u0161eobecn\u00e9 projevy jsou hazardov\u00e1n\u00edm. Pros\u00edm vl\u00e1dn\u00ed koalici, aby se nad t\u00edm zamyslela. Je pravd\u011bpodobn\u00e9, \u017ee to nikoho neovlivn\u00ed. Obstrukce budou nad\u00e1le d\u011blat ti, kdo je d\u011blat cht\u011bj\u00ed, ale poctiv\u00fd p\u0159\u00edstup vl\u00e1dy by byl investic\u00ed do na\u0161eho n\u00e1rodn\u00edho sebev\u011bdom\u00ed, do vlastn\u00ed identity a suverenity. Vl\u00e1da by m\u011bla pootev\u0159\u00edt z\u00e1suvky pracovn\u00edch stol\u016f a tyto informace sd\u011blit sn\u011bmovn\u011b.<\/p>\n<p style=\"text-align: center;\"><span style=\"color: #008080;\"><strong> NATO<\/strong><\/span><\/p>\n<p style=\"text-align: justify;\">Nakonec uvedu d\u016fvod, pro\u010d si mysl\u00edm, \u017ee bychom m\u011bli vstoupit do NATO. Pokud provedeme anal\u00fdzu bezpe\u010dnostn\u00edch rizik, zjist\u00edme, \u017ee na\u0161e bezpe\u010dnostn\u00ed rizika jsou identick\u00e1 s riziky na\u0161ich z\u00e1padn\u00edch soused\u016f. To je d\u016fvod, pro\u010d bychom m\u011bli uzav\u0159\u00edt alianci. Na\u0161e \u017eivotn\u00ed z\u00e1jmy, nez\u00e1vislost \u010cesk\u00e9 republiky a fungov\u00e1n\u00ed st\u00e1tu jsou ohro\u017eov\u00e1ny stejn\u00fdmi riziky, jako je tomu v p\u0159\u00edpad\u011b N\u011bmecka, Brit\u00e1nie, Francie, USA.<\/p>\n<p style=\"text-align: justify;\">O\u010dek\u00e1v\u00e1m v t\u00e9to v\u011bci odpov\u011bdn\u011bj\u0161\u00ed p\u0159\u00edstup vl\u00e1dy v debat\u011b o t\u011bchto dokumentech, kter\u00e9 p\u0159edpokl\u00e1d\u00e1m, \u017ee n\u00e1m vl\u00e1da brzy p\u0159edlo\u017e\u00ed. <span style=\"color: #008080;\">Jakou tv\u00e1\u0159 bude m\u00edt NATO v 21. stolet\u00ed, do jak\u00e9ho NATO vlastn\u011b vstupujeme?<\/span> <span style=\"color: #008080;\">Prom\u011b\u0148uje se kolektivn\u00ed obrana?<\/span> Z\u016fst\u00e1v\u00e1 kolektivn\u00ed obrana z\u00e1kladn\u00ed dimenz\u00ed NATO? <span style=\"color: #008080;\">Z\u016fst\u00e1v\u00e1<\/span>, ale <span style=\"color: #008080;\">v NATO je nejpodstatn\u011bj\u0161\u00ed spole\u010dn\u00fd duch, kultura jedn\u00e1n\u00ed, ur\u010dit\u00e1 filozofie, nebo &#8211; jak jsem citoval &#8211; teologie, zp\u016fsob uva\u017eov\u00e1n\u00ed, zp\u016fsob \u0159e\u0161en\u00ed konflikt\u016f, zp\u016fsob obhajov\u00e1n\u00ed demokratick\u00fdch hodnot.<\/span><\/p>\n<p style=\"text-align: justify;\">\u00dato\u010dn\u00e1 Var\u0161avsk\u00e1 smlouva, s n\u00ed\u017e m\u00e1me z r. 1968 vlastn\u00ed zku\u0161enost, zcela historicky zklamala. Nyn\u00ed se \u010cesk\u00e9 republice nab\u00edz\u00ed, aby zasedla u jednac\u00edho stolu, kde se bude \u0159e\u0161it problematika evropsk\u00e9 bezpe\u010dnosti, a u tohoto stolu plat\u00ed princip \u00fapln\u00e9ho konsenzu, u tohoto stolu se n\u00e1zory mal\u00fdch st\u00e1t\u016f poslouchaj\u00ed.<\/p>\n<p style=\"text-align: center;\">&#8211; &#8211; &#8211;<\/p>\n<p style=\"text-align: justify;\"><strong><span style=\"color: #ff0000;\">Vzhledem k tomu, \u017ee u n\u011bkter\u00fdch p\u0159\u00edsp\u011bvk\u016f na str\u00e1nk\u00e1ch Sn\u011bmovny n\u011bkdo znemo\u017enil p\u0159echod od jedn\u00e9 str\u00e1nky k n\u00e1sleduj\u00edc\u00ed (funguje jenom p\u0159echod zp\u011bt), \u010d\u00edm\u017e v podstat\u011b znemo\u017enil \u010dten\u00ed stenoprotokolu, uv\u00e1d\u00edm zde kompletn\u00ed text a odkazy na jednotliv\u00e9 str\u00e1nky.<\/span>&nbsp;<\/strong><\/p>\n<p>Sn\u011bmovn\u00ed tisk 384 <span style=\"color: #008080;\"><a style=\"color: #008080;\" href=\"https:\/\/www.psp.cz\/eknih\/1996ps\/tisky\/t038400.htm\">https:\/\/www.psp.cz\/eknih\/1996ps\/tisky\/t038400.htm<\/a><\/span><\/p>\n<p>P\u0159ehled projedn\u00e1v\u00e1n\u00ed: <span style=\"color: #008080;\"><a style=\"color: #008080;\" href=\"https:\/\/www.psp.cz\/sqw\/historie.sqw?o=2&amp;t=384\">https:\/\/www.psp.cz\/sqw\/historie.sqw?o=2&amp;t=384<\/a><\/span><\/p>\n<p>Payne &#8211; vystoupen\u00ed je na t\u0159ech str\u00e1nk\u00e1ch:<\/p>\n<p><span style=\"color: #008080;\"><a style=\"color: #008080;\" href=\"https:\/\/www.psp.cz\/eknih\/1996ps\/stenprot\/020schuz\/s020219.htm\">https:\/\/www.psp.cz\/eknih\/1996ps\/stenprot\/020schuz\/s020219.htm<\/a><\/span><\/p>\n<p><span style=\"color: #008080;\"><a style=\"color: #008080;\" href=\"https:\/\/www.psp.cz\/eknih\/1996ps\/stenprot\/020schuz\/s020220.htm\">https:\/\/www.psp.cz\/eknih\/1996ps\/stenprot\/020schuz\/s020220.htm<\/a><\/span><\/p>\n<p><span style=\"color: #008080;\"><a style=\"color: #008080;\" href=\"https:\/\/www.psp.cz\/eknih\/1996ps\/stenprot\/020schuz\/s020221.htm\">https:\/\/www.psp.cz\/eknih\/1996ps\/stenprot\/020schuz\/s020221.htm<\/a><\/span><\/p>\n<p><a href=\"http:\/\/www.payne.cz\/WP15\/wp-content\/uploads\/Bez-nazvu.jpg\"><img loading=\"lazy\" decoding=\"async\" class=\"size-full wp-image-2005 aligncenter\" src=\"http:\/\/www.payne.cz\/WP15\/wp-content\/uploads\/Bez-nazvu.jpg\" alt=\"\" width=\"327\" height=\"327\" srcset=\"https:\/\/www.payne.cz\/WP15\/wp-content\/uploads\/Bez-nazvu.jpg 327w, https:\/\/www.payne.cz\/WP15\/wp-content\/uploads\/Bez-nazvu-300x300.jpg 300w, https:\/\/www.payne.cz\/WP15\/wp-content\/uploads\/Bez-nazvu-150x150.jpg 150w\" sizes=\"auto, (max-width: 327px) 100vw, 327px\" \/><\/a><\/p>\n<p>&nbsp;<\/p>\n","protected":false},"excerpt":{"rendered":"<p>Projev v&nbsp;Poslaneck\u00e9 sn\u011bmovn\u011b k&nbsp;prvn\u00edmu \u010dten\u00ed smlouvy o p\u0159\u00edstupu \u010cesk\u00e9 republiky k&nbsp;Severoatlantick\u00e9 smlouv\u011b sjednan\u00e9 ve Washingtonu dne 4. dubna 1949&nbsp; 11.2.1998 Pane p\u0159edsedaj\u00edc\u00ed, pane p\u0159edsedo vl\u00e1dy, d\u00e1my a p\u00e1nov\u00e9, r\u00e1d bych&#8230; <a class=\"read-more-button\" href=\"https:\/\/www.payne.cz\/WP15\/projev-k-prvnimu-cteni-washingtonske-smlouve\/\">\u010c\u00edst v\u00edce &gt;<\/a><\/p>\n","protected":false},"author":2,"featured_media":0,"comment_status":"closed","ping_status":"closed","sticky":false,"template":"","format":"standard","meta":{"ngg_post_thumbnail":0,"_monsterinsights_skip_tracking":false,"_monsterinsights_sitenote_active":false,"_monsterinsights_sitenote_note":"","_monsterinsights_sitenote_category":0,"footnotes":""},"categories":[3],"tags":[],"class_list":["post-1998","post","type-post","status-publish","format-standard","hentry","category-clanky"],"_links":{"self":[{"href":"https:\/\/www.payne.cz\/WP15\/wp-json\/wp\/v2\/posts\/1998","targetHints":{"allow":["GET"]}}],"collection":[{"href":"https:\/\/www.payne.cz\/WP15\/wp-json\/wp\/v2\/posts"}],"about":[{"href":"https:\/\/www.payne.cz\/WP15\/wp-json\/wp\/v2\/types\/post"}],"author":[{"embeddable":true,"href":"https:\/\/www.payne.cz\/WP15\/wp-json\/wp\/v2\/users\/2"}],"replies":[{"embeddable":true,"href":"https:\/\/www.payne.cz\/WP15\/wp-json\/wp\/v2\/comments?post=1998"}],"version-history":[{"count":7,"href":"https:\/\/www.payne.cz\/WP15\/wp-json\/wp\/v2\/posts\/1998\/revisions"}],"predecessor-version":[{"id":2009,"href":"https:\/\/www.payne.cz\/WP15\/wp-json\/wp\/v2\/posts\/1998\/revisions\/2009"}],"wp:attachment":[{"href":"https:\/\/www.payne.cz\/WP15\/wp-json\/wp\/v2\/media?parent=1998"}],"wp:term":[{"taxonomy":"category","embeddable":true,"href":"https:\/\/www.payne.cz\/WP15\/wp-json\/wp\/v2\/categories?post=1998"},{"taxonomy":"post_tag","embeddable":true,"href":"https:\/\/www.payne.cz\/WP15\/wp-json\/wp\/v2\/tags?post=1998"}],"curies":[{"name":"wp","href":"https:\/\/api.w.org\/{rel}","templated":true}]}}