{"id":1974,"date":"2020-10-28T18:08:47","date_gmt":"2020-10-28T17:08:47","guid":{"rendered":"http:\/\/www.payne.cz\/WP15\/?p=1974"},"modified":"2020-10-28T18:08:50","modified_gmt":"2020-10-28T17:08:50","slug":"proletarske-pravo-otevrene-prohlasuje-ze-usiluje-o-likvidaci-nepratelskych-trid","status":"publish","type":"post","link":"https:\/\/www.payne.cz\/WP15\/proletarske-pravo-otevrene-prohlasuje-ze-usiluje-o-likvidaci-nepratelskych-trid\/","title":{"rendered":"Prolet\u00e1\u0159sk\u00e9 pr\u00e1vo otev\u0159en\u011b prohla\u0161uje, \u017ee usiluje o likvidaci nep\u0159\u00e1telsk\u00fdch t\u0159\u00edd"},"content":{"rendered":"\n<p><a href=\"https:\/\/www.payne.cz\/WP15\/wp-admin\/edit.php?post_type=post\"><\/a><\/p>\n\n\n\n<div style=\"text-align: right;\"><span style=\"color: #008080;\">23.1.2020<\/span><\/div>\n<div>&nbsp;<\/div>\n<div class=\"opener\" style=\"text-align: justify;\">V souvislosti s kauzou pan\u00ed V\u00e1lkov\u00e9 je mysl\u00edm pot\u0159ebn\u00e9 znovu p\u0159ipomenout n\u011bkolik cit\u00e1t\u016f, kter\u00e9 ukazuj\u00ed pravou podstatu socialistick\u00e9ho pr\u00e1va a komunistick\u00e9 ideologie. Sou\u010dasnou vl\u00e1du podporuje KS\u010cM a \u010cSSD, ve kter\u00e9 byl Ji\u010d\u00ednsk\u00fd.&nbsp;<\/div>\n<div>&nbsp;<\/div>\n<div id=\"art-text\" class=\"text\">\n<p style=\"text-align: justify;\">Zden\u011bk Ji\u010d\u00ednsk\u00fd, Z\u00e1klady teorie st\u00e1tu a pr\u00e1va, 1954, Kapitola 6 &#8211; Mechanismus socialistick\u00e9ho st\u00e1tu: <em>\u201eZ\u00e1kladn\u00ed rozd\u00edl v t\u0159\u00eddn\u00ed podstat\u011b bur\u017eoazn\u00edho st\u00e1tu povolan\u00e9ho k udr\u017eov\u00e1n\u00ed panstv\u00ed bur\u017eoazie, k potla\u010dov\u00e1n\u00ed d\u011blnick\u00e9 t\u0159\u00eddy a pracuj\u00edc\u00edch mas a st\u00e1tu socialistick\u00e9ho, jeho\u017e \u010dinnost sm\u011b\u0159uje k likvidaci vyko\u0159is\u0165ovatelsk\u00fdch t\u0159\u00edd, ur\u010duje i zcela jin\u00fd vztah proletari\u00e1tu k existuj\u00edc\u00edmu st\u00e1tn\u00edmu apar\u00e1tu. Bur\u017eoazie v bur\u017eoazn\u00ed revoluci neni\u010d\u00ed star\u00fd st\u00e1tn\u00ed apar\u00e1t, ale p\u0159ej\u00edm\u00e1 jej, p\u0159izp\u016fsobuje nov\u00fdm c\u00edl\u016fm a \u00fakol\u016fm a d\u00e1le jej posiluje. Proletari\u00e1t nem\u016f\u017ee p\u0159evz\u00edt bur\u017eoazn\u00ed st\u00e1tn\u00ed apar\u00e1t, ale mus\u00ed jej rozb\u00edt, zni\u010dit a na jeho trosk\u00e1ch vybudovat st\u00e1tn\u00ed apar\u00e1t zcela nov\u00fd.\u201c<\/em><\/p>\n<p><a href=\"http:\/\/www.payne.cz\/WP15\/wp-content\/uploads\/Jicinsky.jpg\"><img loading=\"lazy\" decoding=\"async\" class=\"alignright size-medium wp-image-1972\" src=\"http:\/\/www.payne.cz\/WP15\/wp-content\/uploads\/Jicinsky-204x300.jpg\" alt=\"\" width=\"204\" height=\"300\" srcset=\"https:\/\/www.payne.cz\/WP15\/wp-content\/uploads\/Jicinsky-204x300.jpg 204w, https:\/\/www.payne.cz\/WP15\/wp-content\/uploads\/Jicinsky-698x1024.jpg 698w, https:\/\/www.payne.cz\/WP15\/wp-content\/uploads\/Jicinsky-768x1127.jpg 768w, https:\/\/www.payne.cz\/WP15\/wp-content\/uploads\/Jicinsky-1046x1536.jpg 1046w, https:\/\/www.payne.cz\/WP15\/wp-content\/uploads\/Jicinsky-1395x2048.jpg 1395w, https:\/\/www.payne.cz\/WP15\/wp-content\/uploads\/Jicinsky-980x1439.jpg 980w, https:\/\/www.payne.cz\/WP15\/wp-content\/uploads\/Jicinsky.jpg 1635w\" sizes=\"auto, (max-width: 204px) 100vw, 204px\" \/><\/a><\/p>\n<p style=\"text-align: justify;\">Zden\u011bk Ji\u010d\u00ednsk\u00fd, Socialistick\u00e9 pr\u00e1vo a z\u00e1konnost v lidov\u011b demokratick\u00e9m \u010ceskoslovensku, vydalo Rud\u00e9 pr\u00e1vo 1956: <em>\u201eProletari\u00e1t, kter\u00fd svrhuje politickou moc bur\u017eoazie, kter\u00fd v revoluci rozb\u00edj\u00ed starou st\u00e1tn\u00ed ma\u0161in\u00e9rii, aby na jej\u00edch ruin\u00e1ch vybudoval prolet\u00e1\u0159sk\u00fd st\u00e1tn\u00ed apar\u00e1t, odstra\u0148uje z\u00e1rove\u0148 star\u00e9 bur\u017eoazn\u00ed pr\u00e1vo. To je p\u0159\u00edmo historick\u00e1 nutnost socialistick\u00e9 revoluce. V\u017edy\u0165 bur\u017eoazn\u00ed pr\u00e1vo vyjad\u0159ovalo v\u016fli kapitalist\u016f, slou\u017eilo jim v ochran\u011b jejich soukrom\u00e9ho vlastnictv\u00ed v\u00fdrobn\u00edch prost\u0159edk\u016f, k potla\u010dov\u00e1n\u00ed a vyko\u0159is\u0165ov\u00e1n\u00ed pracuj\u00edc\u00edch. Proto mus\u00ed d\u011blnick\u00e1 t\u0159\u00edda zru\u0161it bur\u017eoazn\u00ed pr\u00e1vo a vytvo\u0159it vlastn\u00ed socialistick\u00e9 pr\u00e1vo.\u201c<\/em><\/p>\n<p style=\"text-align: justify;\">Zden\u011bk Ji\u010d\u00ednsk\u00fd, Z\u00e1klady teorie st\u00e1tu a pr\u00e1va z roku 1954: <em>\u201ePravicov\u00ed socialist\u00e9 typu Bernsteina, Kauck\u00e9ho tyto d\u016fle\u017eit\u00e9 pom\u016fcky marxismu p\u0159ekrucovali a fal\u0161ovali ve snaze oklamat proletari\u00e1t, namluvit mu, \u017ee m\u016f\u017ee dosp\u011bt k socialismu v r\u00e1mci bur\u017eoazn\u00ed demokracie a parlamentarismu, \u017ee nemus\u00ed ni\u010dit bur\u017eoazn\u00ed parlamentarismus a s n\u00edm spojenou soustavu podvod\u016f a l\u017ei, ale \u017ee si m\u016f\u017ee ve st\u00e1tn\u00edm apar\u00e1tu postupn\u011b vybudovat jednotliv\u00e9 pozice a ovl\u00e1dnout tak cel\u00fd st\u00e1t.\u201c<\/em><\/p>\n<p style=\"text-align: justify;\">Zden\u011bk Ji\u010d\u00ednsk\u00fd, Z\u00e1klady teorie st\u00e1tu a pr\u00e1va, 1954: <em>\u201e\u00dakolem N\u00e1rodn\u00ed fronty, kdy\u017e pokusy o kontrarevolu\u010dn\u00ed zvrat byly zma\u0159eny, a bur\u017eoazie byla zbavena ve\u0161ker\u00e9 politick\u00e9 moci, bylo a je znemo\u017enit jak\u00e9koliv pokusy o obnoven\u00ed kapitalismu a v\u00e9st pracuj\u00edc\u00ed k budov\u00e1n\u00ed socialismu. M\u00e1 zabr\u00e1nit, aby do \u017e\u00e1dn\u00e9 organizace nepronikly nep\u0159\u00e1telsk\u00e9 reak\u010dn\u00ed \u017eivly a zajistit, \u017ee v\u0161echny organizace se budou aktivn\u011b pod\u00edlet na uskute\u010d\u0148ov\u00e1n\u00ed politiky stanoven\u00e9 vedouc\u00ed silou N\u00e1rodn\u00ed fronty komunistickou stranou ve v\u00fdstavb\u011b socialismu.\u201c<\/em><\/p>\n<p style=\"text-align: justify;\">Zden\u011bk Ji\u010d\u00ednsk\u00fd, Z\u00e1klady teorie st\u00e1tu a pr\u00e1va, 1954: <em>\u201eSoud potla\u010duje nep\u0159\u00e1tele lidu, p\u0159\u00edsn\u011b trest\u00e1 v prv\u00e9 \u0159ad\u011b ty, kdo\u017e se pokou\u0161ej\u00ed rozvracet sov\u011btsk\u00e9 st\u00e1tn\u00ed a spole\u010densk\u00e9 z\u0159\u00edzen\u00ed, socialistick\u00e9 vlastnictv\u00ed, socialistick\u00fd hospod\u00e1\u0159sk\u00fd syst\u00e9m. Aby soud plnil spr\u00e1vn\u011b sv\u00e9 \u00fakoly, aby spravedliv\u011b rozhodoval, mus\u00ed soudcov\u00e9 b\u00fdt nejen \u010destn\u00ed, ale mus\u00ed b\u00fdt prodchnuti socialistick\u00fdm pr\u00e1vn\u00edm v\u011bdom\u00edm. Bur\u017eoazn\u00ed pr\u00e1vo zvl\u00e1\u0161t\u011b v bur\u017eoazn\u011b demokratick\u00fdch st\u00e1tech pro svou t\u0159\u00eddn\u00ed podstatu, je nutn\u011b pokryteck\u00e9. Tomu je uzp\u016fsobena l\u017eiv\u00e1 licom\u011brn\u00e1 forma pr\u00e1vn\u00edch p\u0159edpis\u016f.\u201c<\/em><\/p>\n<p style=\"text-align: justify;\">Zden\u011bk Ji\u010d\u00ednsk\u00fd, Socialistick\u00e9 pr\u00e1vo a z\u00e1konnost v lidov\u011b demokratick\u00e9m \u010ceskoslovensku, 1956: <em>\u201eBur\u017eoazn\u00ed pr\u00e1vo a s n\u00edm i licom\u011brn\u00e1 zvet\u0161el\u00e1 bur\u017eoazn\u00ed ideologie o nadt\u0159\u00eddn\u00edm pr\u00e1vu je odklizena na smeti\u0161t\u011b d\u011bjin prolet\u00e1\u0159skou revoluc\u00ed, v n\u00ed\u017e se vytv\u00e1\u0159\u00ed nov\u00e9 revolu\u010dn\u00ed prolet\u00e1\u0159sk\u00e9 pr\u00e1vo, kter\u00e9 otev\u0159en\u011b prohla\u0161uje, \u017ee je pr\u00e1vem prolet\u00e1\u0159sk\u00fdm usiluj\u00edc\u00edm o likvidaci nep\u0159\u00e1telsk\u00fdch t\u0159\u00edd.\u201c<\/em><\/p>\n<p style=\"text-align: justify;\">Zden\u011bk Ji\u010d\u00ednsk\u00fd, Socialistick\u00e9 pr\u00e1vo a z\u00e1konnost v lidov\u011b demokratick\u00e9m \u010ceskoslovensku, 1956: <em>\u201eVl\u00e1dnouc\u00ed d\u011blnick\u00e1 t\u0159\u00edda odn\u00edm\u00e1 pomoc\u00ed socialistick\u00e9ho pr\u00e1va nep\u0159\u00e1telsk\u00fdm element\u016fm r\u016fzn\u00e1 politick\u00e1 pr\u00e1va a svobody, kter\u00fdch by mohly vyu\u017e\u00edvat k p\u016fsoben\u00ed na pracuj\u00edc\u00ed vrstvy, k boji proti socialismu. Zbytky svr\u017een\u00e9 bur\u017eoazie jsou zbaveny mo\u017enosti leg\u00e1ln\u011b politicky p\u016fsobit, je j\u00edm zak\u00e1z\u00e1no se politicky organizovat, konat sch\u016fze, vyd\u00e1vat vlastn\u00ed tisk, apod. Socialistick\u00e9 pr\u00e1vo otev\u0159en\u011b prohla\u0161uje, \u017ee politick\u00e1 pr\u00e1va a svobody slou\u017e\u00ed pracuj\u00edc\u00edm a nikoliv bur\u017eoazii. Dod\u00e1v\u00e1, \u017ee nikdo nesm\u00ed zneu\u017e\u00edvat ob\u010dansk\u00fdch pr\u00e1v ke \u0161kod\u011b celku.\u201c<\/em><\/p>\n<p style=\"text-align: justify;\">Marx-Engels, N\u011bmeck\u00e1 ideologie, Svoboda, 1952, str. 66: <em>\u201eMarx a Engels ji\u017e ve \u010dty\u0159ic\u00e1t\u00fdch letech minul\u00e9ho stolet\u00ed ukazovali, \u017ee soukrom\u00e9 vlastnictv\u00ed, kolem kter\u00e9ho se to\u010d\u00ed cel\u00e9 bur\u017eoazn\u00ed pr\u00e1vo, br\u00e1n\u00ed dal\u0161\u00edmu rozvoji v\u00fdrobn\u00edch sil, \u017ee je jejich okovem.\u201c<\/em><\/p>\n<p style=\"text-align: justify;\">Lenin, Spisy, svazek 39 vyd\u00e1no rusky, t\u0159et\u00ed vyd\u00e1n\u00ed, str. 419: <em>\u201eLenin \u0159\u00edk\u00e1: My nic soukrom\u00e9ho neuzn\u00e1v\u00e1me, pro n\u00e1s v\u0161e v oblasti hospod\u00e1\u0159stv\u00ed je ve\u0159ejnopr\u00e1vn\u00ed a ne soukrom\u00e9. Z toho vypl\u00fdv\u00e1 nutnost roz\u0161\u00ed\u0159it pou\u017e\u00edv\u00e1n\u00ed st\u00e1tn\u00edho z\u00e1sahu do soukromopr\u00e1vn\u00edch vztah\u016f, roz\u0161\u00ed\u0159it pr\u00e1vo st\u00e1tu, ru\u0161it soukrom\u00e9 smlouvy, pou\u017e\u00edvat na ob\u010dansko pr\u00e1vn\u00ed pom\u011bry nikoliv corpus iuris romanies, n\u00fdbr\u017e na\u0161e revolu\u010dn\u00ed pr\u00e1vn\u00ed v\u011bdom\u00ed.\u201c Profesor Ji\u010d\u00ednsk\u00fd k tomuto cit\u00e1tu Lenina dod\u00e1v\u00e1: \u201eTyto d\u016fle\u017eit\u00e9 Leninovy pokyny byly vod\u00edtkem p\u0159i vytv\u00e1\u0159en\u00ed sov\u011btsk\u00e9ho pr\u00e1va, zvl\u00e1\u0161t\u011b ob\u010dansk\u00e9ho z\u00e1kon\u00edku a nutn\u011b jsou obsa\u017eeny tak\u00e9 v na\u0161em pr\u00e1vu.\u201c<\/em><\/p>\n<p style=\"text-align: justify;\">Zden\u011bk Ji\u010d\u00ednsk\u00fd, Socialistick\u00e9 pr\u00e1vo a z\u00e1konnost v lidov\u011b demokratick\u00e9m \u010ceskoslovensku, 1956: <em>\u201eRovn\u011b\u017e v \u010cSR banda zr\u00e1dc\u016f seskupen\u00e1 kolem Sl\u00e1nsk\u00e9ho, i kdy\u017e si celkem nevytvo\u0159ila zvl\u00e1\u0161tn\u00ed teoretick\u00e9 od\u016fvodn\u011bn\u00ed, p\u011bstovala nihilistick\u00fd postoj k socialistick\u00e9mu pr\u00e1vu, k z\u00e1kon\u016fm lidov\u011b demokratick\u00e9ho st\u00e1tu.\u201c<\/em><\/p>\n<p style=\"text-align: justify;\">Zden\u011bk Ji\u010d\u00ednsk\u00fd, Socialistick\u00e9 pr\u00e1vo a z\u00e1konnost v lidov\u011b demokratick\u00e9m \u010ceskoslovensku, 1956: <em>\u201ePokryteck\u00fd bur\u017eoazn\u00ed filantropismus, kter\u00fd je druhou str\u00e1nkou bur\u017eoazn\u00edho amoralismu ospravedl\u0148uj\u00edc\u00edho o\u017eebra\u010dov\u00e1n\u00ed a vyko\u0159is\u0165ov\u00e1n\u00ed pracuj\u00edc\u00edch kapit\u00e1lem, j\u00edm\u017e h\u00fd\u0159\u00ed v\u0161ichni bur\u017eoazn\u00ed moralist\u00e9 opl\u00fdvaj\u00edc\u00ed fale\u0161n\u00fdm soucitem nad lidskou b\u00eddou a ne\u0161t\u011bst\u00edm, je nep\u0159ijateln\u00fd pro d\u011blnickou t\u0159\u00eddu. V\u017edy\u0165 tento filantropismus, plan\u00e9 m\u011b\u0161\u0165\u00e1ck\u00e9 humanit\u00e1\u0159stv\u00ed tak typick\u00e9 nap\u0159. pro Masaryka, Bene\u0161e a jim podobn\u00e9 apologety bur\u017eoazn\u00edho panstv\u00ed slou\u017eil jen k zv\u011b\u010dn\u011bn\u00ed n\u00e1mezdn\u00edho otroctv\u00ed kapit\u00e1lu a s n\u00edm spojen\u00e9 b\u00eddy a \u00fatisku.\u201c<\/em><\/p>\n<\/div>\n<p>Zdroj:&nbsp;<a href=\"https:\/\/payne.blog.idnes.cz\/blog.aspx?c=743160\">https:\/\/payne.blog.idnes.cz\/blog.aspx?c=743160<\/a><\/p>\n","protected":false},"excerpt":{"rendered":"<p>23.1.2020 &nbsp; V souvislosti s kauzou pan\u00ed V\u00e1lkov\u00e9 je mysl\u00edm pot\u0159ebn\u00e9 znovu p\u0159ipomenout n\u011bkolik cit\u00e1t\u016f, kter\u00e9 ukazuj\u00ed pravou podstatu socialistick\u00e9ho pr\u00e1va a komunistick\u00e9 ideologie. Sou\u010dasnou vl\u00e1du podporuje KS\u010cM a \u010cSSD,&#8230; <a class=\"read-more-button\" href=\"https:\/\/www.payne.cz\/WP15\/proletarske-pravo-otevrene-prohlasuje-ze-usiluje-o-likvidaci-nepratelskych-trid\/\">\u010c\u00edst v\u00edce &gt;<\/a><\/p>\n","protected":false},"author":2,"featured_media":0,"comment_status":"closed","ping_status":"closed","sticky":false,"template":"","format":"standard","meta":{"ngg_post_thumbnail":0,"_monsterinsights_skip_tracking":false,"_monsterinsights_sitenote_active":false,"_monsterinsights_sitenote_note":"","_monsterinsights_sitenote_category":0,"footnotes":""},"categories":[3],"tags":[32,34,35,33,37,36,31],"class_list":["post-1974","post","type-post","status-publish","format-standard","hentry","category-clanky","tag-komunismus","tag-leninismus","tag-lidska-prava","tag-marxismus","tag-socialisticke-pravo","tag-totalita","tag-tridni-boj"],"_links":{"self":[{"href":"https:\/\/www.payne.cz\/WP15\/wp-json\/wp\/v2\/posts\/1974","targetHints":{"allow":["GET"]}}],"collection":[{"href":"https:\/\/www.payne.cz\/WP15\/wp-json\/wp\/v2\/posts"}],"about":[{"href":"https:\/\/www.payne.cz\/WP15\/wp-json\/wp\/v2\/types\/post"}],"author":[{"embeddable":true,"href":"https:\/\/www.payne.cz\/WP15\/wp-json\/wp\/v2\/users\/2"}],"replies":[{"embeddable":true,"href":"https:\/\/www.payne.cz\/WP15\/wp-json\/wp\/v2\/comments?post=1974"}],"version-history":[{"count":5,"href":"https:\/\/www.payne.cz\/WP15\/wp-json\/wp\/v2\/posts\/1974\/revisions"}],"predecessor-version":[{"id":1979,"href":"https:\/\/www.payne.cz\/WP15\/wp-json\/wp\/v2\/posts\/1974\/revisions\/1979"}],"wp:attachment":[{"href":"https:\/\/www.payne.cz\/WP15\/wp-json\/wp\/v2\/media?parent=1974"}],"wp:term":[{"taxonomy":"category","embeddable":true,"href":"https:\/\/www.payne.cz\/WP15\/wp-json\/wp\/v2\/categories?post=1974"},{"taxonomy":"post_tag","embeddable":true,"href":"https:\/\/www.payne.cz\/WP15\/wp-json\/wp\/v2\/tags?post=1974"}],"curies":[{"name":"wp","href":"https:\/\/api.w.org\/{rel}","templated":true}]}}