{"id":1961,"date":"2020-10-27T09:52:35","date_gmt":"2020-10-27T08:52:35","guid":{"rendered":"http:\/\/www.payne.cz\/WP15\/?p=1961"},"modified":"2020-10-28T15:27:30","modified_gmt":"2020-10-28T14:27:30","slug":"reakce-na-poslance-jicinskeho-v-diskusi-o-programovem-prohlaseni-vlady","status":"publish","type":"post","link":"https:\/\/www.payne.cz\/WP15\/reakce-na-poslance-jicinskeho-v-diskusi-o-programovem-prohlaseni-vlady\/","title":{"rendered":"Reakce na poslance Ji\u010d\u00ednsk\u00e9ho v diskusi o programov\u00e9m prohl\u00e1\u0161en\u00ed vl\u00e1dy"},"content":{"rendered":"\n<p style=\"background: white; margin: 0cm 0cm 12pt; text-align: right;\"><span style=\"font-size: 9pt; font-family: Arial, sans-serif; color: #008080;\">Poslaneck\u00e1 sn\u011bmovna 24.7.1996<\/span><\/p>\n<p style=\"background: white; margin: 0cm 0cm 12pt; text-align: justify;\"><b><span style=\"font-size: 9.0pt; font-family: 'Arial','sans-serif'; color: black;\">Poslanec Ji\u0159\u00ed Payne:<\/span><\/b><span style=\"font-size: 9.0pt; font-family: 'Arial','sans-serif'; color: black;\">&nbsp;Pane p\u0159edsedaj\u00edc\u00ed, v\u00e1\u017een\u00e9 kolegyn\u011b a kolegov\u00e9, v\u00e1\u017een\u00ed minist\u0159i, v dne\u0161n\u00ed dopoledn\u00ed rozprav\u011b v jednom z prvn\u00edch p\u0159\u00edsp\u011bvk\u016f zazn\u011bla kritika minul\u00e9 vl\u00e1dy s t\u00edm, \u017ee se zde jednalo o jak\u00fdsi demokratick\u00fd deficit. Nesouhlas\u00edm s t\u00edmto ozna\u010den\u00edm. Dovolte, abych na n\u011bkolika cit\u00e1tech dokumentoval deficit, kter\u00fd chv\u00e1la bohu je ji\u017e dnes za n\u00e1mi. Z\u00e1rove\u0148 si ud\u011bl\u00e1me obr\u00e1zek o tom, odkud a z jak\u00fdch pozic vych\u00e1z\u00ed kritika vl\u00e1dy.<a href=\"http:\/\/www.payne.cz\/WP15\/wp-content\/uploads\/Jicinsky.jpg\"><img loading=\"lazy\" decoding=\"async\" class=\"alignright size-medium wp-image-1972\" src=\"http:\/\/www.payne.cz\/WP15\/wp-content\/uploads\/Jicinsky-204x300.jpg\" alt=\"\" width=\"204\" height=\"300\" srcset=\"https:\/\/www.payne.cz\/WP15\/wp-content\/uploads\/Jicinsky-204x300.jpg 204w, https:\/\/www.payne.cz\/WP15\/wp-content\/uploads\/Jicinsky-698x1024.jpg 698w, https:\/\/www.payne.cz\/WP15\/wp-content\/uploads\/Jicinsky-768x1127.jpg 768w, https:\/\/www.payne.cz\/WP15\/wp-content\/uploads\/Jicinsky-1046x1536.jpg 1046w, https:\/\/www.payne.cz\/WP15\/wp-content\/uploads\/Jicinsky-1395x2048.jpg 1395w, https:\/\/www.payne.cz\/WP15\/wp-content\/uploads\/Jicinsky-980x1439.jpg 980w, https:\/\/www.payne.cz\/WP15\/wp-content\/uploads\/Jicinsky.jpg 1635w\" sizes=\"auto, (max-width: 204px) 100vw, 204px\" \/><\/a><\/span><\/p>\n<p style=\"background: white; margin: 0cm 0cm 12pt; text-align: justify;\"><span style=\"font-size: 9.0pt; font-family: 'Arial','sans-serif'; color: black;\">Cituji z knihy Z\u00e1klady teorie st\u00e1tu a pr\u00e1va, vydan\u00e9 v roce 1954. Autorem je Zden\u011bk Ji\u010d\u00ednsk\u00fd. Kapitola 6 &#8211; mechanismus socialistick\u00e9ho st\u00e1tu: &#8222;Z\u00e1kladn\u00ed rozd\u00edl v t\u0159\u00eddn\u00ed podstat\u011b bur\u017eoazn\u00edho st\u00e1tu povolan\u00e9ho k udr\u017eov\u00e1n\u00ed panstv\u00ed bur\u017eoazie, k potla\u010dov\u00e1n\u00ed d\u011blnick\u00e9 t\u0159\u00eddy a pracuj\u00edc\u00edch mas a st\u00e1tu socialistick\u00e9ho, jeho\u017e \u010dinnost sm\u011b\u0159uje k likvidaci vyko\u0159is\u0165ovatelsk\u00fdch t\u0159\u00edd, ur\u010duje i zcela jin\u00fd vztah proletari\u00e1tu k existuj\u00edc\u00edmu st\u00e1tn\u00edmu apar\u00e1tu. Bur\u017eoazie v bur\u017eoazn\u00ed revoluci neni\u010d\u00ed star\u00fd st\u00e1tn\u00ed apar\u00e1t, ale p\u0159ej\u00edm\u00e1 jej, p\u0159izp\u016fsobuje nov\u00fdm c\u00edl\u016fm a \u00fakol\u016fm a d\u00e1le jej posiluje. Proletari\u00e1t nem\u016f\u017ee p\u0159evz\u00edt bur\u017eoazn\u00ed st\u00e1tn\u00ed apar\u00e1t, ale mus\u00ed jej rozb\u00edt, zni\u010dit a na jeho trosk\u00e1ch vybudovat st\u00e1tn\u00ed apar\u00e1t zcela nov\u00fd.&#8220;<\/span><\/p>\n<p style=\"background: white; margin: 0cm 0cm 12pt; text-align: justify;\"><span style=\"font-size: 9.0pt; font-family: 'Arial','sans-serif'; color: black;\">D\u00e1le cituji z knihy Socialistick\u00e9 pr\u00e1vo a z\u00e1konnost v lidov\u011b demokratick\u00e9m \u010ceskoslovensku, vydalo Rud\u00e9 pr\u00e1vo v roce 1956, autorem kapitoly &#8222;socialistick\u00e9 pr\u00e1vo a jeho hlavn\u00ed rysy&#8220; je op\u011bt Zden\u011bk Ji\u010d\u00ednsk\u00fd: &#8222;Proletari\u00e1t, kter\u00fd svrhuje politickou moc bur\u017eoazie, kter\u00fd v revoluci rozb\u00edj\u00ed starou st\u00e1tn\u00ed ma\u0161in\u00e9rii, aby na jej\u00edch ruin\u00e1ch vybudoval prolet\u00e1\u0159sk\u00fd st\u00e1tn\u00ed apar\u00e1t, odstra\u0148uje z\u00e1rove\u0148 star\u00e9 bur\u017eoazn\u00ed pr\u00e1vo. To je p\u0159\u00edmo historick\u00e1 nutnost socialistick\u00e9 revoluce. V\u017edy\u0165 bur\u017eoazn\u00ed pr\u00e1vo vyjad\u0159ovalo v\u016fli kapitalist\u016f, slou\u017eilo jim v ochran\u011b jejich soukrom\u00e9ho vlastnictv\u00ed v\u00fdrobn\u00edch prost\u0159edk\u016f, k potla\u010dov\u00e1n\u00ed a vyko\u0159is\u0165ov\u00e1n\u00ed pracuj\u00edc\u00edch. Proto mus\u00ed d\u011blnick\u00e1 t\u0159\u00edda zru\u0161it bur\u017eoazn\u00ed pr\u00e1vo a vytvo\u0159it vlastn\u00ed socialistick\u00e9 pr\u00e1vo.<\/span><\/p>\n<p style=\"background: white; margin: 0cm 0cm 12pt; text-align: justify;\"><span style=\"font-size: 9.0pt; font-family: 'Arial','sans-serif'; color: black;\">D\u00e1le cituji op\u011bt z knihy Z\u00e1klady teorie st\u00e1tu a pr\u00e1va z roku 1954: &#8222;Pravicov\u00ed socialist\u00e9 typu Bernsteina, Kauck\u00e9ho tyto d\u016fle\u017eit\u00e9 pom\u016fcky marxismu p\u0159ekrucovali a fal\u0161ovali ve snaze oklamat proletari\u00e1t, namluvit mu, \u017ee m\u016f\u017ee dosp\u011bt k socialismu v r\u00e1mci bur\u017eoazn\u00ed demokracie a parlamentarismu, \u017ee nemus\u00ed ni\u010dit bur\u017eoazn\u00ed parlamentarismus a s n\u00edm spojenou soustavu podvod\u016f a l\u017ei, ale \u017ee si m\u016f\u017ee ve st\u00e1tn\u00edm apar\u00e1tu postupn\u011b vybudovat jednotliv\u00e9 pozice a ovl\u00e1dnout tak cel\u00fd st\u00e1t.&#8220;<\/span><\/p>\n<p style=\"background: white; margin: 0cm 0cm 12pt; text-align: justify;\"><span style=\"font-size: 9.0pt; font-family: 'Arial','sans-serif'; color: black;\">D\u00e1le cituji op\u011bt z t\u00e9to knihy Z\u00e1klady teorie st\u00e1tu a pr\u00e1va:<\/span><\/p>\n<p style=\"background: white; margin: 0cm 0cm 12pt; text-align: justify;\"><span style=\"font-size: 9.0pt; font-family: 'Arial','sans-serif'; color: black;\">&#8222;\u00dakolem N\u00e1rodn\u00ed fronty, kdy\u017e pokusy o kontrarevolu\u010dn\u00ed zvrat byly zma\u0159eny, a bur\u017eoazie byla zbavena ve\u0161ker\u00e9 politick\u00e9 moci, bylo a je znemo\u017enit jak\u00e9koliv pokusy o obnoven\u00ed kapitalismu a v\u00e9st pracuj\u00edc\u00ed k budov\u00e1n\u00ed socialismu. M\u00e1 zabr\u00e1nit, aby do \u017e\u00e1dn\u00e9 organizace nepronikly nep\u0159\u00e1telsk\u00e9 reak\u010dn\u00ed \u017eivly a zajistit, \u017ee v\u0161echny organizace se budou aktivn\u011b pod\u00edlet na uskute\u010d\u0148ov\u00e1n\u00ed politiky stanoven\u00e9 vedouc\u00ed silou N\u00e1rodn\u00ed fronty komunistickou stranou ve v\u00fdstavb\u011b socialismu.&#8220;<\/span><\/p>\n<p style=\"background: white; margin: 0cm 0cm 12pt; text-align: justify;\"><span style=\"font-size: 9.0pt; font-family: 'Arial','sans-serif'; color: black;\">Op\u011bt z t\u00e9to knihy: &#8222;Soud potla\u010duje nep\u0159\u00e1tele lidu, p\u0159\u00edsn\u011b trest\u00e1 v prv\u00e9 \u0159ad\u011b ty, kdo\u017e se pokou\u0161ej\u00ed rozvracet sov\u011btsk\u00e9 st\u00e1tn\u00ed a spole\u010densk\u00e9 z\u0159\u00edzen\u00ed, socialistick\u00e9 vlastnictv\u00ed, socialistick\u00fd hospod\u00e1\u0159sk\u00fd syst\u00e9m. Aby soud plnil spr\u00e1vn\u011b sv\u00e9 \u00fakoly, aby spravedliv\u011b rozhodoval, mus\u00ed soudcov\u00e9 b\u00fdt nejen \u010destn\u00ed, ale mus\u00ed b\u00fdt prodchnuti socialistick\u00fdm pr\u00e1vn\u00edm v\u011bdom\u00edm. Bur\u017eoazn\u00ed pr\u00e1vo zvl\u00e1\u0161t\u011b v bur\u017eoazn\u011b demokratick\u00fdch st\u00e1tech pro svou t\u0159\u00eddn\u00ed podstatu, je nutn\u011b pokryteck\u00e9. Tomu je uzp\u016fsobena l\u017eiv\u00e1 licom\u011brn\u00e1 forma pr\u00e1vn\u00edch p\u0159edpis\u016f.&#8220;<\/span><\/p>\n<p style=\"background: white; margin: 0cm 0cm 12pt; text-align: justify;\"><span style=\"font-size: 9.0pt; font-family: 'Arial','sans-serif'; color: black;\">Cituji z knihy Socialistick\u00e9 pr\u00e1vo a z\u00e1konnost v lidov\u011b demokratick\u00e9m \u010ceskoslovensku, tak i dal\u0161\u00ed cit\u00e1t: &#8222;Bur\u017eoazn\u00ed pr\u00e1vo a s n\u00edm i licom\u011brn\u00e1 zvet\u0161el\u00e1 bur\u017eoazn\u00ed ideologie o nadt\u0159\u00eddn\u00edm pr\u00e1vu je odklizena na smeti\u0161t\u011b d\u011bjin prolet\u00e1\u0159skou revoluc\u00ed, v n\u00ed\u017e se vytv\u00e1\u0159\u00ed nov\u00e9 revolu\u010dn\u00ed prolet\u00e1\u0159sk\u00e9 pr\u00e1vo, kter\u00e9 otev\u0159en\u011b prohla\u0161uje, \u017ee je pr\u00e1vem prolet\u00e1\u0159sk\u00fdm usiluj\u00edc\u00edm o likvidaci nep\u0159\u00e1telsk\u00fdch t\u0159\u00edd.&#8220;<\/span><\/p>\n<p style=\"background: white; margin: 0cm 0cm 12pt; text-align: justify;\"><span style=\"font-size: 9.0pt; font-family: 'Arial','sans-serif'; color: black;\">Op\u011bt z knihy Socialistick\u00e9 pr\u00e1vo a z\u00e1konnost v lidov\u011b demokratick\u00e9m \u010ceskoslovensku: &#8222;Vl\u00e1dnouc\u00ed d\u011blnick\u00e1 t\u0159\u00edda odn\u00edm\u00e1 pomoc\u00ed socialistick\u00e9ho pr\u00e1va nep\u0159\u00e1telsk\u00fdm element\u016fm r\u016fzn\u00e1 politick\u00e1 pr\u00e1va a svobody, kter\u00fdch by mohly vyu\u017e\u00edvat k p\u016fsoben\u00ed na pracuj\u00edc\u00ed vrstvy, k boji proti socialismu.&#8220; (Hluk v s\u00e1le, bouch\u00e1n\u00ed do lavic.)<\/span><\/p>\n<p style=\"background: white; margin: 0cm 0cm 12pt; text-align: justify;\"><span style=\"font-size: 9.0pt; font-family: 'Arial','sans-serif'; color: black;\">D\u011bkuji, pane p\u0159edsedaj\u00edc\u00ed. Jen zopakuji &#8211; \u0161lo o to, \u017ee mohou b\u00fdt potla\u010dena lidsk\u00e1 pr\u00e1va, politick\u00e1 pr\u00e1va a svobody, kter\u00fdch by mohly ty elementy vyu\u017e\u00edvat k p\u016fsoben\u00ed na pracuj\u00edc\u00ed vrstvy a k boji proti socialismu. To napsal prof. Ji\u010d\u00ednsk\u00fd v roce 1956. Pokra\u010duji d\u00e1l v cit\u00e1tu: &#8222;Zbytky svr\u017een\u00e9 bur\u017eoazie jsou zbaveny mo\u017enosti leg\u00e1ln\u011b politicky p\u016fsobit, je j\u00edm zak\u00e1z\u00e1no se politicky organizovat, konat sch\u016fze, vyd\u00e1vat vlastn\u00ed tisk, apod. Socialistick\u00e9 pr\u00e1vo otev\u0159en\u011b prohla\u0161uje, \u017ee politick\u00e1 pr\u00e1va a svobody slou\u017e\u00ed pracuj\u00edc\u00edm a nikoliv bur\u017eoazii. Dod\u00e1v\u00e1, \u017ee nikdo nesm\u00ed zneu\u017e\u00edvat ob\u010dansk\u00fdch pr\u00e1v ke \u0161kod\u011b celku.&#8220;<\/span><\/p>\n<p style=\"background: white; margin: 0cm 0cm 12pt; text-align: justify;\"><span style=\"font-size: 9.0pt; font-family: 'Arial','sans-serif'; color: black;\">Dokonce k tomu p\u0159ipisuje cit\u00e1t z publikace Marx-Engels:<\/span><\/p>\n<p style=\"background: white; margin: 0cm 0cm 12pt; text-align: justify;\"><span style=\"font-size: 9.0pt; font-family: 'Arial','sans-serif'; color: black;\">N\u011bmeck\u00e1 ideologie, kterou vydalo nakladatelstv\u00ed Svoboda v roce 1952, na str. 66 cituje: &#8222;Marx a Engels ji\u017e ve \u010dty\u0159ic\u00e1t\u00fdch letech minul\u00e9ho stolet\u00ed ukazovali, \u017ee soukrom\u00e9 vlastnictv\u00ed, kolem kter\u00e9ho se to\u010d\u00ed cel\u00e9 bur\u017eoazn\u00ed pr\u00e1vo, br\u00e1n\u00ed dal\u0161\u00edmu rozvoji v\u00fdrobn\u00edch sil, \u017ee je jejich okovem.&#8220;<\/span><\/p>\n<p style=\"background: white; margin: 0cm 0cm 12pt; text-align: justify;\"><span style=\"font-size: 9.0pt; font-family: 'Arial','sans-serif'; color: black;\">D\u00e1le tak\u00e9 cituje Lenina z publikace Lenin, Spisy, svazek 39 vyd\u00e1no rusky, t\u0159et\u00ed vyd\u00e1n\u00ed, str. 419: &#8222;Lenin \u0159\u00edk\u00e1: My nic soukrom\u00e9ho neuzn\u00e1v\u00e1me, pro n\u00e1s v\u0161e v oblasti hospod\u00e1\u0159stv\u00ed je ve\u0159ejnopr\u00e1vn\u00ed a ne soukrom\u00e9. Z toho vypl\u00fdv\u00e1 nutnost roz\u0161\u00ed\u0159it pou\u017e\u00edv\u00e1n\u00ed st\u00e1tn\u00edho z\u00e1sahu do soukromopr\u00e1vn\u00edch vztah\u016f, roz\u0161\u00ed\u0159it pr\u00e1vo st\u00e1tu, ru\u0161it soukrom\u00e9 smlouvy, pou\u017e\u00edvat na ob\u010dansko pr\u00e1vn\u00ed pom\u011bry nikoliv corpus iuris romanies, n\u00fdbr\u017e na\u0161e revolu\u010dn\u00ed pr\u00e1vn\u00ed v\u011bdom\u00ed.<\/span><\/p>\n<p style=\"background: white; margin: 0cm 0cm 12pt; text-align: justify;\"><span style=\"font-size: 9.0pt; font-family: 'Arial','sans-serif'; color: black;\">Profesor Ji\u010d\u00ednsk\u00fd k tomuto cit\u00e1tu Lenina dod\u00e1v\u00e1: Tyto d\u016fle\u017eit\u00e9 Leninovy pokyny byly vod\u00edtkem p\u0159i vytv\u00e1\u0159en\u00ed sov\u011btsk\u00e9ho pr\u00e1va, zvl\u00e1\u0161t\u011b ob\u010dansk\u00e9ho z\u00e1kon\u00edku a nutn\u011b jsou obsa\u017eeny tak\u00e9 v na\u0161em pr\u00e1vu.<\/span><\/p>\n<p style=\"background: white; margin: 0cm 0cm 12pt; text-align: justify;\"><span style=\"font-size: 9.0pt; font-family: 'Arial','sans-serif'; color: black;\">D\u00e1le cituje op\u011bt z knihy Socialistick\u00e9 pr\u00e1vo a z\u00e1konnost:<\/span><\/p>\n<p style=\"background: white; margin: 0cm 0cm 12pt; text-align: justify;\"><span style=\"font-size: 9.0pt; font-family: 'Arial','sans-serif'; color: black;\">Rovn\u011b\u017e v \u010cSR banda zr\u00e1dc\u016f seskupen\u00e1 kolem Sl\u00e1nsk\u00e9ho, i kdy\u017e si celkem nevytvo\u0159ila zvl\u00e1\u0161tn\u00ed teoretick\u00e9 od\u016fvodn\u011bn\u00ed, p\u011bstovala nihilistick\u00fd postoj k socialistick\u00e9mu pr\u00e1vu, k z\u00e1kon\u016fm lidov\u011b demokratick\u00e9ho st\u00e1tu.<\/span><\/p>\n<p style=\"background: white; margin: 0cm 0cm 12pt; text-align: justify;\"><span style=\"font-size: 9.0pt; font-family: 'Arial','sans-serif'; color: black;\">Posledn\u00ed cit\u00e1t op\u011bt z knihy Socialistick\u00e9 pr\u00e1vo a z\u00e1konnost:<\/span><\/p>\n<p style=\"background: white; margin: 0cm 0cm 12pt; text-align: justify;\"><span style=\"font-size: 9.0pt; font-family: 'Arial','sans-serif'; color: black;\">Pokryteck\u00fd bur\u017eoazn\u00ed filantropismus, kter\u00fd je druhou str\u00e1nkou bur\u017eoazn\u00edho amoralismu ospravedl\u0148uj\u00edc\u00edho o\u017eebra\u010dov\u00e1n\u00ed a vyko\u0159is\u0165ov\u00e1n\u00ed pracuj\u00edc\u00edch kapit\u00e1lem, j\u00edm\u017e h\u00fd\u0159\u00ed v\u0161ichni bur\u017eoazn\u00ed moralist\u00e9 opl\u00fdvaj\u00edc\u00ed fale\u0161n\u00fdm soucitem nad lidskou b\u00eddou a ne\u0161t\u011bst\u00edm, je nep\u0159ijateln\u00fd pro d\u011blnickou t\u0159\u00eddu. V\u017edy\u0165 tento filantropismus, plan\u00e9 m\u011b\u0161\u0165\u00e1ck\u00e9 humanit\u00e1\u0159stv\u00ed tak typick\u00e9 nap\u0159. pro Masaryka, Bene\u0161e a jim podobn\u00e9 apologety bur\u017eoazn\u00edho panstv\u00ed slou\u017eil jen k zv\u011b\u010dn\u011bn\u00ed n\u00e1mezdn\u00edho otroctv\u00ed kapit\u00e1lu a s n\u00edm spojen\u00e9 b\u00eddy a \u00fatisku. D\u011bkuji v\u00e1m. (Potlesk.)<\/span><\/p>\n<p><a href=\"http:\/\/www.psp.cz\/eknih\/1996ps\/stenprot\/003schuz\/s003011.htm#r21\"><span style=\"font-size: 9.0pt; font-family: 'Arial','sans-serif';\">http:\/\/www.psp.cz\/eknih\/1996ps\/stenprot\/003schuz\/s003011.htm#r21<\/span><\/a><\/p>\n<p>&nbsp;<\/p>\n","protected":false},"excerpt":{"rendered":"<p>Poslaneck\u00e1 sn\u011bmovna 24.7.1996 Poslanec Ji\u0159\u00ed Payne:&nbsp;Pane p\u0159edsedaj\u00edc\u00ed, v\u00e1\u017een\u00e9 kolegyn\u011b a kolegov\u00e9, v\u00e1\u017een\u00ed minist\u0159i, v dne\u0161n\u00ed dopoledn\u00ed rozprav\u011b v jednom z prvn\u00edch p\u0159\u00edsp\u011bvk\u016f zazn\u011bla kritika minul\u00e9 vl\u00e1dy s t\u00edm, \u017ee se&#8230; <a class=\"read-more-button\" href=\"https:\/\/www.payne.cz\/WP15\/reakce-na-poslance-jicinskeho-v-diskusi-o-programovem-prohlaseni-vlady\/\">\u010c\u00edst v\u00edce &gt;<\/a><\/p>\n","protected":false},"author":2,"featured_media":0,"comment_status":"closed","ping_status":"closed","sticky":false,"template":"","format":"standard","meta":{"ngg_post_thumbnail":0,"_monsterinsights_skip_tracking":false,"_monsterinsights_sitenote_active":false,"_monsterinsights_sitenote_note":"","_monsterinsights_sitenote_category":0,"footnotes":""},"categories":[3],"tags":[],"class_list":["post-1961","post","type-post","status-publish","format-standard","hentry","category-clanky"],"_links":{"self":[{"href":"https:\/\/www.payne.cz\/WP15\/wp-json\/wp\/v2\/posts\/1961","targetHints":{"allow":["GET"]}}],"collection":[{"href":"https:\/\/www.payne.cz\/WP15\/wp-json\/wp\/v2\/posts"}],"about":[{"href":"https:\/\/www.payne.cz\/WP15\/wp-json\/wp\/v2\/types\/post"}],"author":[{"embeddable":true,"href":"https:\/\/www.payne.cz\/WP15\/wp-json\/wp\/v2\/users\/2"}],"replies":[{"embeddable":true,"href":"https:\/\/www.payne.cz\/WP15\/wp-json\/wp\/v2\/comments?post=1961"}],"version-history":[{"count":8,"href":"https:\/\/www.payne.cz\/WP15\/wp-json\/wp\/v2\/posts\/1961\/revisions"}],"predecessor-version":[{"id":1973,"href":"https:\/\/www.payne.cz\/WP15\/wp-json\/wp\/v2\/posts\/1961\/revisions\/1973"}],"wp:attachment":[{"href":"https:\/\/www.payne.cz\/WP15\/wp-json\/wp\/v2\/media?parent=1961"}],"wp:term":[{"taxonomy":"category","embeddable":true,"href":"https:\/\/www.payne.cz\/WP15\/wp-json\/wp\/v2\/categories?post=1961"},{"taxonomy":"post_tag","embeddable":true,"href":"https:\/\/www.payne.cz\/WP15\/wp-json\/wp\/v2\/tags?post=1961"}],"curies":[{"name":"wp","href":"https:\/\/api.w.org\/{rel}","templated":true}]}}