{"id":1825,"date":"2019-06-04T11:22:51","date_gmt":"2019-06-04T10:22:51","guid":{"rendered":"http:\/\/www.payne.cz\/WP15\/?p=1825"},"modified":"2019-06-04T11:22:51","modified_gmt":"2019-06-04T10:22:51","slug":"politicke-prikazani-nebudes-lhat","status":"publish","type":"post","link":"https:\/\/www.payne.cz\/WP15\/politicke-prikazani-nebudes-lhat\/","title":{"rendered":"Politick\u00e9 p\u0159ik\u00e1z\u00e1n\u00ed: Nebude\u0161 lh\u00e1t."},"content":{"rendered":"<p style=\"text-align: right;\"><span style=\"color: #008080;\">4.6.2019<\/span><\/p>\n<p style=\"text-align: justify;\">Vedeme urputn\u00e9 debaty o tom, zda n\u00e1\u0161 syst\u00e9m p\u0159id\u011blov\u00e1n\u00ed dotac\u00ed je nepr\u016fst\u0159eln\u00fd, zda m\u00e1 Komise pr\u00e1vo zab\u00fdvat se na\u0161imi z\u00e1kony, zda v\u016fbec maj\u00ed existovat dotace, zda m\u00e1me \u010dekat, a\u017e Komise p\u0159edlo\u017e\u00ed definitivn\u00ed zpr\u00e1vu o st\u0159etu z\u00e1jm\u016f p\u00e1n\u011b premi\u00e9ra, zda m\u00e1me dobr\u00fd z\u00e1kon o st\u0159etu z\u00e1jm\u016f. Nebo dokonce n\u011bkte\u0159\u00ed p\u0159ihlouple tvrd\u00ed, \u017ee podle presumpce neviny m\u00e1me po\u010dkat, a\u017e rozhodne soud.\u00a0Jin\u00ed zase tvrd\u00ed, \u017ee se mus\u00ed zp\u0159\u00edsnit z\u00e1kony.<\/p>\n<p style=\"text-align: justify;\">U\u017e se o tom bav\u00edme roky, \u0159e\u0161ili jsme \u010cap\u00ed hn\u00edzdo, \u00fanos premi\u00e9rova syna a premi\u00e9rem zinscenovanou schizofrenii, korunov\u00e9 dluhopisy, st\u0159et z\u00e1jm\u016f, ovliv\u0148ov\u00e1n\u00ed m\u00e9di\u00ed, vyhro\u017eov\u00e1n\u00ed poslanci p\u0159es jeho matku. Mluv\u00ed se o nestandardn\u00edch postupech vy\u0161et\u0159ovatel\u016f, kter\u00e9 trvaj\u00ed podivuhodn\u011b dlouho (n\u011bkter\u00e9 v\u00fdslechy k \u010cap\u00edmu hn\u00edzdu se t\u00e1hnou roky), po vol\u00e1n\u00ed o pomoc p\u0159i \u00fanosu ob\u010dana ciz\u00edho st\u00e1tu Babi\u0161e juniora na\u0161e Policie neinformovala Slovensko a \u0160v\u00fdcarsko, aby s\u00a0nimi situaci \u0159e\u0161ila spole\u010dn\u011b. Prost\u011b d\u011bj\u00ed se v\u0161elijak\u00e9 podivnosti.<\/p>\n<p style=\"text-align: justify;\">Pro\u010d se n\u00e1m neda\u0159\u00ed prolomit toto zaklet\u00ed?<\/p>\n<p style=\"text-align: justify;\">Demokracie je zalo\u017een\u00e1 na f\u00e9rov\u00e9 sout\u011b\u017ei. Je jasn\u00e9, \u017ee ten, kdo nehraje f\u00e9rov\u011b, mus\u00ed b\u00fdt vylou\u010den ze hry. Je\u0161t\u011b citliv\u011bj\u0161\u00ed mus\u00edme b\u00fdt, pokud nehraje f\u00e9rov\u011b ten, kdo ovliv\u0148uje pravidla a m\u011bl by b\u00fdt garantem f\u00e9rovosti. M\u00e1me pr\u00e1vo trvat na tom, \u017ee p\u0159edsedou vl\u00e1dy sm\u00ed b\u00fdt pouze mor\u00e1ln\u011b bez\u00fahonn\u00fd \u010dlov\u011bk.<\/p>\n<p style=\"text-align: justify;\">V\u00a0Brit\u00e1nii maj\u00ed kr\u00e1lovskou <strong><em>Komisi pro standardy ve ve\u0159ejn\u00e9 sf\u00e9\u0159e<\/em><\/strong>, kter\u00e1 vydala etick\u00fd kodex, pov\u011bstn\u00fdch <strong><em>Sedm princip\u016f<\/em><\/strong>. Vztahuje se nejenom na \u010dleny vl\u00e1dy, ale na jak\u00e9koli volen\u00e9 politiky a na \u00fa\u0159edn\u00edky. Odstoupit mus\u00ed ka\u017ed\u00fd, u koho se uk\u00e1\u017ee, \u017ee jeho setrv\u00e1n\u00ed ve funkci \u010din\u00ed nev\u011brohodnou funkci samu, \u017ee zpochyb\u0148uje st\u00e1t, m\u011bsto nebo \u00fa\u0159ad.<\/p>\n<p style=\"text-align: justify;\">Pod\u00edvejme se na tyto <a href=\"http:\/\/www.public-standards.gov.uk\/\">principy<\/a>:<\/p>\n<ol style=\"text-align: justify;\">\n<li style=\"text-align: justify;\"><strong> Nezi\u0161tnost<\/strong> Nositel\u00e9 ve\u0159ejn\u00e9 funkce by m\u011bli jednat v\u00fdhradn\u011b z hlediska ve\u0159ejn\u00e9ho z\u00e1jmu. Nem\u011bli by jednat v\u00a0z\u00e1jmu finan\u010dn\u00edho prosp\u011bchu nebo jin\u00fdch v\u00fdhod pro sebe, pro svou rodinu ani pro sv\u00e9 p\u0159\u00e1tele.<\/li>\n<li style=\"text-align: justify;\"><strong> Integrita<\/strong> Nositel\u00e9 ve\u0159ejn\u00e9 funkce by se nem\u011bli vystavovat vlivu finan\u010dn\u00edch nebo jin\u00fdch povinnost\u00ed k osob\u00e1m nebo instituc\u00edm, kter\u00e9 by je mohly cht\u00edt ovlivnit p\u0159i v\u00fdkonu funkce.<\/li>\n<li style=\"text-align: justify;\"><strong> Objektivita<\/strong> P\u0159i vykon\u00e1v\u00e1n\u00ed ve\u0159ejn\u00e9 funkce v\u010detn\u011b jmenov\u00e1n\u00ed do ve\u0159ejn\u00fdch funkc\u00ed, p\u0159id\u011blov\u00e1n\u00ed zak\u00e1zek a ud\u011blov\u00e1n\u00ed odm\u011bn a v\u00fdhod maj\u00ed nositel\u00e9 ve\u0159ejn\u00e9 funkce rozhodovat v\u011bcn\u011b.<\/li>\n<li style=\"text-align: justify;\"><strong> Odpov\u011bdnost<\/strong> Nositel\u00e9 ve\u0159ejn\u00e9 funkce jsou odpov\u011bdn\u00ed ve\u0159ejnosti za sv\u00e1 rozhodnut\u00ed a jedn\u00e1n\u00ed a mus\u00ed se podrobit jak\u00e9mukoli p\u0159ezkoum\u00e1n\u00ed v\u00a0souvislosti s jejich funkc\u00ed.<\/li>\n<li style=\"text-align: justify;\"><strong> Transparentnost<\/strong> Nositel\u00e9 ve\u0159ejn\u00e9 funkce by m\u011bli b\u00fdt co nejtransparentn\u011bj\u0161\u00ed p\u0159i v\u0161ech rozhodnut\u00edch a jedn\u00e1n\u00edch, kter\u00e1 \u010din\u00ed. M\u011bli by uv\u00e1d\u011bt od\u016fvodn\u011bn\u00ed pro sv\u00e1 rozhodnut\u00ed a omezit zve\u0159ejn\u011bn\u00ed informac\u00ed pouze v\u00a0p\u0159\u00edpad\u011b, \u017ee to z\u0159eteln\u011b vy\u017eaduje \u0161ir\u0161\u00ed ve\u0159ejn\u00fd z\u00e1jem.<\/li>\n<li style=\"text-align: justify;\"><strong> Poctivost<\/strong> Nositel\u00e9 ve\u0159ejn\u00e9 funkce maj\u00ed povinnost zve\u0159ejnit v\u0161echny soukrom\u00e9 z\u00e1jmy, kter\u00e9 by se mohly vztahovat k\u00a0jejich ve\u0159ejn\u00fdm \u00fakol\u016fm a podniknout opat\u0159en\u00ed pot\u0159ebn\u00e1 k\u00a0vy\u0159e\u0161en\u00ed st\u0159etu soukrom\u00fdch z\u00e1jm\u016f s\u00a0ve\u0159ejn\u00fdmi.<\/li>\n<li style=\"text-align: justify;\"><strong> Veden\u00ed<\/strong> Nositel\u00e9 ve\u0159ejn\u00e9 funkce by m\u011bli prosazovat a podporovat tyto principy sv\u00fdm jedn\u00e1n\u00edm a sv\u00fdm p\u0159\u00edkladem.<\/li>\n<\/ol>\n<p style=\"text-align: justify;\">Probl\u00e9m je, \u017ee na\u0161e debata nerozli\u0161uje mor\u00e1ln\u00ed opr\u00e1vn\u011bn\u00e9 n\u00e1roky na ka\u017ed\u00e9ho ve\u0159ejn\u00e9ho \u010dinitele od pr\u00e1vn\u00ed a trestn\u011b pr\u00e1vn\u00ed odpov\u011bdnosti. Zat\u00edmco podnikatel m\u016f\u017ee na svou obhajobu lh\u00e1t, obstar\u00e1vat si dodate\u010dn\u00e9 d\u016fkazy, vykrucovat se a podobn\u011b tak dlouho, dokud mu soud neprok\u00e1\u017ee opak, politik mus\u00ed odej\u00edt ze sv\u00e9 funkce ve chv\u00edli, kdy zjednodu\u0161en\u011b \u0159e\u010deno d\u011bl\u00e1 ostudu. Kdy\u017e se trochu zamysl\u00edme, n\u00e1\u0161 p\u0159edseda vl\u00e1dy poru\u0161uje v\u0161echny tyto principy do jednoho. P\u0159itom poru\u0161en\u00ed jedin\u00e9ho z nich by m\u011blo b\u00fdt d\u016fvodem k\u00a0odchodu. Chceme-li b\u00fdt slu\u0161n\u00fdm a respektu hodn\u00fdm st\u00e1tem, mus\u00edme na t\u011bchto principech trvat.<\/p>\n<p style=\"text-align: justify;\">Abych zjednodu\u0161il debatu, uvedu jen jeden p\u0159\u00edklad, kdy premi\u00e9r ud\u011blal ostudu sv\u00e9mu \u00fa\u0159adu. Nap\u0159ed dlouho Babi\u0161 tvrdil, \u017ee si nevzpom\u00edn\u00e1, komu pat\u0159ila firma, kter\u00e1 stav\u011bla \u010cap\u00ed hn\u00edzdo. V\u00a0roce 2013 to \u0159ekl do m\u00e9di\u00ed. Ale p\u0159i jedn\u00e1n\u00ed ve Sn\u011bmovn\u011b 23.3.2016 Andrej Babi\u0161 prohl\u00e1sil: \u201eFarmu \u010cap\u00ed hn\u00edzdo vlastnily v rozhodn\u00e9 dob\u011b m\u00e9 dv\u011b dosp\u011bl\u00e9 d\u011bti a bratr moj\u00ed partnerky, kter\u00fd dr\u017eel pod\u00edl odpov\u00eddaj\u00edc\u00ed pod\u00edlu m\u00fdch dvou nezletil\u00fdch d\u011bt\u00ed a m\u00e9 partnerky.\u201c Podle Policie v\u0161ak ve stavebn\u00edm den\u00edku tyto osoby nevystupuj\u00ed, neuk\u00e1zaly se na stavb\u011b, kter\u00e1 jim m\u011bla pat\u0159it. Na Babi\u0161ovu v\u011bdomou le\u017e upozornila i zpr\u00e1va OLAFu.<\/p>\n<p style=\"text-align: justify;\">To na odchod z\u00a0funkce sta\u010d\u00ed.<\/p>\n<p style=\"text-align: justify;\">V\u00a0tom je toti\u017e rozd\u00edl mezi politikou a podnik\u00e1n\u00edm. Podnikatel m\u016f\u017ee v\u0161elijak optimalizovat, n\u00e1sledn\u011b tvrdit, antidatovat a dokonce na svou obhajobu Policii i lh\u00e1t, a st\u00e1le je pova\u017eov\u00e1n za bez\u00fahonn\u00e9ho, dokud se neprok\u00e1\u017ee opak. Ale politik lh\u00e1t nesm\u00ed. A mus\u00ed se podrobit bez vyt\u00e1\u010den\u00ed jak\u00e9mukoli vy\u0161et\u0159ov\u00e1n\u00ed. Politik mus\u00ed transparentn\u011b \u0159e\u0161it i podivnosti ve sv\u00e9m \u017eivot\u011b. Nato\u017epak, kdy\u017e existuje podez\u0159en\u00ed, \u017ee jednou z\u00a0takov\u00fdch podivnost\u00ed je kari\u00e9ra v\u00a0mafi\u00e1nsk\u00e9m podsv\u011bt\u00ed a mo\u017en\u00e1 je\u0161t\u011b n\u011bco hor\u0161\u00edho, jak na to upozornila jist\u00e1 kniha. Pokud nebyl obsah knihy napaden u soudu, m\u00e1 se za to, \u017ee to tak n\u011bjak je.<\/p>\n<p style=\"text-align: justify;\">Ano, politik nem\u00e1 pr\u00e1vo lh\u00e1t. Na rozd\u00edl od v\u0161ech ostatn\u00edch. Plat\u00ed to i pro p\u0159\u00edpady, \u017ee t\u0159eba v\u00a0diplomov\u00e9 pr\u00e1ci uvedl n\u011bjak\u00fd text, a\u010dkoliv jej nenapsal. Nebo neobjasnil k\u0159i\u0161\u0165\u00e1lov\u011b \u010dist\u011b n\u011bjak\u00fd zdroj pen\u011bz. A m\u011blo by to platit pro v\u0161echny p\u0159\u00edpady.<\/p>\n<p style=\"text-align: justify;\">Nen\u00ed pot\u0159eba m\u011bnit z\u00e1kony, pot\u0159ebujeme\u00a0prolomit proklet\u00ed podivnost\u00ed t\u00edm, \u017ee prosad\u00edme\u00a0logick\u00e9 po\u017eadavky slu\u0161nosti.<\/p>\n<p style=\"text-align: justify;\">Babi\u0161 sliboval, \u017ee bude \u0159\u00eddit st\u00e1t jako podnik. Asi si\u00a0myslel, \u017ee t\u00edm p\u00e1dem jako podnikatel m\u016f\u017ee i v\u00a0politick\u00e9 funkci ml\u017eit a lh\u00e1t. Splnil, co sliboval. Lhal. A \u010desk\u00e1 ve\u0159ejnost m\u00e1 pr\u00e1vo po\u017eadovat, aby ode\u0161el. Podle sedm\u00e9ho principu m\u00e1 b\u00fdt politik p\u0159\u00edkladem. Ale u n\u00e1s je premi\u00e9r dokonal\u00fdm antip\u0159\u00edkladem. Je opakem toho, co pr\u00e1vem po\u017eadujeme. D\u011bl\u00e1 n\u00e1m prost\u011b ostudu.<\/p>\n<p style=\"text-align: center;\"><iframe loading=\"lazy\" src=\"\/\/www.youtube.com\/embed\/PSC2cGcTRO4\" width=\"560\" height=\"314\" allowfullscreen=\"allowfullscreen\"><\/iframe><\/p>\n<p>&nbsp;<\/p>\n","protected":false},"excerpt":{"rendered":"<p>4.6.2019 Vedeme urputn\u00e9 debaty o tom, zda n\u00e1\u0161 syst\u00e9m p\u0159id\u011blov\u00e1n\u00ed dotac\u00ed je nepr\u016fst\u0159eln\u00fd, zda m\u00e1 Komise pr\u00e1vo zab\u00fdvat se na\u0161imi z\u00e1kony, zda v\u016fbec maj\u00ed existovat dotace, zda m\u00e1me \u010dekat, a\u017e&#8230; <a class=\"read-more-button\" href=\"https:\/\/www.payne.cz\/WP15\/politicke-prikazani-nebudes-lhat\/\">\u010c\u00edst v\u00edce &gt;<\/a><\/p>\n","protected":false},"author":2,"featured_media":0,"comment_status":"closed","ping_status":"closed","sticky":false,"template":"","format":"standard","meta":{"ngg_post_thumbnail":0,"_monsterinsights_skip_tracking":false,"_monsterinsights_sitenote_active":false,"_monsterinsights_sitenote_note":"","_monsterinsights_sitenote_category":0,"footnotes":""},"categories":[3],"tags":[],"class_list":["post-1825","post","type-post","status-publish","format-standard","hentry","category-clanky"],"_links":{"self":[{"href":"https:\/\/www.payne.cz\/WP15\/wp-json\/wp\/v2\/posts\/1825","targetHints":{"allow":["GET"]}}],"collection":[{"href":"https:\/\/www.payne.cz\/WP15\/wp-json\/wp\/v2\/posts"}],"about":[{"href":"https:\/\/www.payne.cz\/WP15\/wp-json\/wp\/v2\/types\/post"}],"author":[{"embeddable":true,"href":"https:\/\/www.payne.cz\/WP15\/wp-json\/wp\/v2\/users\/2"}],"replies":[{"embeddable":true,"href":"https:\/\/www.payne.cz\/WP15\/wp-json\/wp\/v2\/comments?post=1825"}],"version-history":[{"count":8,"href":"https:\/\/www.payne.cz\/WP15\/wp-json\/wp\/v2\/posts\/1825\/revisions"}],"predecessor-version":[{"id":1833,"href":"https:\/\/www.payne.cz\/WP15\/wp-json\/wp\/v2\/posts\/1825\/revisions\/1833"}],"wp:attachment":[{"href":"https:\/\/www.payne.cz\/WP15\/wp-json\/wp\/v2\/media?parent=1825"}],"wp:term":[{"taxonomy":"category","embeddable":true,"href":"https:\/\/www.payne.cz\/WP15\/wp-json\/wp\/v2\/categories?post=1825"},{"taxonomy":"post_tag","embeddable":true,"href":"https:\/\/www.payne.cz\/WP15\/wp-json\/wp\/v2\/tags?post=1825"}],"curies":[{"name":"wp","href":"https:\/\/api.w.org\/{rel}","templated":true}]}}