{"id":1797,"date":"2019-05-05T21:50:46","date_gmt":"2019-05-05T20:50:46","guid":{"rendered":"http:\/\/www.payne.cz\/WP15\/?p=1797"},"modified":"2019-05-05T22:50:32","modified_gmt":"2019-05-05T21:50:32","slug":"komise-z-nas-dela-idioty","status":"publish","type":"post","link":"https:\/\/www.payne.cz\/WP15\/komise-z-nas-dela-idioty\/","title":{"rendered":"Komise z n\u00e1s d\u011bl\u00e1 idioty"},"content":{"rendered":"<p>Evropsk\u00e1 komise se rozhodla r\u00e1zn\u011b bojovat proti eurom\u00fdt\u016fm t\u00edm, \u017ee je uv\u00e1d\u00ed \u201e<em>na pravou m\u00edru<\/em>\u201c. U n\u00e1s se do boje zapojilo ofici\u00e1ln\u00ed zastoupen\u00ed Komise v\u00a0Praze.<\/p>\n<p style=\"text-align: justify;\">Pod\u00edvejme se na m\u00fdtus, podle kter\u00e9ho EU zakazuje siln\u00e9 vysava\u010de. Komise vysv\u011btluje, \u017ee od z\u00e1\u0159\u00ed 2014 se mohou prod\u00e1vat pouze vysava\u010de s p\u0159\u00edkonem maxim\u00e1ln\u011b 1600 watt\u016f a od 1. z\u00e1\u0159\u00ed 2017 se d\u00e1le limit sn\u00ed\u017eil na maxim\u00e1ln\u00edch 900 watt\u016f.\u00a0Uv\u00e1d\u00ed jedin\u00fd argument: EU p\u0159ece omezuje pouze p\u0159\u00edkon, nikoli sac\u00ed v\u00fdkon! Z\u00e1kazn\u00edci tedy budou nad\u00e1le vys\u00e1vat za pou\u017eit\u00ed vysok\u00e9ho v\u00fdkonu, omezen\u00fd bude pouze elektrick\u00fd p\u0159\u00edkon. Komise to p\u0159ece d\u011bl\u00e1 v\u00a0z\u00e1jmu na\u0161eho dobra! Doslova p\u00ed\u0161e: <em>\u201eVy\u0161\u0161\u00ed p\u0159\u00edkon tedy nen\u00ed z\u00e1rukou lep\u0161\u00edho sac\u00edho \u00fa\u010dinku, ale s jistotou se projev\u00ed na \u00fa\u010dtu za elekt\u0159inu.\u201c<\/em>\u00a0A d\u016fvod, pro\u010d se komise tak star\u00e1 o na\u0161e dobro: <em>\u201eEvropsk\u00e1 unie dlouhodob\u011b podporuje omezov\u00e1n\u00ed energeticky ne\u00fasporn\u00fdch p\u0159\u00edstroj\u016f.\u201c<\/em><\/p>\n<p style=\"text-align: center;\"><img loading=\"lazy\" decoding=\"async\" class=\" wp-image-1800 aligncenter\" src=\"http:\/\/www.payne.cz\/WP15\/wp-content\/uploads\/\u00fa\u010dinnost.jpg\" alt=\"\u00fa\u010dinnost\" width=\"96\" height=\"123\" \/><\/p>\n<p style=\"text-align: justify;\">Ji\u017e na z\u00e1kladn\u00ed \u0161kole se ve fyzice prob\u00edr\u00e1 pojem \u00fa\u010dinnost (ozna\u010duje se \u0159eck\u00fdm p\u00edsmenkem \u03b7) a je to pod\u00edl v\u00fdkonu a p\u0159\u00edkonu. V\u00fdkon je u\u017eite\u010dn\u00e1 energie, v\u00a0na\u0161em p\u0159\u00edpad\u011b s\u00edla nas\u00e1v\u00e1n\u00ed. P\u0159\u00edkon je spot\u0159eba elekt\u0159iny. Z\u00e1rove\u0148 se u\u010d\u00ed, \u017ee \u00fa\u010dinnost je v\u017edy men\u0161\u00ed ne\u017e 1, proto\u017ee ka\u017ed\u00fd stroj m\u00e1 n\u011bjak\u00e9 ztr\u00e1ty. Stoprocentn\u00ed \u00fa\u010dinnost m\u00e1 pouze perpetuum mobile, tedy za\u0159\u00edzen\u00ed, kter\u00e9 dovede b\u011b\u017eet donekone\u010dna a nespot\u0159ebov\u00e1v\u00e1 p\u0159i tom \u017e\u00e1dnou energii. Je to vlastn\u011b jen d\u016fsledek z\u00e1kona zachov\u00e1n\u00ed energie.<\/p>\n<p style=\"text-align: justify;\">Komise n\u00e1m tedy tvrd\u00ed, \u017ee svou regulac\u00ed sice omezila p\u0159\u00edkon na 900W, ale sac\u00ed v\u00fdkon z\u016fstane stejn\u00fd. Tak\u017ee si m\u016f\u017eeme nap\u0159\u00edklad koupit vysava\u010d s\u00a0p\u0159\u00edkonem pouh\u00fdch 900W, kter\u00fd n\u00e1m bude poskytovat sac\u00ed v\u00fdkon n\u011bjak\u00fdch 1800W, na kter\u00fd jsme byli zvykl\u00ed u vysava\u010d\u016f se spot\u0159ebou 2000W. \u00d3 jak blahovoln\u00e1 je Evropsk\u00e1 komise: v\u017edy\u0165 n\u00e1m nezak\u00e1zala perpetuum mobile, klidn\u011b m\u016f\u017eeme m\u00edt vysava\u010de, kter\u00e9 poskytuj\u00ed v\u011bt\u0161\u00ed sac\u00ed v\u00fdkon, ne\u017e kolik energie jim dod\u00e1me.<\/p>\n<p style=\"text-align: justify;\">Jako fyzik v\u0161ak mus\u00edm konstatovat, \u017ee Komise sv\u00fdm vyvracen\u00edm vzbuzuje jen v\u00fdsm\u011bch. Kdyby j\u00ed skute\u010dn\u011b \u0161lo o \u00faspory energie, mohla by stanovit minim\u00e1ln\u00ed \u00fa\u010dinnost vysava\u010d\u016f (dobr\u00e9 vysava\u010de maj\u00ed \u00fa\u010dinnost kolem 90%, ty hor\u0161\u00ed 75%). Komise v\u00a0nez\u0159\u00edzen\u00e9 touze po moci v\u0161ak rad\u011bji zak\u00e1zala v\u0161echny siln\u011bj\u0161\u00ed vysava\u010de. A nezapomn\u011bla sv\u016fj argument podep\u0159\u00edt \u010d\u00edsly: <em>\u201eP\u0159ijat\u00e1 opat\u0159en\u00ed sn\u00ed\u017e\u00ed ro\u010dn\u00ed spot\u0159ebu elektrick\u00e9 energie v EU o 30% a emise o 15%. Oproti sc\u00e9n\u00e1\u0159i bez opa\u0159en\u00ed se jedn\u00e1 o \u00fasporu elekt\u0159iny ve v\u00fd\u0161i t\u00e9m\u011b\u0159 20 TWh, co\u017e odpov\u00edd\u00e1 t\u0159etin\u011b ro\u010dn\u00ed spot\u0159eby elekt\u0159iny \u010cesk\u00e9 republiky. Emise sklen\u00edkov\u00fdch plyn\u016f budou o v\u00edce ne\u017e t\u0159etinu ni\u017e\u0161\u00ed, ne\u017e kdyby \u017e\u00e1dn\u00e1 opat\u0159en\u00ed nebyla p\u0159ijata.\u201c<\/em><\/p>\n<p style=\"text-align: justify;\"><img loading=\"lazy\" decoding=\"async\" class=\"alignleft size-medium wp-image-1799\" src=\"http:\/\/www.payne.cz\/WP15\/wp-content\/uploads\/vysava\u010d-300x245.jpg\" alt=\"vysava\u010d\" width=\"300\" height=\"245\" srcset=\"https:\/\/www.payne.cz\/WP15\/wp-content\/uploads\/vysava\u010d-300x245.jpg 300w, https:\/\/www.payne.cz\/WP15\/wp-content\/uploads\/vysava\u010d-768x626.jpg 768w, https:\/\/www.payne.cz\/WP15\/wp-content\/uploads\/vysava\u010d-980x799.jpg 980w, https:\/\/www.payne.cz\/WP15\/wp-content\/uploads\/vysava\u010d.jpg 1000w\" sizes=\"auto, (max-width: 300px) 100vw, 300px\" \/><\/p>\n<p style=\"text-align: justify;\">Komise n\u00e1m chce p\u0159i vyvracen\u00ed m\u00fdtu namluvit, \u017ee produkce t\u0159etiny v\u0161ech evropsk\u00fdch elektr\u00e1ren se spot\u0159ebov\u00e1v\u00e1 jen na ztr\u00e1ty ve vysava\u010d\u00edch, co\u017e sv\u00fdm z\u00e1kazem naprav\u00ed? Komise n\u00e1m chce namluvit, \u017ee \u00fadajn\u00e9 sn\u00ed\u017een\u00ed emis\u00ed o 15% se rovn\u00e1 sn\u00ed\u017een\u00ed o v\u00edce ne\u017e t\u0159etinu?<\/p>\n<p style=\"text-align: justify;\">P\u0159ipomn\u011blo mi to d\u00e1vnou p\u0159\u00edhodu za studi\u00ed na Matematicko-Fyzik\u00e1ln\u00ed fakult\u011b. Jist\u00fd ob\u010dan tehdy napsal na \u00daV KS\u010c, \u017ee vynalezl perpetuum mobile. Vyl\u00ed\u010dil barvit\u011b politicko-propagandistick\u00e9 v\u00fdhody takov\u00e9ho objevu v\u010detn\u011b konstatov\u00e1n\u00ed, \u017ee star\u00e9 spalovac\u00ed motory by mohlo komunistick\u00e9 \u010ceskoslovensko n\u011bjak levn\u011b prodat z\u00e1padn\u00edm N\u011bmc\u016fm a \u017ee v\u00a0d\u016fsledku nekone\u010dn\u00fdch zdroj\u016f energie bude mo\u017en\u00e9 na Pet\u0159\u00edn\u011b zalo\u017eit sklen\u00edky, kde budeme p\u011bstovat ban\u00e1ny. Doplnil sv\u016fj vyn\u00e1lez podrobn\u00fdmi technick\u00fdmi v\u00fdkresy. M\u011bl jenom jednu drobnou podm\u00ednku: trval na tom, \u017ee Feder\u00e1ln\u00ed shrom\u00e1\u017ed\u011bn\u00ed mus\u00ed zru\u0161it z\u00e1kon zachov\u00e1n\u00ed energie. Komunistick\u00fdm papal\u00e1\u0161\u016fm se n\u00e1vrh zal\u00edbil, nicm\u00e9n\u011b d\u0159\u00edve, ne\u017e se p\u0159istoupilo k\u00a0realizaci, po\u017e\u00e1dali ve slab\u00e9 chvilce MFF UK, aby ke zlep\u0161ovac\u00edmu n\u00e1vrhu vypracovala odborn\u00fd posudek. A proto\u017ee profesor\u016fm se na takov\u00e9 blbosti necht\u011blo tr\u00e1vit \u010das, p\u0159edali to n\u00e1m student\u016fm, abychom si procvi\u010dili formula\u010dn\u00ed schopnosti p\u0159i zpracov\u00e1n\u00ed odpov\u011bdi. Dokumenty byly ozna\u010deny jako p\u0159\u00edsn\u011b tajn\u00e9, tak\u017ee t\u00edm patrn\u011b do\u0161lo k\u00a0vyzrazen\u00ed st\u00e1tn\u00edho tajemstv\u00ed.<\/p>\n<p style=\"text-align: justify;\">Propaganda Evropsk\u00e9 komise m\u00e1 je\u0161t\u011b t\u011b\u017e\u0161\u00ed kalibr, ne\u017e m\u011bla komunistick\u00e1 propaganda v\u00a0dob\u00e1ch totality. Jenom v\u00a0Bruselu zapomn\u011bli, \u017ee Evropsk\u00fd parlament bude muset je\u0161t\u011b zru\u0161it z\u00e1kon zachov\u00e1n\u00ed energie. A v\u00a0d\u016fsledku teorie relativity bude nutn\u00e9 zru\u0161it i z\u00e1kon zachov\u00e1n\u00ed hmoty. Na rozd\u00edl od komunismu europropaganda nepodl\u00e9h\u00e1 utajen\u00ed, tak\u017ee si to ka\u017ed\u00fd m\u016f\u017ee p\u0159e\u010d\u00edst na <a href=\"https:\/\/ec.europa.eu\/czech-republic\/news\/euromyty_cs\">https:\/\/ec.europa.eu\/czech-republic\/news\/euromyty_cs<\/a>.<\/p>\n","protected":false},"excerpt":{"rendered":"<p>Evropsk\u00e1 komise se rozhodla r\u00e1zn\u011b bojovat proti eurom\u00fdt\u016fm t\u00edm, \u017ee je uv\u00e1d\u00ed \u201ena pravou m\u00edru\u201c. U n\u00e1s se do boje zapojilo ofici\u00e1ln\u00ed zastoupen\u00ed Komise v\u00a0Praze. Pod\u00edvejme se na m\u00fdtus, podle&#8230; <a class=\"read-more-button\" href=\"https:\/\/www.payne.cz\/WP15\/komise-z-nas-dela-idioty\/\">\u010c\u00edst v\u00edce &gt;<\/a><\/p>\n","protected":false},"author":2,"featured_media":0,"comment_status":"closed","ping_status":"closed","sticky":false,"template":"","format":"standard","meta":{"ngg_post_thumbnail":0,"_monsterinsights_skip_tracking":false,"_monsterinsights_sitenote_active":false,"_monsterinsights_sitenote_note":"","_monsterinsights_sitenote_category":0,"footnotes":""},"categories":[3],"tags":[],"class_list":["post-1797","post","type-post","status-publish","format-standard","hentry","category-clanky"],"_links":{"self":[{"href":"https:\/\/www.payne.cz\/WP15\/wp-json\/wp\/v2\/posts\/1797","targetHints":{"allow":["GET"]}}],"collection":[{"href":"https:\/\/www.payne.cz\/WP15\/wp-json\/wp\/v2\/posts"}],"about":[{"href":"https:\/\/www.payne.cz\/WP15\/wp-json\/wp\/v2\/types\/post"}],"author":[{"embeddable":true,"href":"https:\/\/www.payne.cz\/WP15\/wp-json\/wp\/v2\/users\/2"}],"replies":[{"embeddable":true,"href":"https:\/\/www.payne.cz\/WP15\/wp-json\/wp\/v2\/comments?post=1797"}],"version-history":[{"count":7,"href":"https:\/\/www.payne.cz\/WP15\/wp-json\/wp\/v2\/posts\/1797\/revisions"}],"predecessor-version":[{"id":1808,"href":"https:\/\/www.payne.cz\/WP15\/wp-json\/wp\/v2\/posts\/1797\/revisions\/1808"}],"wp:attachment":[{"href":"https:\/\/www.payne.cz\/WP15\/wp-json\/wp\/v2\/media?parent=1797"}],"wp:term":[{"taxonomy":"category","embeddable":true,"href":"https:\/\/www.payne.cz\/WP15\/wp-json\/wp\/v2\/categories?post=1797"},{"taxonomy":"post_tag","embeddable":true,"href":"https:\/\/www.payne.cz\/WP15\/wp-json\/wp\/v2\/tags?post=1797"}],"curies":[{"name":"wp","href":"https:\/\/api.w.org\/{rel}","templated":true}]}}