{"id":171,"date":"2015-04-30T15:53:19","date_gmt":"2015-04-30T14:53:19","guid":{"rendered":"http:\/\/www.payne.cz\/WP15\/?p=171"},"modified":"2015-06-01T14:53:03","modified_gmt":"2015-06-01T13:53:03","slug":"od-valentyna-k-volbam","status":"publish","type":"post","link":"https:\/\/www.payne.cz\/WP15\/od-valentyna-k-volbam\/","title":{"rendered":"Od Valent\u00fdna k volb\u00e1m"},"content":{"rendered":"<p style=\"text-align: right;\"><span style=\"color: #008080;\">4.6.2009<\/span><\/p>\n<p style=\"text-align: justify;\">Na svat\u00e9ho Valent\u00fdna se datuje vznik nov\u00e9 strany tvrdohlav\u00fdch beran\u016f. Ochrana svat\u00fdch n\u00e1m byla zapot\u0159eb\u00ed, a bude n\u00e1m zapot\u0159eb\u00ed v budoucnosti je\u0161t\u011b v\u00edce. Skuhr\u00e1n\u00ed a s\u00fd\u010dkov\u00e1n\u00ed jsme sly\u0161eli doslova ze v\u0161ech stran. St\u00e1li jsme p\u0159ed \u00fakolem v rekordn\u00ed lh\u016ft\u011b stihnout zalo\u017een\u00ed strany a \u00fa\u010dastnit se ve volb\u00e1ch. Po necel\u00fdch \u010dty\u0159ech m\u011bs\u00edc\u00edch se zam\u00fd\u0161l\u00edme nad t\u00edm, co se odehr\u00e1lo.<\/p>\n<p>1. Pokusili jsme se vr\u00e1tit lidem nad\u011bji, \u017ee existuje mo\u017enost v\u011bci zm\u011bnit, \u017ee nesm\u00edme propadnout depresi a rezignovat na ve\u0159ejnou sf\u00e9ru, \u017ee \u201evnit\u0159n\u00ed emigrace&#8220; je t\u00edm \u0161patn\u00fdm \u0159e\u0161en\u00edm. Krom\u011b \u201aeuroskeptik\u016f\u2018 se za\u010d\u00edn\u00e1me setk\u00e1vat s \u201e\u010dechoskeptiky&#8220;, kte\u0159\u00ed se v lep\u0161\u00edm p\u0159\u00edpad\u011b ut\u00edkaj\u00ed ke kosmopolitn\u00edm p\u0159edstav\u00e1m, proto\u017ee ztratili d\u016fv\u011bru ke sv\u00e9mu vlastn\u00edmu n\u00e1rodu, v hor\u0161\u00edm p\u0159\u00edpad\u011b kon\u010d\u00ed v \u0159ad\u00e1ch extr\u00e9mist\u016f. L\u00e1mou h\u016fl nad politikou a ve\u0159ejnou odpov\u011bdnost\u00ed, \u0161\u00ed\u0159\u00ed se rezignace, pocit, \u017ee nic nelze zm\u011bnit. Nesm\u00edme ut\u00edkat p\u0159ed ve\u0159ejnou odpov\u011bdnost\u00ed do priv\u00e1tn\u00ed sf\u00e9ry.<\/p>\n<p style=\"text-align: justify;\">2. Samotn\u00fd vznik nov\u00e9 strany je v\u017edy polemikou se st\u00e1vaj\u00edc\u00edm politick\u00fdm syst\u00e9mem. Pokusili jsme se rehabilitovat politiku jako takovou. Politika nesm\u00ed b\u00fdt zalo\u017eena na populistick\u00fdch v\u00fdk\u0159ic\u00edch a ur\u00e1\u017ek\u00e1ch, mus\u00ed p\u0159evl\u00e1dat v\u011bcn\u00e1 argumentace. Politika nemus\u00ed b\u00fdt agresivn\u00ed, bezobsa\u017en\u00e1, primitivn\u00ed, hloup\u00e1. Chceme vr\u00e1tit do \u010desk\u00e9 politiky my\u0161lenky, filosofick\u00e9 zakotven\u00ed, v\u011bcnou argumentaci, diskusi m\u00edsto propagandy. R\u00e1di bychom b\u00fdvali byli vr\u00e1tili i humor a \u00fasm\u011bv, ale to je chv\u00edlemi nadlidsk\u00fd \u00fakol &#8211; do sm\u00edchu p\u0159i pohledu na \u010deskou politiku je jen m\u00e1lokomu. P\u0159itom humor je nejvy\u0161\u0161\u00ed formou sebereflexe. P\u0159ekon\u00e1v\u00e1 nap\u011bt\u00ed a spory, osvobozuje, prolamuje moc autoritativn\u00edch re\u017eim\u016f.<\/p>\n<p style=\"text-align: justify;\">3. Zalo\u017eili jsme stranu, kter\u00e1 je o dv\u011b generace modern\u011bj\u0161\u00ed oproti v\u0161em dosavadn\u00edm stran\u00e1m \u010desk\u00e9 politiky. Je zalo\u017een\u00e1 na elektronick\u00e9 komunikaci, vytv\u00e1\u0159\u00ed okruh p\u0159\u00edznivc\u016f, kte\u0159\u00ed nemus\u00ed b\u00fdt \u010dlenem strany, pokud nemaj\u00ed osobn\u00ed ambice vstoupit do politiky. T\u011bmto p\u0159\u00edznivc\u016fm strana Svobodn\u00fdch sv\u011b\u0159ila pravomoc vyb\u00edrat v prim\u00e1rn\u00edch volb\u00e1ch kandid\u00e1ty. Intern\u00ed rozhodovac\u00ed postupy zalo\u017een\u00e9 na internetov\u00e9 komunikaci umo\u017e\u0148uj\u00ed uvnit\u0159 strany dosud nev\u00eddanou pohotovost a flexibilitu. Samotnou strukturu strany koncipujeme tak, aby byla orientov\u00e1na na \u0159e\u0161en\u00ed konkr\u00e9tn\u00edch \u00fakol\u016f, nikoli jako samo\u00fa\u010deln\u00fd \u00fatvar. Pokou\u0161\u00edme se uk\u00e1zat, \u017ee to, co pot\u0159ebuje \u010cesk\u00e1 republika, je politick\u00e9 \u0159emeslo, nikoli intriky a porcov\u00e1n\u00ed moci a medv\u011bda. Zalo\u017eili jsme stranu bez st\u00e1tn\u00edch p\u0159\u00edsp\u011bvk\u016f a budeme v z\u00e1jmu ob\u010dan\u016f usilovat o jejich radik\u00e1ln\u00ed sn\u00ed\u017een\u00ed.<\/p>\n<p style=\"text-align: justify;\">4. Rehabilitovali jsme n\u00e1zorov\u00fd sm\u011br kritick\u00fd ke st\u00e1vaj\u00edc\u00ed podob\u011b evropsk\u00e9 integrace. Doposud byl ka\u017ed\u00fd, kdo se odv\u00e1\u017eil Evropskou unii kritizovat, ozna\u010dov\u00e1n trochu pejorativn\u00edm slovem \u201eeuroskeptik&#8220; a byl pova\u017eov\u00e1n za exotick\u00e9ho tvora. Chceme toto slovo nahradit ozna\u010den\u00edm \u201eopozice&#8220;. To je v\u00edc, ne\u017e euroskeptik. V tom je ji\u017e nad\u011bje, \u017ee se d\u00e1 n\u011bco zm\u011bnit, \u017ee existuje v\u00fdchodisko, \u017ee je o co bojovat, \u017ee se m\u00e1 bojovat o zm\u011bnu. Opozice p\u0159ipravuje komplexn\u00ed n\u00e1vrhy, kter\u00e9 mohou jako alternativa nahradit st\u00e1vaj\u00edc\u00ed stav. Opozice znamen\u00e1, \u017ee pluralita je legitimn\u00ed. Posun ve\u0159ejn\u00e9ho m\u00edn\u011bn\u00ed je v t\u00e9to v\u011bci ji\u017e z\u0159ejm\u00fd, ale jsme si v\u011bdomi toho, \u017ee p\u0159edsudky st\u00e1le p\u0159etrv\u00e1vaj\u00ed.<\/p>\n<p style=\"text-align: justify;\">5. Oproti kav\u00e1rensk\u00fdm stran\u00e1m, kter\u00e9 vegetuj\u00ed po l\u00e9ta na politick\u00e9 periferii, jsme cht\u011bli nab\u00eddnout stranu skute\u010dnou, plnohodnotnou, \u0159emesln\u011b zdatnou. M\u00e1me ambice kandidovat na v\u0161ech \u00farovn\u00edch ve\u0159ejn\u00e9ho \u017eivota &#8211; od komun\u00e1ln\u00ed a\u017e po tu evropskou. Chceme b\u00fdt re\u00e1lnou sou\u010d\u00e1st\u00ed \u010desk\u00e9ho politick\u00e9ho spektra.<\/p>\n<p style=\"text-align: justify;\">6. Za necel\u00fdch sedm t\u00fddn\u016f kontaktn\u00ed kampan\u011b jsem se na nejr\u016fzn\u011bj\u0161\u00edch m\u00edstech \u010cesk\u00e9 republiky osobn\u011b setkal asi s pades\u00e1ti tis\u00edci ob\u010dan\u016f. Pro politika je d\u016fle\u017eit\u00e9 naslouchat ob\u010dan\u016fm. Pokud na n\u011b hul\u00e1k\u00e1 politik p\u0159es mikrofon nebo je ur\u00e1\u017e\u00ed z billboard\u016f, nedozv\u00ed se, co by m\u011bl v\u011bd\u011bt. S des\u00edtkami ob\u010dan\u016f jsem m\u011bl mo\u017enost str\u00e1vit n\u011bjakou chv\u00edli v rozhovoru. Sly\u0161el jsem hlasy zoufal\u00e9 nad b\u00eddou \u010desk\u00e9 politiky, hlasy vd\u011b\u010dn\u00e9, \u017ee jsme se do \u00fasil\u00ed zm\u011bnit politick\u00e9 pom\u011bry pustili, hlasy rozzloben\u00e9 na celou politiku, hlasy kritick\u00e9. Jsem za to vd\u011b\u010dn\u00fd. Politik pot\u0159ebuje sly\u0161et individu\u00e1ln\u00ed n\u00e1zory, pot\u0159ebuje zp\u011btnou vazbu, mus\u00ed si st\u00e1le ov\u011b\u0159ovat, \u017ee je lidem srozumiteln\u00e9, co \u0159\u00edk\u00e1. P\u0159ekvapil mne nap\u0159\u00edklad n\u00e1zor, opakuj\u00edc\u00ed se zejm\u00e9na u des\u00edtek ob\u010dan\u016f, kte\u0159\u00ed pamatuj\u00ed ji\u017e dva totalitn\u00ed re\u017eimy, \u017ee EU d\u011bl\u00e1 je\u0161t\u011b v\u011bt\u0161\u00ed hlouposti, ne\u017e RVHP. Rozum\u00edm tomu, konkr\u00e9tn\u00ed zku\u0161enosti s fungov\u00e1n\u00edm Evropsk\u00e9 unie z\u00e1konit\u011b vedou u lid\u00ed, kte\u0159\u00ed p\u0159em\u00fd\u0161lej\u00ed, k pochybnostem a srovn\u00e1v\u00e1n\u00ed zku\u0161enost\u00ed. Je docela pravd\u011bpodobn\u00e9, \u017ee takov\u00fdch hlas\u016f bude p\u0159ib\u00fdvat. Sly\u0161\u00edm v jejich hlase prosbu: Vra\u0165te n\u00e1m nad\u011bji!<\/p>\n<p style=\"text-align: justify;\">7. V \u010desk\u00e9 politice se daly do pohybu nov\u00e9 procesy. Vznik nov\u00e9 strany znamen\u00e1 v\u017edy nejenom alternativu, ale je nutn\u00fd pro existenci konkurence. V\u011b\u0159\u00edme, \u017ee za\u010d\u00edn\u00e1 nov\u00e9 obdob\u00ed, \u017ee skon\u010dila doba polistopadov\u00e1, \u017ee sou\u010dasn\u00e1 bezv\u00fdchodnost je jen projevem toho, \u017ee kon\u010d\u00ed politick\u00fd syst\u00e9m, kter\u00fd m\u011bl p\u0159eklenout polistopadov\u00e9 pr\u00e1zdno, kter\u00e9 z\u00e1konit\u011b p\u0159ich\u00e1z\u00ed po ka\u017ed\u00e9 revoluci a ka\u017ed\u00e9m p\u0159evratu, a \u017ee za\u010d\u00edn\u00e1 n\u011bco \u00fapln\u011b nov\u00e9ho.<\/p>\n<p style=\"text-align: justify;\">Strana svobodn\u00fdch ob\u010dan\u016f dok\u00e1zala v rekordn\u00ed dob\u011b od zalo\u017een\u00ed z\u00edskat \u010dleny a p\u0159\u00edznivce, vytvo\u0159it funguj\u00edc\u00ed strukturu a kandidovat v nejbli\u017e\u0161\u00edch volb\u00e1ch, kter\u00e9 po zalo\u017een\u00ed n\u00e1sleduj\u00ed. Zat\u00edm nev\u00edme, jak usp\u011bjeme, ale doposud se n\u00e1m zd\u00e1lo, \u017ee odezva ve\u0159ejnosti je p\u0159\u00edzniv\u00e1. P\u0159es kr\u00e1tkost \u010dasu je bilance na\u0161\u00ed \u010dinnosti kladn\u00e1.<\/p>\n","protected":false},"excerpt":{"rendered":"<p>4.6.2009 Na svat\u00e9ho Valent\u00fdna se datuje vznik nov\u00e9 strany tvrdohlav\u00fdch beran\u016f. Ochrana svat\u00fdch n\u00e1m byla zapot\u0159eb\u00ed, a bude n\u00e1m zapot\u0159eb\u00ed v budoucnosti je\u0161t\u011b v\u00edce. Skuhr\u00e1n\u00ed a s\u00fd\u010dkov\u00e1n\u00ed jsme sly\u0161eli doslova&#8230; <a class=\"read-more-button\" href=\"https:\/\/www.payne.cz\/WP15\/od-valentyna-k-volbam\/\">\u010c\u00edst v\u00edce &gt;<\/a><\/p>\n","protected":false},"author":2,"featured_media":0,"comment_status":"closed","ping_status":"closed","sticky":false,"template":"","format":"standard","meta":{"ngg_post_thumbnail":0,"_monsterinsights_skip_tracking":false,"_monsterinsights_sitenote_active":false,"_monsterinsights_sitenote_note":"","_monsterinsights_sitenote_category":0,"footnotes":""},"categories":[3,13,1,16],"tags":[6,18],"class_list":["post-171","post","type-post","status-publish","format-standard","hentry","category-clanky","category-dompol","category-nezarazene","category-svobodni","tag-dompol","tag-svobodi"],"_links":{"self":[{"href":"https:\/\/www.payne.cz\/WP15\/wp-json\/wp\/v2\/posts\/171","targetHints":{"allow":["GET"]}}],"collection":[{"href":"https:\/\/www.payne.cz\/WP15\/wp-json\/wp\/v2\/posts"}],"about":[{"href":"https:\/\/www.payne.cz\/WP15\/wp-json\/wp\/v2\/types\/post"}],"author":[{"embeddable":true,"href":"https:\/\/www.payne.cz\/WP15\/wp-json\/wp\/v2\/users\/2"}],"replies":[{"embeddable":true,"href":"https:\/\/www.payne.cz\/WP15\/wp-json\/wp\/v2\/comments?post=171"}],"version-history":[{"count":3,"href":"https:\/\/www.payne.cz\/WP15\/wp-json\/wp\/v2\/posts\/171\/revisions"}],"predecessor-version":[{"id":748,"href":"https:\/\/www.payne.cz\/WP15\/wp-json\/wp\/v2\/posts\/171\/revisions\/748"}],"wp:attachment":[{"href":"https:\/\/www.payne.cz\/WP15\/wp-json\/wp\/v2\/media?parent=171"}],"wp:term":[{"taxonomy":"category","embeddable":true,"href":"https:\/\/www.payne.cz\/WP15\/wp-json\/wp\/v2\/categories?post=171"},{"taxonomy":"post_tag","embeddable":true,"href":"https:\/\/www.payne.cz\/WP15\/wp-json\/wp\/v2\/tags?post=171"}],"curies":[{"name":"wp","href":"https:\/\/api.w.org\/{rel}","templated":true}]}}