{"id":164,"date":"2015-04-30T15:49:27","date_gmt":"2015-04-30T14:49:27","guid":{"rendered":"http:\/\/www.payne.cz\/WP15\/?p=164"},"modified":"2015-06-01T15:08:20","modified_gmt":"2015-06-01T14:08:20","slug":"euroskeptici-konci","status":"publish","type":"post","link":"https:\/\/www.payne.cz\/WP15\/euroskeptici-konci\/","title":{"rendered":"Euroskeptici kon\u010d\u00ed"},"content":{"rendered":"<div id=\"attachment_168\" style=\"width: 260px\" class=\"wp-caption alignright\"><a href=\"http:\/\/www.payne.cz\/WP15\/wp-content\/uploads\/2015\/04\/84555_clanok_foto_986.jpg\"><img loading=\"lazy\" decoding=\"async\" aria-describedby=\"caption-attachment-168\" class=\"wp-image-168 size-full\" src=\"http:\/\/www.payne.cz\/WP15\/wp-content\/uploads\/2015\/04\/84555_clanok_foto_986.jpg\" alt=\"84555_clanok_foto_986\" width=\"250\" height=\"187\" \/><\/a><p id=\"caption-attachment-168\" class=\"wp-caption-text\">Skon\u010dila \u00e9ra euroskeptik\u016f a nastala epocha opozice proti st\u00e1vaj\u00edc\u00ed podob\u011b Evropsk\u00e9 unie.<\/p><\/div>\n<p style=\"text-align: right;\"><span style=\"color: #008080;\">20.5.2009<\/span><\/p>\n<p style=\"text-align: justify;\">Po desetilet\u00ed byli za euroskeptiky ozna\u010dov\u00e1ni ti, kdo pochybovali o spr\u00e1vnosti jedin\u00e9 p\u0159edkl\u00e1dan\u00e9 pravdy o spr\u00e1vnosti st\u00e1vaj\u00edc\u00ed podoby evropsk\u00e9 integrace. Byli to podiv\u00edni, kte\u0159\u00ed necht\u011bj\u00ed sd\u00edlet povinn\u00e9 budovatelsk\u00e9 nad\u0161en\u00ed. Slovo skeptik m\u00e1 samo o sob\u011b individu\u00e1ln\u00ed n\u00e1boj, jako by \u0161lo o n\u011bjak\u00fd povahov\u00fd rys. Je to \u0161karohl\u00edd a pesimista.<\/p>\n<p style=\"text-align: justify;\">Po\u010d\u00e1tek nov\u00e9ho tis\u00edcilet\u00ed v Evrop\u011b poznamenala diskuse o n\u00e1vrhu evropsk\u00e9 \u00fastavy, diplomaticky pozd\u011bji p\u0159ejmenovan\u00e9 na Lisabonskou smlouvu. Dokument, kter\u00fd se pokou\u0161\u00ed \u0161patn\u011b polo\u017een\u00e9 z\u00e1klady zamaskovat ka\u0161\u00edrovan\u00fdmi dekoracemi, pod kter\u00fdmi se schyluje ke zhroucen\u00ed nosn\u00fdch konstrukc\u00ed. N\u00e1\u0161 pr\u00e1vn\u00ed \u0159\u00e1d tomu \u0159\u00edk\u00e1 obecn\u00e9 ohro\u017een\u00ed.<\/p>\n<p style=\"text-align: justify;\">Mnohasetstr\u00e1nkov\u00fd text bezradn\u011b p\u0159e\u0161lapuje nad ne\u0159e\u0161itelnou kvadraturou kruhu: \u00famysln\u00fd demokratick\u00fd deficit nelze p\u0159emalovat na demokracii. Neskladnost velk\u00fdch evropsk\u00fdch n\u00e1rod\u016f, kter\u00e1 v d\u011bjin\u00e1ch Evropy zp\u016fsobila tolik utrpen\u00ed, je v uvnit\u0159 Evropsk\u00e9 unie je\u0161t\u011b m\u00e9n\u011b \u0159e\u0161iteln\u00e1, ne\u017e byla p\u0159ed t\u00edm. Neochota p\u0159ijmout rovnopr\u00e1vn\u00e9 postaven\u00ed s mal\u00fdmi n\u00e1rody, kv\u016fli kter\u00e9 musel vzniknout koncept suverenity, vyv\u011br\u00e1 v Lisabonsk\u00e9 smlouv\u011b na povrch jako \u017ehav\u00e1 l\u00e1va z podzem\u00ed v erupc\u00edch o to siln\u011bj\u0161\u00edch, \u017ee je ji\u017e \u017e\u00e1dn\u00e1 suverenita mal\u00fdch soused\u016f neomezuje. Nov\u00e9 pojet\u00ed v\u00e1\u017een\u00e9ho hlasov\u00e1n\u00ed je jen p\u0159irozen\u00fdm pr\u016fvodn\u00edm jevem sope\u010dn\u00e9 erupce.<\/p>\n<p style=\"text-align: justify;\">Nepochybovat a h\u00e1jit jedin\u00e9 zkamen\u011bl\u00e9 dogma je sice snadn\u00e9, ale je to primitivn\u00ed. Demokratick\u00fd deficit z\u00e1konit\u011b znamen\u00e1, \u017ee se ne\u0159e\u0161en\u00e1 nap\u011bt\u00ed a probl\u00e9my hromad\u00ed. Svobodn\u00e1 spole\u010dnost mus\u00ed m\u00edt mo\u017enost volby. Nen\u00ed jen jedna politick\u00e1 ideologie. Nikdo nem\u00e1 patent na pravdu. Propaganda placen\u00e1 z ve\u0159ejn\u00fdch prost\u0159edk\u016f mus\u00ed b\u00fdt zak\u00e1z\u00e1na, i kdyby p\u0159ich\u00e1zela z Bruselu. Pluralitn\u00ed syst\u00e9m je zalo\u017een na skute\u010dnosti, \u017ee existuje v\u00edce mo\u017enost\u00ed, jak interpretovat politick\u00e9 d\u011bn\u00ed kolem n\u00e1s, \u017ee \u017e\u00e1dn\u00fd politick\u00fd sm\u011br nen\u00ed nad\u0159azen ostatn\u00edm. Pluralita d\u00e1v\u00e1 mo\u017enost volby, mo\u017enost pochybovat, porovn\u00e1vat, diskutovat a polemizovat.<\/p>\n<p style=\"text-align: justify;\">Eurooptimist\u00e9 si p\u0159isvojili pr\u00e1vo soudit ka\u017ed\u00e9ho, kdo nesd\u00edl\u00ed jejich optimismus. Lisabonsk\u00e1 smlouva je zhmotn\u011bl\u00fdm projevem jejich arogance. Nep\u0159ipou\u0161t\u011bj\u00ed si my\u0161lenku, \u017ee v\u0161e nen\u00ed dokonal\u00e9. Odm\u00edtaj\u00ed tu\u0161en\u00ed skryt\u00e9 pravdy o existenci jin\u00fdch alternativ. Vyzn\u00e1vaj\u00ed dogma m\u00edsto svobodn\u00e9ho dialogu.<\/p>\n<p style=\"text-align: justify;\">V takov\u00e9m prost\u0159ed\u00ed do\u0161lo k prom\u011bn\u011b euroskeptika v opozici. Skepse je individu\u00e1ln\u00ed postoj, opozice je politick\u00fd sm\u011br. Skeptik pochybuje o \u00fasp\u011b\u0161nosti projektu, oponent p\u0159edkl\u00e1d\u00e1 alternativu. Oponent se od euroskeptika li\u0161\u00ed t\u00edm, \u017ee m\u00e1 nad\u011bji, \u017ee se to m\u016f\u017ee zm\u011bnit. Skon\u010dila \u00e9ra euroskeptik\u016f a nastala epocha opozice proti st\u00e1vaj\u00edc\u00ed podob\u011b Evropsk\u00e9 unie.<\/p>\n","protected":false},"excerpt":{"rendered":"<p>20.5.2009 Po desetilet\u00ed byli za euroskeptiky ozna\u010dov\u00e1ni ti, kdo pochybovali o spr\u00e1vnosti jedin\u00e9 p\u0159edkl\u00e1dan\u00e9 pravdy o spr\u00e1vnosti st\u00e1vaj\u00edc\u00ed podoby evropsk\u00e9 integrace. Byli to podiv\u00edni, kte\u0159\u00ed necht\u011bj\u00ed sd\u00edlet povinn\u00e9 budovatelsk\u00e9 nad\u0161en\u00ed&#8230;. <a class=\"read-more-button\" href=\"https:\/\/www.payne.cz\/WP15\/euroskeptici-konci\/\">\u010c\u00edst v\u00edce &gt;<\/a><\/p>\n","protected":false},"author":2,"featured_media":0,"comment_status":"closed","ping_status":"closed","sticky":false,"template":"","format":"standard","meta":{"ngg_post_thumbnail":0,"_monsterinsights_skip_tracking":false,"_monsterinsights_sitenote_active":false,"_monsterinsights_sitenote_note":"","_monsterinsights_sitenote_category":0,"footnotes":""},"categories":[3,22,16,9],"tags":[6,23,18],"class_list":["post-164","post","type-post","status-publish","format-standard","hentry","category-clanky","category-eu","category-svobodni","category-zahrpol","tag-dompol","tag-eu","tag-svobodi"],"_links":{"self":[{"href":"https:\/\/www.payne.cz\/WP15\/wp-json\/wp\/v2\/posts\/164","targetHints":{"allow":["GET"]}}],"collection":[{"href":"https:\/\/www.payne.cz\/WP15\/wp-json\/wp\/v2\/posts"}],"about":[{"href":"https:\/\/www.payne.cz\/WP15\/wp-json\/wp\/v2\/types\/post"}],"author":[{"embeddable":true,"href":"https:\/\/www.payne.cz\/WP15\/wp-json\/wp\/v2\/users\/2"}],"replies":[{"embeddable":true,"href":"https:\/\/www.payne.cz\/WP15\/wp-json\/wp\/v2\/comments?post=164"}],"version-history":[{"count":5,"href":"https:\/\/www.payne.cz\/WP15\/wp-json\/wp\/v2\/posts\/164\/revisions"}],"predecessor-version":[{"id":759,"href":"https:\/\/www.payne.cz\/WP15\/wp-json\/wp\/v2\/posts\/164\/revisions\/759"}],"wp:attachment":[{"href":"https:\/\/www.payne.cz\/WP15\/wp-json\/wp\/v2\/media?parent=164"}],"wp:term":[{"taxonomy":"category","embeddable":true,"href":"https:\/\/www.payne.cz\/WP15\/wp-json\/wp\/v2\/categories?post=164"},{"taxonomy":"post_tag","embeddable":true,"href":"https:\/\/www.payne.cz\/WP15\/wp-json\/wp\/v2\/tags?post=164"}],"curies":[{"name":"wp","href":"https:\/\/api.w.org\/{rel}","templated":true}]}}