{"id":1627,"date":"2018-07-25T16:45:22","date_gmt":"2018-07-25T15:45:22","guid":{"rendered":"http:\/\/www.payne.cz\/WP15\/?p=1627"},"modified":"2018-07-25T16:45:22","modified_gmt":"2018-07-25T15:45:22","slug":"vysmech-volicum","status":"publish","type":"post","link":"https:\/\/www.payne.cz\/WP15\/vysmech-volicum\/","title":{"rendered":"V\u00fdsm\u011bch voli\u010d\u016fm"},"content":{"rendered":"<div class=\"opener\" style=\"text-align: right;\"><span style=\"color: #008000; font-size: 10pt;\">25.7.2018<\/span><\/div>\n<div class=\"text\" style=\"text-align: justify;\">\n<p>&nbsp;<\/p>\n<p style=\"text-align: justify;\"><span style=\"font-size: 12pt;\">Poslanci pod veden\u00edm Ale\u0161e Juchelky za ANO navrhuj\u00ed z\u00e1kon, kter\u00fd p\u0159ejmenov\u00e1v\u00e1 mate\u0159skou dovolenou. Pr\u00fd to m\u00e1 n\u011bjak\u00fd symbolick\u00fd v\u00fdznam.<\/span><\/p>\n<p style=\"text-align: justify;\"><span style=\"font-size: 12pt;\">Z\u00e1kon\u016f m\u00e1 b\u00fdt co nejm\u00e9n\u011b a maj\u00ed se m\u011bnit pouze tehdy, je-li to naprosto nezbytn\u011b nutn\u00e9. Juchelk\u016fv n\u00e1vrh je legislativn\u00ed zv\u011brstvo. Legislativn\u00ed rozvernost vedouc\u00ed pana poslance k terminologick\u00fdm hr\u00e1tk\u00e1m je v\u00fdsm\u011bchem voli\u010d\u016fm. Projedn\u00e1n\u00ed a schv\u00e1len\u00ed ka\u017ed\u00e9ho z\u00e1kona stoj\u00ed des\u00edtky milion\u016f korun. Z\u00e1kony se skryt\u00fdm symbolick\u00fdm v\u00fdznamem opravdu nejsou politickou prioritou a deficitn\u00ed rozpo\u010det by m\u011bl znamenat zejm\u00e9na pro koali\u010dn\u00ed poslance, \u017ee budou p\u0159edkl\u00e1dat jen dokonale zpracovan\u00e9 n\u00e1vrhy s p\u0159edem projednanou podporou sv\u00e9 vl\u00e1dy. N\u00e1vrh je v\u00fdsm\u011bchem \u0161patn\u011b funguj\u00edc\u00ed nespravedliv\u00e9 justici, \u0161\u00edlen\u00e9 situaci insolven\u010dn\u011b posti\u017een\u00fdch ob\u010dan\u016f, nep\u0159\u00edli\u0161 funguj\u00edc\u00edmu \u0161kolstv\u00ed, kter\u00e9 funguje jen kv\u016fli dobr\u00e9 v\u016fli pedagog\u016f, omezov\u00e1n\u00ed pr\u00e1va na informace, nakl\u00e1d\u00e1n\u00ed povinnost\u00ed, kter\u00e9 m\u00e1 plnit st\u00e1t, na b\u011b\u017en\u00e9 ob\u010dany atd.<\/span><span style=\"font-size: 12pt;\">V dob\u011b prvn\u00ed republiky Parlament vl\u00e1d\u011b vracel z\u00e1kony k p\u0159epracov\u00e1n\u00ed, pokud se v p\u0159edloze na\u0161la sebemen\u0161\u00ed chybi\u010dka \u2013 nap\u0159\u00edklad chyb\u011bj\u00edc\u00ed interpunk\u010dn\u00ed\u00a0<\/span><\/p>\n<\/div>\n<div class=\"text\" style=\"text-align: justify;\">\n<p style=\"text-align: justify;\"><span style=\"font-size: 12pt;\"><img loading=\"lazy\" decoding=\"async\" class=\"size-medium wp-image-1628 alignright\" src=\"http:\/\/www.payne.cz\/WP15\/wp-content\/uploads\/sb\u00edrka-300x194.jpg\" alt=\"sb\u00edrka\" width=\"300\" height=\"194\" srcset=\"https:\/\/www.payne.cz\/WP15\/wp-content\/uploads\/sb\u00edrka-300x194.jpg 300w, https:\/\/www.payne.cz\/WP15\/wp-content\/uploads\/sb\u00edrka.jpg 434w\" sizes=\"auto, (max-width: 300px) 100vw, 300px\" \/>znam\u00e9nko &#8211; s obvyklou fr\u00e1z\u00ed, \u017ee \u201avl\u00e1da je povinna p\u0159edkl\u00e1dat dokonal\u00e9 p\u0159edlohy z\u00e1kon\u016f\u2018. Hnut\u00ed ANO p\u0159ineslo do na\u0161\u00ed parlamentn\u00ed politiky rozvrat dosavadn\u00ed i tak nep\u0159\u00edli\u0161 vysok\u00e9 kvality n\u00e1vrh\u016f z\u00e1kon\u016f. Poslanec Juchelka na v\u00fdtku sv\u00e9 vl\u00e1dy, \u017ee je n\u00e1vrh \u0161patn\u011b zpracov\u00e1n, reaguje t\u00edm, \u017ee se to p\u0159ece oprav\u00ed ve druh\u00e9m \u010dten\u00ed pozm\u011b\u0148ovac\u00edm n\u00e1vrhem.<\/span><\/p>\n<p style=\"text-align: justify;\"><span style=\"font-size: 12pt;\">P\u0159ed n\u011bkolika lety jsem poprv\u00e9 pou\u017eil term\u00edn legislativn\u00ed zmetek. Kdy\u017e d\u011bln\u00edk vyrob\u00ed zmetek, obvykle se to projev\u00ed na jeho v\u00fdplat\u011b. Vl\u00e1da tehdy p\u0159edkl\u00e1dala n\u00e1vrh z\u00e1kona, v n\u011bm\u017e v d\u016fvodov\u00e9 zpr\u00e1v\u011b uvedla, \u017ee \u201an\u00e1vrh odstra\u0148uje nezam\u00fd\u0161len\u00e9 negativn\u00ed d\u016fsledky p\u0159edchoz\u00ed novelizace\u2018.\u00a0<\/span><\/p>\n<p style=\"text-align: justify;\"><span style=\"font-size: 12pt;\">Kdy\u017e nyn\u00ed poslanec v\u011bdom\u011b p\u0159edkl\u00e1d\u00e1 legislativn\u00ed zmetky, po\u0161kozuje cel\u00fd n\u00e1\u0161 st\u00e1t, na\u0161\u00ed kulturu, na\u0161\u00ed politiku. Cynismus, kter\u00fd pan poslanec Juchelka ostentativn\u011b d\u00e1v\u00e1 najevo, kdy\u017e obhajuje legislativn\u00ed zmetek, by mo\u017en\u00e1 m\u011bl v\u00e9st ke sn\u00ed\u017een\u00ed jeho platu, jako tomu je v n\u011bkter\u00fdch jin\u00fdch profes\u00edch. P\u0159inejmen\u0161\u00edm bych o\u010dek\u00e1val, \u017ee m\u00e9dia se budou autora dotazovat, zda sv\u016fj n\u00e1vrh vezme zp\u011bt d\u0159\u00edve, ne\u017e se za\u010dne ve Sn\u011bmovn\u011b projedn\u00e1vat.<\/span><\/p>\n<\/div>\n<div class=\"text\"><\/div>\n<p>&nbsp;<\/p>\n","protected":false},"excerpt":{"rendered":"<p>25.7.2018 &nbsp; Poslanci pod veden\u00edm Ale\u0161e Juchelky za ANO navrhuj\u00ed z\u00e1kon, kter\u00fd p\u0159ejmenov\u00e1v\u00e1 mate\u0159skou dovolenou. Pr\u00fd to m\u00e1 n\u011bjak\u00fd symbolick\u00fd v\u00fdznam. Z\u00e1kon\u016f m\u00e1 b\u00fdt co nejm\u00e9n\u011b a maj\u00ed se m\u011bnit&#8230; <a class=\"read-more-button\" href=\"https:\/\/www.payne.cz\/WP15\/vysmech-volicum\/\">\u010c\u00edst v\u00edce &gt;<\/a><\/p>\n","protected":false},"author":2,"featured_media":0,"comment_status":"closed","ping_status":"closed","sticky":false,"template":"","format":"standard","meta":{"ngg_post_thumbnail":0,"_monsterinsights_skip_tracking":false,"_monsterinsights_sitenote_active":false,"_monsterinsights_sitenote_note":"","_monsterinsights_sitenote_category":0,"footnotes":""},"categories":[3],"tags":[],"class_list":["post-1627","post","type-post","status-publish","format-standard","hentry","category-clanky"],"_links":{"self":[{"href":"https:\/\/www.payne.cz\/WP15\/wp-json\/wp\/v2\/posts\/1627","targetHints":{"allow":["GET"]}}],"collection":[{"href":"https:\/\/www.payne.cz\/WP15\/wp-json\/wp\/v2\/posts"}],"about":[{"href":"https:\/\/www.payne.cz\/WP15\/wp-json\/wp\/v2\/types\/post"}],"author":[{"embeddable":true,"href":"https:\/\/www.payne.cz\/WP15\/wp-json\/wp\/v2\/users\/2"}],"replies":[{"embeddable":true,"href":"https:\/\/www.payne.cz\/WP15\/wp-json\/wp\/v2\/comments?post=1627"}],"version-history":[{"count":7,"href":"https:\/\/www.payne.cz\/WP15\/wp-json\/wp\/v2\/posts\/1627\/revisions"}],"predecessor-version":[{"id":1635,"href":"https:\/\/www.payne.cz\/WP15\/wp-json\/wp\/v2\/posts\/1627\/revisions\/1635"}],"wp:attachment":[{"href":"https:\/\/www.payne.cz\/WP15\/wp-json\/wp\/v2\/media?parent=1627"}],"wp:term":[{"taxonomy":"category","embeddable":true,"href":"https:\/\/www.payne.cz\/WP15\/wp-json\/wp\/v2\/categories?post=1627"},{"taxonomy":"post_tag","embeddable":true,"href":"https:\/\/www.payne.cz\/WP15\/wp-json\/wp\/v2\/tags?post=1627"}],"curies":[{"name":"wp","href":"https:\/\/api.w.org\/{rel}","templated":true}]}}