{"id":1619,"date":"2018-05-14T11:27:25","date_gmt":"2018-05-14T10:27:25","guid":{"rendered":"http:\/\/www.payne.cz\/WP15\/?p=1619"},"modified":"2018-05-14T11:27:25","modified_gmt":"2018-05-14T10:27:25","slug":"uznejte-jeruzalem-za-hlavni-mesto-izraele-pani-mogherini","status":"publish","type":"post","link":"https:\/\/www.payne.cz\/WP15\/uznejte-jeruzalem-za-hlavni-mesto-izraele-pani-mogherini\/","title":{"rendered":"Uznejte Jeruzal\u00e9m za hlavn\u00ed m\u011bsto Izraele, pan\u00ed Mogherini"},"content":{"rendered":"<p style=\"text-align: center;\">Ji\u0159\u00ed Payne<\/p>\n<p style=\"text-align: right;\">14.5.2018<\/p>\n<p>Va\u0161e Excelence<\/p>\n<p>&nbsp;<\/p>\n<p style=\"text-align: justify;\">stejn\u011b jako \u010cesk\u00e1 republika i j\u00e1 podporuji st\u00e1t Izrael. Vn\u00edm\u00e1m Izrael jako vlast starov\u011bk\u00fdch \u017did\u016f. Izrael je jedin\u00fdm skute\u010dn\u00fdm partnerem evropsk\u00fdch zem\u00ed na St\u0159edn\u00edm v\u00fdchod\u011b. Podporuji tak\u00e9 stejn\u011b jako u jin\u00fdch st\u00e1t\u016f na sv\u011bt\u011b pln\u00e9 pr\u00e1vo Izraele, aby si ur\u010dil sv\u00e9 vlastn\u00ed hlavn\u00ed m\u011bsto, a vn\u00edm\u00e1m to jako z\u00e1kladn\u00ed pr\u00e1vo izraelsk\u00fdch ob\u010dan\u016f. P\u0159ipom\u00edn\u00e1m, \u017ee Evropsk\u00e1 unie uzn\u00e1v\u00e1 hlavn\u00ed m\u011bsta v\u0161ech ostatn\u00edch st\u00e1t\u016f.<\/p>\n<p style=\"text-align: justify;\">P\u0159ipom\u00edn\u00e1m rovn\u011b\u017e, \u017ee Jeruzal\u00e9m je od roku 1949 s\u00eddlem exekutivn\u00edch, legislativn\u00edch a soudn\u00edch org\u00e1n\u016f st\u00e1tu Izraele a p\u0159ipom\u00edn\u00e1m i \u00fastavn\u00ed z\u00e1kon schv\u00e1len\u00fd v roce 1980 izraelsk\u00fdm demokraticky zvolen\u00fdm parlamentem &#8211; Knessetem, kter\u00fd prohla\u0161uje Jeruzal\u00e9m za hlavn\u00ed m\u011bsto Izraele.<img loading=\"lazy\" decoding=\"async\" class=\" wp-image-1621 alignright\" src=\"http:\/\/www.payne.cz\/WP15\/wp-content\/uploads\/mogherini-veil-300x169.jpg\" alt=\"mogherini-veil\" width=\"375\" height=\"211\" srcset=\"https:\/\/www.payne.cz\/WP15\/wp-content\/uploads\/mogherini-veil-300x169.jpg 300w, https:\/\/www.payne.cz\/WP15\/wp-content\/uploads\/mogherini-veil.jpg 650w\" sizes=\"auto, (max-width: 375px) 100vw, 375px\" \/><\/p>\n<p style=\"text-align: justify;\">Iniciativa Spojen\u00fdch st\u00e1t\u016f americk\u00fdch uznat Jeruzal\u00e9m za hlavn\u00ed m\u011bsto \u017did\u016f a st\u00e1tu Izrael se napl\u0148uje.\u00a0 V\u00edt\u00e1m tento krok a jsem p\u0159esv\u011bd\u010den, \u017ee to je pozitivn\u00ed, konstruktivn\u00ed, proz\u00edrav\u00fd krok z hlediska historick\u00e9 spravedlnosti v\u016f\u010di starov\u011bk\u00fdm \u017did\u016fm a rovn\u011b\u017e v\u016f\u010di modern\u00edmu st\u00e1tu Izrael.<\/p>\n<p style=\"text-align: justify;\">P\u0159ed stolet\u00edm n\u00e1\u0161 kontinent u\u010dinil krok s podobn\u00fdmi historick\u00fdmi d\u016fsledky: Spole\u010dnost n\u00e1rod\u016f uznala \u017eidovsk\u00e9 pr\u00e1vo na sebeur\u010den\u00ed, kter\u00e9 vedlo k\u00a0ustaven\u00ed k\u0159ehk\u00e9ho \u017eidovsk\u00e9ho st\u00e1tu. \u017didovsk\u00e1 tradice je sou\u010d\u00e1st\u00ed evropsk\u00e9 historie a Izrael sd\u00edl\u00ed hodnoty evropsk\u00e9 civilizace v\u00a0problematick\u00e9m regionu, kter\u00fd hled\u00e1 stabiln\u00ed uspo\u0159\u00e1d\u00e1n\u00ed.<\/p>\n<p style=\"text-align: justify;\">Izrael je jedin\u00fd st\u00e1t na St\u0159edn\u00edm v\u00fdchod\u011b s pluralitn\u00ed demokratickou politickou strukturou. Mezin\u00e1rodn\u00ed spole\u010denstv\u00ed ji\u017e uznalo historickou vazbu \u017did\u016f na\u00a0\u00fazem\u00ed Izraele, v\u010detn\u011b Jeruzal\u00e9ma.<\/p>\n<p style=\"text-align: justify;\">Neuznat Jeruzal\u00e9m za hlavn\u00ed m\u011bsto \u017did\u016f a st\u00e1tu Izrael a p\u0159itom uznat hlavn\u00ed m\u011bsta v\u0161ech dal\u0161\u00edch zem\u00ed na sv\u011bt\u011b by bylo projevem \u00famysln\u00e9 nebo ne\u00famysln\u00e9 zaujatosti proti \u017eidovsk\u00e9mu obyvatelstvu st\u00e1tu Izrael a bylo by proto nespravedliv\u00e9. Neuzn\u00e1n\u00ed hlavn\u00edho m\u011bsta \u017eidovsk\u00e9ho n\u00e1roda ve st\u00e1t\u011b Izrael by mohlo podpo\u0159it delegitimizaci Izraele a mohlo by probouzet odkaz nejhanebn\u011bj\u0161\u00edho antisemitismu.<\/p>\n<p style=\"text-align: justify;\">Uzn\u00e1n\u00ed p\u0159itom nevylu\u010duje \u017e\u00e1dnou mo\u017enost uzav\u0159en\u00ed dohody sjednan\u00e9 ob\u011bma stranami v budoucnu v dobr\u00e9 v\u00ed\u0159e.<\/p>\n<p style=\"text-align: justify;\">Proto V\u00e1s vyz\u00fdv\u00e1m, pan\u00ed m\u00edstop\u0159edsedkyn\u011b Mogherini, jako vysokou z\u00e1stupkyni Evropsk\u00e9 unie pro zahrani\u010dn\u00ed v\u011bci a bezpe\u010dnostn\u00ed politiku, abyste uznala Jeruzal\u00e9m za hlavn\u00ed m\u011bsto st\u00e1tu Izrael.<\/p>\n<p>&nbsp;<\/p>\n<p>Ji\u0159\u00ed Payne<\/p>\n<p>&nbsp;<\/p>\n<p><strong>Federica \u00a0Mogherini<\/strong><br \/>\nVysok\u00e1 z\u00e1stupkyn\u011b Evropsk\u00e9 unie pro zahrani\u010dn\u00ed v\u011bci a bezpe\u010dnostn\u00ed politiku<br \/>\nm\u00edstop\u0159edsedkyn\u011b Evropsk\u00e9 komise<br \/>\nRue de la Loi \/ Wetstraat 200<br \/>\n1049 Bruselu<br \/>\nBelgie<\/p>\n<p>&nbsp;<\/p>\n","protected":false},"excerpt":{"rendered":"<p>Ji\u0159\u00ed Payne 14.5.2018 Va\u0161e Excelence &nbsp; stejn\u011b jako \u010cesk\u00e1 republika i j\u00e1 podporuji st\u00e1t Izrael. Vn\u00edm\u00e1m Izrael jako vlast starov\u011bk\u00fdch \u017did\u016f. Izrael je jedin\u00fdm skute\u010dn\u00fdm partnerem evropsk\u00fdch zem\u00ed na St\u0159edn\u00edm&#8230; <a class=\"read-more-button\" href=\"https:\/\/www.payne.cz\/WP15\/uznejte-jeruzalem-za-hlavni-mesto-izraele-pani-mogherini\/\">\u010c\u00edst v\u00edce &gt;<\/a><\/p>\n","protected":false},"author":2,"featured_media":0,"comment_status":"closed","ping_status":"closed","sticky":false,"template":"","format":"standard","meta":{"ngg_post_thumbnail":0,"_monsterinsights_skip_tracking":false,"_monsterinsights_sitenote_active":false,"_monsterinsights_sitenote_note":"","_monsterinsights_sitenote_category":0,"footnotes":""},"categories":[3],"tags":[],"class_list":["post-1619","post","type-post","status-publish","format-standard","hentry","category-clanky"],"_links":{"self":[{"href":"https:\/\/www.payne.cz\/WP15\/wp-json\/wp\/v2\/posts\/1619","targetHints":{"allow":["GET"]}}],"collection":[{"href":"https:\/\/www.payne.cz\/WP15\/wp-json\/wp\/v2\/posts"}],"about":[{"href":"https:\/\/www.payne.cz\/WP15\/wp-json\/wp\/v2\/types\/post"}],"author":[{"embeddable":true,"href":"https:\/\/www.payne.cz\/WP15\/wp-json\/wp\/v2\/users\/2"}],"replies":[{"embeddable":true,"href":"https:\/\/www.payne.cz\/WP15\/wp-json\/wp\/v2\/comments?post=1619"}],"version-history":[{"count":4,"href":"https:\/\/www.payne.cz\/WP15\/wp-json\/wp\/v2\/posts\/1619\/revisions"}],"predecessor-version":[{"id":1624,"href":"https:\/\/www.payne.cz\/WP15\/wp-json\/wp\/v2\/posts\/1619\/revisions\/1624"}],"wp:attachment":[{"href":"https:\/\/www.payne.cz\/WP15\/wp-json\/wp\/v2\/media?parent=1619"}],"wp:term":[{"taxonomy":"category","embeddable":true,"href":"https:\/\/www.payne.cz\/WP15\/wp-json\/wp\/v2\/categories?post=1619"},{"taxonomy":"post_tag","embeddable":true,"href":"https:\/\/www.payne.cz\/WP15\/wp-json\/wp\/v2\/tags?post=1619"}],"curies":[{"name":"wp","href":"https:\/\/api.w.org\/{rel}","templated":true}]}}