{"id":1591,"date":"2018-01-16T19:14:15","date_gmt":"2018-01-16T18:14:15","guid":{"rendered":"http:\/\/www.payne.cz\/WP15\/?p=1591"},"modified":"2020-11-14T17:29:33","modified_gmt":"2020-11-14T16:29:33","slug":"navrh-usneseni-evropskeho-parlamentu-k-uznani-jeruzalema-za-hlavni-mesto-izraele","status":"publish","type":"post","link":"https:\/\/www.payne.cz\/WP15\/navrh-usneseni-evropskeho-parlamentu-k-uznani-jeruzalema-za-hlavni-mesto-izraele\/","title":{"rendered":"N\u00e1vrh usnesen\u00ed Evropsk\u00e9ho parlamentu k uzn\u00e1n\u00ed Jeruzal\u00e9ma za hlavn\u00ed m\u011bsto Izraele"},"content":{"rendered":"<p style=\"text-align: right;\"><span style=\"color: #018068;\">16.1.2018<\/span><\/p>\n<p><span style=\"color: #018068;\"><b>Evropsk\u00fd parlament <\/b><\/span><\/p>\n<ul>\n<li style=\"text-align: justify;\">v&nbsp;n\u00e1vaznosti na rozhodnut\u00ed USA ze dne 6.&nbsp;12.&nbsp;2017 uznat Jeruzal\u00e9m za hlavn\u00ed m\u011bsto st\u00e1tu Izrael,<\/li>\n<li style=\"text-align: justify;\">s&nbsp;ohledem na \u017eidovsko-k\u0159es\u0165ansk\u00e9 ko\u0159eny evropsk\u00e9 civilizace,<\/li>\n<li style=\"text-align: justify;\">s&nbsp;ohledem na to, \u017ee st\u00e1t Izrael je jedin\u00fdm p\u0159irozen\u00fdm spojencem evropsk\u00e9 civilizace na Bl\u00edzk\u00e9m V\u00fdchod\u011b,<\/li>\n<li style=\"text-align: justify;\">s&nbsp;v\u011bdom\u00edm, \u017ee Evropsk\u00e1 unie ve sv\u00e9 spole\u010dn\u00e9 zahrani\u010dn\u00ed politice na sebe p\u0159ej\u00edm\u00e1 \u010d\u00e1st spoluodpov\u011bdnosti za nelidsk\u00e9 zach\u00e1zen\u00ed s&nbsp;\u017eidovsk\u00fdmi komunitami a jejich p\u0159\u00edslu\u0161n\u00edky v&nbsp;pr\u016fb\u011bhu druh\u00e9 sv\u011btov\u00e9 v\u00e1lky,<\/li>\n<\/ul>\n<ol>\n<li style=\"text-align: justify;\">P\u0159ipom\u00edn\u00e1, \u017ee p\u0159inejmen\u0161\u00edm t\u0159i tis\u00edce let trv\u00e1 \u00fasil\u00ed n\u011bkter\u00fdch obyvatel na bl\u00edzk\u00e9m v\u00fdchod\u011b o \u00fapln\u00e9 vyhlazen\u00ed \u017eidovsk\u00e9ho obyvatelstva z&nbsp;povrchu zem\u011b,<\/li>\n<li style=\"text-align: justify;\">P\u0159ipom\u00edn\u00e1, \u017ee Jeruzal\u00e9m byl historick\u00fdm s\u00eddlem Izraelsk\u00fdch kr\u00e1l\u016f,<\/li>\n<li style=\"text-align: justify;\">P\u0159ipom\u00edn\u00e1, \u017ee povinnost\u00ed EU je h\u00e1jit nejlep\u0161\u00ed tradice evropsk\u00fdch d\u011bjin, ke kter\u00fdm pat\u0159\u00ed respekt k&nbsp;svobod\u011b druh\u00fdch, \u00facta k n\u00e1zoru, pluralita a rovnopr\u00e1vnost, f\u00e9rov\u00e1 sout\u011b\u017e,<\/li>\n<li style=\"text-align: justify;\">P\u0159ipom\u00edn\u00e1, \u017ee Izrael je jedin\u00fdm st\u00e1tem na Bl\u00edzk\u00e9m v\u00fdchod\u011b s&nbsp;pluralitn\u00edm demokratick\u00fdm politick\u00fdm z\u0159\u00edzen\u00edm,<\/li>\n<li style=\"text-align: justify;\">Odm\u00edt\u00e1 pro Evropskou unii cynicky bezhodnotovou zahrani\u010dn\u00ed politiku,<\/li>\n<li style=\"text-align: justify;\">Konstatuje, \u017ee vulg\u00e1rn\u00ed blahobyt nesm\u00ed b\u00fdt jedin\u00fdm \u00fab\u011b\u017en\u00edkem spole\u010dn\u00e9 zahrani\u010dn\u00ed politiky,<\/li>\n<li style=\"text-align: justify;\">P\u0159ipom\u00edn\u00e1, \u017ee od roku 1949 je Jeruzal\u00e9m s\u00eddlem v\u00fdkonn\u00e9, z\u00e1konod\u00e1rn\u00e9 i soudn\u00ed moci st\u00e1tu Izrael,<\/li>\n<li style=\"text-align: justify;\">P\u0159ipom\u00edn\u00e1 z\u00e1kon schv\u00e1len\u00fd Knessetem v roce 1980 a kter\u00fd byl publikov\u00e1n ve sb\u00edrce z\u00e1kon\u016f a kter\u00fd prohl\u00e1sil Jeruzal\u00e9m za hlavn\u00ed m\u011bsto Izraele,<\/li>\n<li style=\"text-align: justify;\">Konstatuje, \u017ee St\u00e1t Izrael m\u00e1 pr\u00e1vo rozhodnout o sv\u00e9m hlavn\u00edm m\u011bst\u011b,<\/li>\n<li style=\"text-align: justify;\">Konstatuje, \u017ee v&nbsp;Jeruzal\u00e9m\u011b s\u00eddl\u00ed izraelsk\u00e1 vl\u00e1da a dal\u0161\u00ed \u00fastavn\u00ed org\u00e1ny st\u00e1tu Izrael (v\u010detn\u011b Knessetu od roku 1949),<\/li>\n<li style=\"text-align: justify;\">Konstatuje, \u017ee uzn\u00e1n\u00ed Jeruzal\u00e9ma za hlavn\u00ed m\u011bsto Izraele nikterak nenaru\u0161uje soub\u011b\u017en\u00e9 spolu\u017eit\u00ed judaismu, k\u0159es\u0165anstv\u00ed a isl\u00e1mu,<\/li>\n<li style=\"text-align: justify;\">Konstatuje, \u017ee m\u00edrov\u00e1 jedn\u00e1n\u00ed ji\u017e dlouhou dobu nevykazuj\u00ed \u017e\u00e1dn\u00fd pokrok a nesm\u011b\u0159uj\u00ed k&nbsp;pokojn\u00e9mu sou\u017eit\u00ed,<\/li>\n<li style=\"text-align: justify;\">Konstatuje, \u017ee Izrael je jedin\u00fdm st\u00e1tem na bl\u00edzk\u00e9m v\u00fdchod\u011b, kter\u00fd garantuje n\u00e1bo\u017eenskou svobodu pro \u017eidy, k\u0159es\u0165any a muslimy,<\/li>\n<li style=\"text-align: justify;\">Konstatuje, \u017ee Evropa nen\u00ed a nem\u016f\u017ee z\u016fstat hodnotov\u011b neutr\u00e1ln\u00ed, ani\u017e by zradila ko\u0159eny vlastn\u00ed civilizace,<\/li>\n<li style=\"text-align: justify;\">Konstatuje, \u017ee v\u011brnost vlastn\u00ed tradici nen\u00ed na p\u0159ek\u00e1\u017eku n\u00e1bo\u017eensk\u00e9 toleranci, mezi c\u00edrkevn\u00edmu dialogu a nesm\u00ed b\u00fdt p\u0159ek\u00e1\u017ekou pro hled\u00e1n\u00ed m\u00edrov\u00e9ho uspo\u0159\u00e1d\u00e1n\u00ed,<\/li>\n<li style=\"text-align: justify;\">Vyz\u00fdv\u00e1 vysokou p\u0159edstavitelku Unie pro zahrani\u010dn\u00ed v\u011bci a bezpe\u010dnostn\u00ed politiku Federicu Mogheriniovou, aby jm\u00e9nem Evropsk\u00e9 unie uznala Jeruzal\u00e9m za hlavn\u00ed m\u011bsto Izraele v hranic\u00edch demarka\u010dn\u00ed linie z roku 1967.\n<p><span style=\"color: #008080;\">N\u00e1vrh zpracoval europoslanec Ji\u0159\u00ed Payne<\/span><\/li>\n<\/ol>\n","protected":false},"excerpt":{"rendered":"<p>16.1.2018 Evropsk\u00fd parlament v&nbsp;n\u00e1vaznosti na rozhodnut\u00ed USA ze dne 6.&nbsp;12.&nbsp;2017 uznat Jeruzal\u00e9m za hlavn\u00ed m\u011bsto st\u00e1tu Izrael, s&nbsp;ohledem na \u017eidovsko-k\u0159es\u0165ansk\u00e9 ko\u0159eny evropsk\u00e9 civilizace, s&nbsp;ohledem na to, \u017ee st\u00e1t Izrael je&#8230; <a class=\"read-more-button\" href=\"https:\/\/www.payne.cz\/WP15\/navrh-usneseni-evropskeho-parlamentu-k-uznani-jeruzalema-za-hlavni-mesto-izraele\/\">\u010c\u00edst v\u00edce &gt;<\/a><\/p>\n","protected":false},"author":2,"featured_media":0,"comment_status":"closed","ping_status":"closed","sticky":false,"template":"","format":"standard","meta":{"ngg_post_thumbnail":0,"_monsterinsights_skip_tracking":false,"_monsterinsights_sitenote_active":false,"_monsterinsights_sitenote_note":"","_monsterinsights_sitenote_category":0,"footnotes":""},"categories":[3],"tags":[],"class_list":["post-1591","post","type-post","status-publish","format-standard","hentry","category-clanky"],"_links":{"self":[{"href":"https:\/\/www.payne.cz\/WP15\/wp-json\/wp\/v2\/posts\/1591","targetHints":{"allow":["GET"]}}],"collection":[{"href":"https:\/\/www.payne.cz\/WP15\/wp-json\/wp\/v2\/posts"}],"about":[{"href":"https:\/\/www.payne.cz\/WP15\/wp-json\/wp\/v2\/types\/post"}],"author":[{"embeddable":true,"href":"https:\/\/www.payne.cz\/WP15\/wp-json\/wp\/v2\/users\/2"}],"replies":[{"embeddable":true,"href":"https:\/\/www.payne.cz\/WP15\/wp-json\/wp\/v2\/comments?post=1591"}],"version-history":[{"count":5,"href":"https:\/\/www.payne.cz\/WP15\/wp-json\/wp\/v2\/posts\/1591\/revisions"}],"predecessor-version":[{"id":2053,"href":"https:\/\/www.payne.cz\/WP15\/wp-json\/wp\/v2\/posts\/1591\/revisions\/2053"}],"wp:attachment":[{"href":"https:\/\/www.payne.cz\/WP15\/wp-json\/wp\/v2\/media?parent=1591"}],"wp:term":[{"taxonomy":"category","embeddable":true,"href":"https:\/\/www.payne.cz\/WP15\/wp-json\/wp\/v2\/categories?post=1591"},{"taxonomy":"post_tag","embeddable":true,"href":"https:\/\/www.payne.cz\/WP15\/wp-json\/wp\/v2\/tags?post=1591"}],"curies":[{"name":"wp","href":"https:\/\/api.w.org\/{rel}","templated":true}]}}