{"id":1581,"date":"2017-12-21T00:41:17","date_gmt":"2017-12-20T23:41:17","guid":{"rendered":"http:\/\/www.payne.cz\/WP15\/?p=1581"},"modified":"2017-12-21T00:41:17","modified_gmt":"2017-12-20T23:41:17","slug":"v-rozhlase-k-projevu-junckera","status":"publish","type":"post","link":"https:\/\/www.payne.cz\/WP15\/v-rozhlase-k-projevu-junckera\/","title":{"rendered":"V rozhlase k projevu Junckera"},"content":{"rendered":"<p>\u201eV\u00edce \u010dokol\u00e1dy v kakau a ryb v ryb\u00edch prstech\u201c sl\u00edbil St\u0159edoevropan\u016fm \u0161\u00e9f Evropsk\u00e9 komise Jean-Claude Juncker p\u0159i sv\u00e9m dne\u0161n\u00edm projevu k poslanc\u016fm Evropsk\u00e9ho parlamentu.<\/p>\n<p>Nov\u00fd europoslanec za Svobodn\u00e9 Ji\u0159\u00ed Payne jeho projev komentovat na Radio\u017eurn\u00e1lu \u010cesk\u00e9ho rozhlasu \u2013 z\u00e1znam si pus\u0165te zde:<br \/>\n<iframe loading=\"lazy\" src=\"http:\/\/prehravac.rozhlas.cz\/audio\/3918786\/embedded\/dark\" width=\"300\" height=\"150\" scrolling=\"no\" data-mce-fragment=\"1\"><\/iframe><\/p>\n<p>13. z\u00e1\u0159\u00ed 2017<\/p>\n","protected":false},"excerpt":{"rendered":"<p>\u201eV\u00edce \u010dokol\u00e1dy v kakau a ryb v ryb\u00edch prstech\u201c sl\u00edbil St\u0159edoevropan\u016fm \u0161\u00e9f Evropsk\u00e9 komise Jean-Claude Juncker p\u0159i sv\u00e9m dne\u0161n\u00edm projevu k poslanc\u016fm Evropsk\u00e9ho parlamentu. Nov\u00fd europoslanec za Svobodn\u00e9 Ji\u0159\u00ed Payne&#8230; <a class=\"read-more-button\" href=\"https:\/\/www.payne.cz\/WP15\/v-rozhlase-k-projevu-junckera\/\">\u010c\u00edst v\u00edce &gt;<\/a><\/p>\n","protected":false},"author":2,"featured_media":0,"comment_status":"closed","ping_status":"closed","sticky":false,"template":"","format":"standard","meta":{"ngg_post_thumbnail":0,"_monsterinsights_skip_tracking":false,"_monsterinsights_sitenote_active":false,"_monsterinsights_sitenote_note":"","_monsterinsights_sitenote_category":0,"footnotes":""},"categories":[15,10,13,28,22,16,9],"tags":[6,29,23,18,5],"class_list":["post-1581","post","type-post","status-publish","format-standard","hentry","category-audio","category-obrana","category-dompol","category-efdd","category-eu","category-svobodni","category-zahrpol","tag-dompol","tag-efdd","tag-eu","tag-svobodi","tag-zahrpol"],"_links":{"self":[{"href":"https:\/\/www.payne.cz\/WP15\/wp-json\/wp\/v2\/posts\/1581","targetHints":{"allow":["GET"]}}],"collection":[{"href":"https:\/\/www.payne.cz\/WP15\/wp-json\/wp\/v2\/posts"}],"about":[{"href":"https:\/\/www.payne.cz\/WP15\/wp-json\/wp\/v2\/types\/post"}],"author":[{"embeddable":true,"href":"https:\/\/www.payne.cz\/WP15\/wp-json\/wp\/v2\/users\/2"}],"replies":[{"embeddable":true,"href":"https:\/\/www.payne.cz\/WP15\/wp-json\/wp\/v2\/comments?post=1581"}],"version-history":[{"count":1,"href":"https:\/\/www.payne.cz\/WP15\/wp-json\/wp\/v2\/posts\/1581\/revisions"}],"predecessor-version":[{"id":1582,"href":"https:\/\/www.payne.cz\/WP15\/wp-json\/wp\/v2\/posts\/1581\/revisions\/1582"}],"wp:attachment":[{"href":"https:\/\/www.payne.cz\/WP15\/wp-json\/wp\/v2\/media?parent=1581"}],"wp:term":[{"taxonomy":"category","embeddable":true,"href":"https:\/\/www.payne.cz\/WP15\/wp-json\/wp\/v2\/categories?post=1581"},{"taxonomy":"post_tag","embeddable":true,"href":"https:\/\/www.payne.cz\/WP15\/wp-json\/wp\/v2\/tags?post=1581"}],"curies":[{"name":"wp","href":"https:\/\/api.w.org\/{rel}","templated":true}]}}