{"id":1573,"date":"2017-12-21T00:34:29","date_gmt":"2017-12-20T23:34:29","guid":{"rendered":"http:\/\/www.payne.cz\/WP15\/?p=1573"},"modified":"2017-12-21T00:34:29","modified_gmt":"2017-12-20T23:34:29","slug":"v-ceske-televizi-o-brexitu","status":"publish","type":"post","link":"https:\/\/www.payne.cz\/WP15\/v-ceske-televizi-o-brexitu\/","title":{"rendered":"V \u010cesk\u00e9 televizi o brexitu"},"content":{"rendered":"<p>\u201eP\u0159i vyjedn\u00e1v\u00e1n\u00ed o brexitu poru\u0161uje Evropsk\u00e1 komise Lisabonskou smlouvu \u2013 nejedn\u00e1 v z\u00e1jmu dohody, ale tak, aby Brit\u00e1nii co nejv\u00edc \u201evytrestala\u201c. A na tom v kone\u010dn\u00e9m d\u016fsledku prod\u011bl\u00e1me v\u0161ichni,\u201c \u0159ekl J. Payne v Ud\u00e1lostech koment\u00e1\u0159\u00edch na \u010cT 17. \u0159\u00edjna 2017.<\/p>\n<p><a href=\"http:\/\/www.ceskatelevize.cz\/porady\/1096898594-udalosti-komentare\/217411000371017\/video\/575635\" target=\"_blank\" rel=\"noopener\">Z\u00e1znam cel\u00e9 debaty k brexitu si pus\u0165te zde\u00a0<\/a><\/p>\n<p><img loading=\"lazy\" decoding=\"async\" class=\"size-medium wp-image-155 aligncenter\" src=\"http:\/\/www.jiripayne.cz\/wp-content\/uploads\/2017\/10\/CT_10-17_brexit-300x178.png\" sizes=\"auto, (max-width: 300px) 100vw, 300px\" srcset=\"http:\/\/www.jiripayne.cz\/wp-content\/uploads\/2017\/10\/CT_10-17_brexit-300x178.png 300w, http:\/\/www.jiripayne.cz\/wp-content\/uploads\/2017\/10\/CT_10-17_brexit-768x455.png 768w, http:\/\/www.jiripayne.cz\/wp-content\/uploads\/2017\/10\/CT_10-17_brexit-1024x607.png 1024w, http:\/\/www.jiripayne.cz\/wp-content\/uploads\/2017\/10\/CT_10-17_brexit.png 1065w\" alt=\"\" width=\"300\" height=\"178\" \/><\/p>\n<p>&nbsp;<\/p>\n","protected":false},"excerpt":{"rendered":"<p>\u201eP\u0159i vyjedn\u00e1v\u00e1n\u00ed o brexitu poru\u0161uje Evropsk\u00e1 komise Lisabonskou smlouvu \u2013 nejedn\u00e1 v z\u00e1jmu dohody, ale tak, aby Brit\u00e1nii co nejv\u00edc \u201evytrestala\u201c. A na tom v kone\u010dn\u00e9m d\u016fsledku prod\u011bl\u00e1me v\u0161ichni,\u201c \u0159ekl&#8230; <a class=\"read-more-button\" href=\"https:\/\/www.payne.cz\/WP15\/v-ceske-televizi-o-brexitu\/\">\u010c\u00edst v\u00edce &gt;<\/a><\/p>\n","protected":false},"author":2,"featured_media":0,"comment_status":"closed","ping_status":"closed","sticky":false,"template":"","format":"standard","meta":{"ngg_post_thumbnail":0,"_monsterinsights_skip_tracking":false,"_monsterinsights_sitenote_active":false,"_monsterinsights_sitenote_note":"","_monsterinsights_sitenote_category":0,"footnotes":""},"categories":[3],"tags":[],"class_list":["post-1573","post","type-post","status-publish","format-standard","hentry","category-clanky"],"_links":{"self":[{"href":"https:\/\/www.payne.cz\/WP15\/wp-json\/wp\/v2\/posts\/1573","targetHints":{"allow":["GET"]}}],"collection":[{"href":"https:\/\/www.payne.cz\/WP15\/wp-json\/wp\/v2\/posts"}],"about":[{"href":"https:\/\/www.payne.cz\/WP15\/wp-json\/wp\/v2\/types\/post"}],"author":[{"embeddable":true,"href":"https:\/\/www.payne.cz\/WP15\/wp-json\/wp\/v2\/users\/2"}],"replies":[{"embeddable":true,"href":"https:\/\/www.payne.cz\/WP15\/wp-json\/wp\/v2\/comments?post=1573"}],"version-history":[{"count":1,"href":"https:\/\/www.payne.cz\/WP15\/wp-json\/wp\/v2\/posts\/1573\/revisions"}],"predecessor-version":[{"id":1574,"href":"https:\/\/www.payne.cz\/WP15\/wp-json\/wp\/v2\/posts\/1573\/revisions\/1574"}],"wp:attachment":[{"href":"https:\/\/www.payne.cz\/WP15\/wp-json\/wp\/v2\/media?parent=1573"}],"wp:term":[{"taxonomy":"category","embeddable":true,"href":"https:\/\/www.payne.cz\/WP15\/wp-json\/wp\/v2\/categories?post=1573"},{"taxonomy":"post_tag","embeddable":true,"href":"https:\/\/www.payne.cz\/WP15\/wp-json\/wp\/v2\/tags?post=1573"}],"curies":[{"name":"wp","href":"https:\/\/api.w.org\/{rel}","templated":true}]}}