{"id":1553,"date":"2017-12-20T23:12:47","date_gmt":"2017-12-20T22:12:47","guid":{"rendered":"http:\/\/www.payne.cz\/WP15\/?p=1553"},"modified":"2017-12-20T23:12:47","modified_gmt":"2017-12-20T22:12:47","slug":"jiri-payne-se-rozhodl-zrusit-evropskou-unii-a-vytvorit-alternativu","status":"publish","type":"post","link":"https:\/\/www.payne.cz\/WP15\/jiri-payne-se-rozhodl-zrusit-evropskou-unii-a-vytvorit-alternativu\/","title":{"rendered":"Ji\u0159\u00ed Payne se rozhodl zru\u0161it Evropskou unii a vytvo\u0159it alternativu"},"content":{"rendered":"<p><span style=\"color: #008000;\"><strong>\u010cesk\u00fd europoslanec Ji\u0159\u00ed Payne se rozhodl zru\u0161it Evropskou unii a vytvo\u0159it jej\u00ed alternativu<\/strong><\/span><\/p>\n<p style=\"text-align: right;\"><span style=\"color: #008080;\"><a href=\"https:\/\/www.byznysnoviny.cz\/\">Byznys noviny<\/a> 20.11.2017<\/span><\/p>\n<p style=\"text-align: justify;\"><span style=\"color: #008000;\"><strong>\u010cesk\u00fd europoslanec Ji\u0159\u00ed Payne se rozhodl zru\u0161it Evropskou unii. Spole\u010dn\u011b s b\u00fdval\u00fdm \u0161\u00e9fem Svobodn\u00fdch Petrem Machem p\u0159ipravili studii \u201eAlternativa pro Evropu\u201c, kter\u00e1 chce pomoci vytvo\u0159it alternativu dne\u0161n\u00ed EU. Sou\u010d\u00e1st\u00ed Paynovy strategie na zru\u0161en\u00ed EU je i zalo\u017een\u00ed celoevropsk\u00e9 strany Alternativa pro Evropu. Ta m\u00e1 vyhr\u00e1t volby do Evropsk\u00e9ho parlamentu v roce 2019 a n\u00e1sledn\u011b prosadit zru\u0161en\u00ed Evropsk\u00e9 unie.<\/strong><\/span><\/p>\n<p style=\"text-align: justify;\">Ji\u0159\u00ed Payne (Svobodn\u00ed), kter\u00fd ned\u00e1vno p\u0159evzal od Macha mand\u00e1t europoslance, pova\u017euje Evropskou unii za nedemokratickou a ze samotn\u00e9 podstaty nereformovatelnou.<\/p>\n<p style=\"text-align: justify;\">\u201eHlavn\u00edm probl\u00e9mem EU je demokratick\u00fd deficit, tedy to, \u017ee lidi nemaj\u00ed vliv na politiku, kter\u00e1 se prov\u00e1d\u00ed v Bruselu,\u201c prohl\u00e1sil Payne.<\/p>\n<p style=\"text-align: justify;\">\u201eTamn\u00ed administrativa ve sv\u00fdch rukou soust\u0159edila obrovskou nekontrolovatelnou moc. D\u016fm postaven\u00fd na \u0161patn\u00fdch z\u00e1kladech spadne, a EU m\u00e1 \u0161patn\u00e9 z\u00e1klady. Proto chceme diskusi o tom, jak by mohla vypadat spolupr\u00e1ce evropsk\u00fdch st\u00e1t\u016f jinak ne\u017e v sou\u010dasn\u00e9 podob\u011b,\u201c vysv\u011btlil Payne.<\/p>\n<p style=\"text-align: justify;\"><strong>V\u0161echnu moc \u00fa\u0159edn\u00edk\u016fm!<\/strong><\/p>\n<p style=\"text-align: justify;\">Ve studii Payne a Mach uv\u00e1d\u011bj\u00ed, \u017ee hlavn\u00edm c\u00edlem zakladatele projektu dne\u0161n\u00ed EU, Jeana Monneta, bylo \u201esebrat moc politik\u016fm a d\u00e1t ji \u00fa\u0159edn\u00edk\u016fm\u201c. \u010cili vytvo\u0159it administrativn\u00ed syst\u00e9m, kter\u00fd bude fungovat na principu nepolitick\u00e9 politiky, \u201eve kter\u00e9m budou \u00fa\u0159edn\u00edci disponovat moc\u00ed, na kterou nebudou m\u00edt ob\u010dan\u00e9 t\u00e9m\u011b\u0159 \u017e\u00e1dn\u00fd vliv\u201c.<\/p>\n<p style=\"text-align: justify;\">Payne se ve sv\u00e9 snaze o zru\u0161en\u00ed EU odvol\u00e1v\u00e1 na to, \u017ee Monnet \u201e\u010dasto varoval, aby se nikdy nedopustilo uva\u017eov\u00e1n\u00ed o alternativ\u011b k modelu evropsk\u00e9 integrace, jak ji navrhnul\u201c.<\/p>\n<p style=\"text-align: justify;\">Podle Payna si \u201eMonnet byl v\u011bdom toho, \u017ee p\u0159i srovn\u00e1n\u00ed s jakoukoli alternativn\u00ed p\u0159edstavou o spolupr\u00e1ci evropsk\u00fdch st\u00e1t\u016f by se stal jeho (tzn. Monnet\u016fv, pozn. redakce) \u00famysln\u00fd demokratick\u00fd deficit z\u0159ejm\u00fdm a byl by to konec jeho projektu\u201c.<\/p>\n<p style=\"text-align: justify;\">\u201eEU byla ji\u017e p\u0159\u00edmo a \u00famysln\u011b zalo\u017eena na principu, \u017ee k jej\u00ed podob\u011b nesm\u00ed existovat alternativa. Co\u017e pop\u00edr\u00e1 princip demokracie, kter\u00e1 je zalo\u017eena na hled\u00e1n\u00ed r\u016fzn\u00fdch alternativ a jejich spojov\u00e1n\u00ed do v\u00fdsledn\u00e9ho kompromisu.\u201c<\/p>\n<p style=\"text-align: justify;\">I z tohoto d\u016fvodu za\u010dal Payne organizovat akce sm\u011b\u0159uj\u00edc\u00ed k vytvo\u0159en\u00ed alternativy k sou\u010dasn\u00e9 Evropsk\u00e9 unii.<\/p>\n<p style=\"text-align: justify;\"><strong>Nereformovateln\u00e1 EU<\/strong><\/p>\n<p style=\"text-align: justify;\">Paynova a Machova studie, kter\u00e1 se m\u00e1 st\u00e1t podkladem pro vytvo\u0159en\u00ed jak\u00e9si lep\u0161\u00ed alternativy pro Evropu, dovozuje, \u017ee dne\u0161n\u00ed EU je ze sv\u00e9 podstaty nereformovateln\u00e1, proto\u017ee byla \u2013 jako n\u00e1stroj centralizace a oslabeni st\u00e1t\u016f \u2013 zalo\u017eena na nedemokratick\u00fdch principech. Nelze ji proto p\u0159em\u011bnit na demokratickou instituci.<\/p>\n<p style=\"text-align: justify;\">Studie poukazuje na to, \u017ee Evropsk\u00e1 komise nepodl\u00e9h\u00e1 \u017e\u00e1dn\u00e9 re\u00e1ln\u00e9 kontrole a \u017ee v Monnetem vytvo\u0159en\u00e9m syst\u00e9mu nelze nastolit rovnov\u00e1hu moci.<em>\u00a0(viz p\u0159\u00edloha)<\/em><\/p>\n<p style=\"text-align: justify;\"><strong>Fale\u0161n\u00e9 4 pil\u00ed\u0159e<\/strong><\/p>\n<p style=\"text-align: justify;\">Auto\u0159i studie se sna\u017e\u00ed zcela rozb\u00edt \u201epozitiva\u201c \u010dty\u0159 z\u00e1kladn\u00edch pil\u00ed\u0159\u016f Evropsk\u00e9 unie. Zpochyb\u0148uj\u00ed tak i voln\u00fd pohyb pracovn\u00edch sil s t\u00edm, \u017ee v\u00fdsledkem t\u00e9to \u201ez\u00e1kladn\u00ed svobody EU\u201c nen\u00ed to, \u017ee by se d\u011bln\u00edci st\u011bhovali za prac\u00ed, n\u00fdbr\u017e to, \u017ee se firmy st\u011bhuj\u00ed za levn\u011bj\u0161\u00ed pracovn\u00ed silou.<\/p>\n<p style=\"text-align: justify;\">\u201eTedy svoboda voln\u00e9ho pohybu slou\u017e\u00ed nejenom t\u011bm, kdo si cht\u011bj\u00ed n\u011bjakou dobu n\u011bkde v zahrani\u010d\u00ed p\u0159ivyd\u011blat, ale hlavn\u011b slou\u017e\u00ed velk\u00fdm firm\u00e1m, kter\u00e9 pot\u0159ebuj\u00ed sv\u00e9 vysoce kvalifikovan\u00e9 mana\u017eery p\u0159esouvat z m\u00edsta na m\u00edsto.\u201c<\/p>\n<p style=\"text-align: justify;\">V\u00fdsledkem voln\u00e9ho pohybu pracovn\u00edch sil je tak pr\u00fd do zna\u010dn\u00e9 m\u00edry syst\u00e9m, \u201eve kter\u00e9m v ekonomicky slab\u0161\u00edch zem\u00edch m\u00edstn\u00ed kvalifikovan\u00ed pracovn\u00edci nedostanou kvalifikovanou pr\u00e1ci, proto\u017ee firma si do t\u011bchto funkc\u00ed doveze svoje lidi\u201c.<\/p>\n<p style=\"text-align: justify;\">Voln\u00fd pohyb kapit\u00e1lu pova\u017euj\u00ed Payne s Machem pouze za v\u00fdhodu velk\u00fdch firem a koncern\u016f.<\/p>\n<p style=\"text-align: justify;\">\u201eNaprost\u00e9 v\u011bt\u0161iny ob\u010dan\u016f se v\u016fbec net\u00fdk\u00e1,\u201c uvedli.<\/p>\n<p style=\"text-align: justify;\">Stejn\u00e9 je to podle nich i s voln\u00fdm pohybem zbo\u017e\u00ed a slu\u017eeb. Ten je nav\u00edc mnohem p\u0159\u00edsn\u011bji kontrolov\u00e1n ne\u017e d\u0159\u00edve.<\/p>\n<p style=\"text-align: justify;\"><strong>Uzav\u0159en\u00fd spole\u010dn\u00fd trh EU<\/strong><\/p>\n<p style=\"text-align: justify;\">Podle \u010desk\u00fdch \u201erozb\u00edje\u010d\u016f EU\u201c tak \u010dty\u0159i z\u00e1kladn\u00ed pil\u00ed\u0159e evropsk\u00e9 integrace ve skute\u010dnosti neznamenaj\u00ed, \u017ee by p\u0159estal existovat dohled: byrokracie se pr\u00fd naopak zv\u00fd\u0161ila. Upozor\u0148uj\u00ed tak\u00e9 na to, \u017ee spole\u010dn\u00fd \/ jednotn\u00fd trh EU je navenek velmi uzav\u0159en\u00fd.<\/p>\n<p style=\"text-align: justify;\">\u201ePravidla voln\u00e9ho obchodu jsou nesm\u00edrn\u011b prosp\u011b\u0161n\u00e1 a voln\u00fd obchod opravdu p\u0159in\u00e1\u0161\u00ed u\u017eitek ob\u010dan\u016fm v\u0161ech st\u00e1t\u016f, kter\u00e9 se na n\u011bm pod\u00edlej\u00ed. Jednotn\u00fd trh EU m\u016f\u017ee sice na prvn\u00ed pohled vypadat podobn\u011b, jako voln\u00fd obchod, ale li\u0161\u00ed se mnohon\u00e1sobn\u011b v\u011bt\u0161\u00ed byrokraci\u00ed,\u201c konstatovali auto\u0159i \u201eAlternativy pro Evropu\u201c.<\/p>\n<p style=\"text-align: justify;\"><strong>Podpora deficitu<\/strong><\/p>\n<p style=\"text-align: justify;\">Obvi\u0148uj\u00ed dokonce Brusel z toho, \u017ee Evropsk\u00e1 komise svou regulatorn\u00ed \u010dinnost\u00ed z\u00e1m\u011brn\u011b usiluje o to, aby \u010dlensk\u00e9 st\u00e1ty hospoda\u0159ily deficitn\u011b a t\u00edm se navenek zd\u00e1nliv\u011b uk\u00e1zalo, \u017ee st\u00e1ty nedok\u00e1\u017e\u00ed hospoda\u0159it, zat\u00edmco odborn\u00edci v Bruselu ano\u2026<\/p>\n<p style=\"text-align: justify;\">Evropsk\u00e9 dotace pak Payne s Machem demaskuj\u00ed jen jako n\u00e1stroj, kter\u00fdm si Brusel \u2013 za ciz\u00ed pen\u00edze \u2013 kupuje jednak podporu r\u016fzn\u00fdch skupin a sou\u010dasn\u011b, pomoc\u00ed povinn\u00e9 propagandy, i \u0161ir\u0161\u00ed ve\u0159ejnost. Dotace tak pova\u017euj\u00ed za ur\u010ditou formu leg\u00e1ln\u00ed korupce.<\/p>\n<p style=\"text-align: justify;\">Payne s Machem ve sv\u00e9 studii, kter\u00e1 se m\u00e1 st\u00e1t podkladem ke zru\u0161en\u00ed EU a k vytvo\u0159en\u00ed jej\u00ed re\u00e1ln\u00e9 alternativy, tak\u00e9 dovozuj\u00ed, \u017ee dne\u0161n\u00ed Evropsk\u00e1 unie je ji\u017e na cest\u011b k rozkladu. S t\u00edm, \u017ee tento rozpad je z\u00e1konit\u00fd a nevyhnuteln\u00fd, nebo\u0165 historie uk\u00e1zala, \u017ee nen\u00ed mo\u017en\u00e9 udr\u017eet v jednom celku ani st\u00e1tn\u00ed \u00fatvary, jako \u010ceskoslovensko \u010di Jugosl\u00e1vii, je\u017e byly vystav\u011bny na mnohem pevn\u011bj\u0161\u00edch z\u00e1kladech, ne\u017e Evropsk\u00e1 unie.<\/p>\n<table>\n<tbody>\n<tr>\n<td><strong>ALTERNATIVA\u00a0PRO EVROPU: Algoritmus \u0159e\u0161en\u00ed<\/strong><\/p>\n<p><strong>aneb, co europoslanec Ji\u0159\u00ed Payne a Petr Mach navrhuj\u00ed ud\u011blat s\u00a0Evropskou uni\u00ed:<\/strong><\/p>\n<p><strong>a. Ukon\u010dit Monnet\u016fv projekt, kter\u00fd n\u00e1s p\u0159ivedl do slep\u00e9 uli\u010dky a decentralizovat nekontrolovanou moc.<\/strong><\/p>\n<p><strong>b. Obnovit nad\u0159azenost n\u00e1rodn\u00ed legislativy nad evropsk\u00fdmi regulacemi v \u010dlensk\u00fdch st\u00e1tech.<\/strong><\/p>\n<p><strong>c. Obnovit respekt k suverenit\u011b \u010dlensk\u00fdch st\u00e1t\u016f, tedy z\u00e1rove\u0148 obnovit rovnopr\u00e1vnost.<\/strong><\/p>\n<p><strong>d. Opustit experimentov\u00e1n\u00ed v oblasti obrany a soust\u0159edit se na spolupr\u00e1ci v r\u00e1mci NATO.<\/strong><\/p>\n<p style=\"text-align: justify;\"><strong>e. Zachovat pozitivn\u00ed prvky dosavadn\u00ed spolupr\u00e1ce, av\u0161ak s mo\u017enost\u00ed opt-out, n\u00e1sledn\u011b je postupn\u011b prom\u011bnit do podoby multilater\u00e1ln\u00edch mezivl\u00e1dn\u00edch dohod.<\/strong><\/p>\n<p><strong>f. Postupn\u011b deregulovat pr\u00e1vn\u00ed prost\u0159ed\u00ed v postunijn\u00edch st\u00e1tech.<\/strong><\/p>\n<p><strong>g. Jednotn\u00e1 evropsk\u00fd trh zm\u011bnit postupn\u011b na otev\u0159en\u00fd trh bez dotac\u00ed.<\/strong><\/p>\n<p style=\"text-align: justify;\"><strong>h. Pro zv\u00fd\u0161en\u00ed konkurenceschopnosti obnovit respekt k f\u00e9rov\u00e9 sout\u011b\u017ei v cen\u011b, kvalit\u011b, dostupnosti, rychlosti, spolehlivosti.<\/strong><\/p>\n<p style=\"text-align: justify;\"><strong>i. Obnovit a pos\u00edlit pravidla pr\u00e1vn\u00edho st\u00e1tu \u2013 rovnov\u00e1ha moci a jej\u00ed kontrola, stabilizace pr\u00e1vn\u00edho \u0159\u00e1du, odstran\u011bn\u00ed presumpce viny, \u2026<\/strong><\/p>\n<p style=\"text-align: justify;\"><strong>j. V r\u00e1mci obnovy a pos\u00edlen\u00ed demokracie zv\u00e1\u017eit mo\u017enost demokratick\u00e9ho vyj\u00e1d\u0159en\u00ed ob\u010dan\u016f formou lidov\u00e9ho pr\u00e1va veto.<\/strong><\/p>\n<\/td>\n<\/tr>\n<\/tbody>\n<\/table>\n<p style=\"text-align: justify;\">Payne a Mach varuj\u00ed, \u017ee rozpad Evropsk\u00e9 unie \u201enebude sametov\u00fd\u201c. Proto vyz\u00fdvaj\u00ed, aby za\u010dala b\u00fdt p\u0159ipravov\u00e1na re\u00e1ln\u00e1 alternativa Evropsk\u00e9 unie.<\/p>\n<p style=\"text-align: justify;\">Jako \u0159e\u0161en\u00ed pak navrhuj\u00ed nahradit dne\u0161n\u00ed model dobrovolnou spoluprac\u00ed evropsk\u00fdch st\u00e1t\u016f se zachov\u00e1n\u00edm v\u0161ech pozitiv, kter\u00e1 si p\u0159ej\u00ed ob\u010dan\u00e9 a jejich st\u00e1ty.<\/p>\n<p style=\"text-align: justify;\">Evropa podle \u010desk\u00fdch europoslanc\u016f bude siln\u00e1 jen tehdy, pokud se vr\u00e1t\u00ed k \u201edobr\u00fdm tradic\u00edm, na kter\u00fdch po stalet\u00ed spo\u010d\u00edvala\u201c.<\/p>\n<p>\u201eS\u00edla nespo\u010d\u00edv\u00e1 v koncentraci moci, ale v kvalit\u011b z\u00e1klad\u016f, na kter\u00fdch se stav\u00ed,\u201c uv\u00e1d\u011bj\u00ed.<\/p>\n<p style=\"text-align: justify;\">Evropa podle nich mus\u00ed b\u00fdt \u201epluralitn\u00ed, otev\u0159en\u00e1, zalo\u017een\u00e1 na dobrovoln\u00e9 spolupr\u00e1ci siln\u00fdch suver\u00e9nn\u00edch st\u00e1t\u016f, na rovnopr\u00e1vnosti, na bezpe\u010dnostn\u00ed rovnov\u00e1ze mezi st\u00e1ty, na demokratick\u00e9 kontrole ozbrojen\u00fdch sil, na alian\u010dn\u00ed spolupr\u00e1ci se v\u0161emi ostatn\u00edmi demokratick\u00fdmi zem\u011bmi, na rovnov\u00e1ze \u00fastavn\u00ed moci\u201c.<\/p>\n<p><strong>Zabr\u00e1nit destrukci<\/strong><\/p>\n<p style=\"text-align: justify;\">Auto\u0159i studie na vytvo\u0159en\u00ed nov\u00e9 Evropy bez Evropsk\u00e9 unie tvrd\u00ed, \u017ee \u201epokud za\u010dneme v\u010das uva\u017eovat o solidn\u00ed alternativ\u011b, nemus\u00ed b\u00fdt rozpad (EU) tak bolestiv\u00fd ani destruktivn\u00ed.<\/p>\n<p style=\"text-align: justify;\">\u201eProto\u017ee neexistuje sc\u00e9n\u00e1\u0159, jak dosp\u011bt k demokratick\u00e9 podob\u011b sou\u010dasn\u00e9ho experimentu (EU), je t\u0159eba hledat nejm\u00e9n\u011b destruktivn\u00ed sc\u00e9n\u00e1\u0159 k uspo\u0159\u00e1d\u00e1n\u00ed, kter\u00e9 pokud mo\u017eno zachov\u00e1 pozitivn\u00ed prvky, ale postav\u00ed je na bezpe\u010dn\u00e9 a osv\u011bd\u010den\u00e9 z\u00e1klady mezivl\u00e1dn\u00ed spolupr\u00e1ce,\u201c tvrd\u00ed se v z\u00e1rodku pl\u00e1nu na vytvo\u0159en\u00ed alternativn\u00ed Evropy.<\/p>\n<p style=\"text-align: justify;\">\u201eJe t\u0159eba vr\u00e1tit se ke ko\u0159en\u016fm evropsk\u00e9 demokracie, k tradi\u010dn\u00edm hodnot\u00e1m politick\u00e9ho syst\u00e9mu \u2013 k suverenit\u011b, k rovnopr\u00e1vnosti, k rovnov\u00e1ze a vz\u00e1jemn\u00e9 kontrole politick\u00e9 moci, ke stabilit\u011b pr\u00e1vn\u00edho \u0159\u00e1du, ke svobodn\u00e9mu politick\u00e9mu rozhodov\u00e1n\u00ed, k obnoven\u00ed d\u016fstojnosti ob\u010dana, kter\u00fd m\u00e1 m\u00edt re\u00e1lnou mo\u017enost, jak ovliv\u0148ovat politick\u00e9 d\u011bn\u00ed,\u201c uvedli Payne a Mach.<\/p>\n<p>Spole\u010dn\u011b pak vyzvali k celoevropsk\u00e9 diskusi.<\/p>\n<p style=\"text-align: justify;\">\u201eAby se v\u0161ichni, kte\u0159\u00ed maj\u00ed o svobodu a demokracii v Evrop\u011b obavy, sjednotili kolem spole\u010dn\u00e9ho c\u00edle: obnovit demokratick\u00fd po\u0159\u00e1dek. A to znamen\u00e1 zah\u00e1jit ve\u0159ejnou diskusi o alternativ\u011b ke st\u00e1vaj\u00edc\u00ed podob\u011b integrace. Hled\u00e1me alternativu pro Evropu,\u201c uzav\u0159el europoslanec Payne.<\/p>\n<hr \/>\n<p>&nbsp;<\/p>\n<p>P\u0159\u00edloha:\u00a0V EU nelze nastolit rovnov\u00e1hu moci<\/p>\n<p><img loading=\"lazy\" decoding=\"async\" class=\"img-responsive alignnone size-full wp-image-16851\" src=\"https:\/\/www.byznysnoviny.cz\/wp-content\/uploads\/2017\/11\/Evropsk%C3%A1-unie-sch%C3%A9ma-pravomoc%C3%AD.png\" alt=\"\" width=\"591\" height=\"637\" \/><\/p>\n<hr \/>\n<p>Nerovnov\u00e1ha moci v Evropsk\u00e9 unii<\/p>\n<p style=\"text-align: justify;\">\u2022 Ve\u0161ker\u00e1 moc (fakticky se jedn\u00e1 o v\u00fdkonnou moc), je sv\u011b\u0159ena do rukou \u00fa\u0159edn\u00edk\u016f \u2013 komise (zpo\u010d\u00e1tku se naz\u00fdvala Vysok\u00fd \u00fa\u0159ad).<br \/>\n\u2013 Ta nen\u00ed nikomu odpov\u011bdn\u00e1, m\u00e1 jako jedin\u00e1 pr\u00e1vo z\u00e1konod\u00e1rn\u00e9 iniciativy, navrhuje evropsk\u00e9 regulace.<br \/>\n\u2022 Z\u00e1konod\u00e1rnou roli zast\u00e1v\u00e1 p\u0159edev\u0161\u00edm Rada, tedy org\u00e1n, ve kter\u00e9m je zastoupen ka\u017ed\u00fd \u010dlensk\u00fd st\u00e1t p\u0159\u00edslu\u0161n\u00fdm ministrem, (n\u011bkdy hlavou st\u00e1tu \u010di p\u0159edsedou vl\u00e1dy \u2013 pak se hovo\u0159\u00ed o Evropsk\u00e9 rad\u011b).<br \/>\n\u2022 (Jakoby) druhou z\u00e1konod\u00e1rnou komoru tvo\u0159\u00ed Evropsk\u00fd parlament.<br \/>\n\u2022 Rada jako z\u00e1konod\u00e1rn\u00fd org\u00e1n vymezuj\u00edc\u00ed politick\u00e9 linie pro komisi sest\u00e1v\u00e1 ze z\u00e1stupc\u016f v\u00fdkonn\u00e9 moci, kte\u0159\u00ed nepodl\u00e9haj\u00ed \u017e\u00e1dn\u00e9 kontrole v r\u00e1mci evropsk\u00e9ho modelu<br \/>\n\u2013 Jsou odpov\u011bdn\u00ed jen sv\u00e9mu n\u00e1rodn\u00edmu parlamentu \u2013 ov\u0161em ve zcela jin\u00fdch oblastech.<br \/>\n\u2013 \u201eTo nen\u00ed rovnov\u00e1ha moci, to je zmrza\u010den\u00fd model.\u201c<br \/>\n\u2022 B\u011b\u017en\u00fd \u00fastavn\u00ed syst\u00e9m neum\u00ed odvolat ministra za \u0161patn\u00e9 rozhodnut\u00ed u\u010din\u011bn\u00e9 v r\u00e1mci Rady. Evropsk\u00fd parlament nem\u00e1 a nem\u016f\u017ee m\u00edt pravomoc odvolat vl\u00e1dy \u010dlensk\u00fdch st\u00e1t\u016f, pokud v Rad\u011b schv\u00e1l\u00ed rozhodnut\u00ed, se kter\u00fdm ob\u010dan\u00e9 nesouhlas\u00ed.<br \/>\n\u2022 Komise jako v\u00fdkonn\u00e1 moc nepodl\u00e9h\u00e1 t\u00e9m\u011b\u0159 \u017e\u00e1dn\u00e9 politick\u00e9 kontrole<br \/>\n\u2013 z\u00e1konod\u00e1rn\u00e1 moc nem\u00e1 mo\u017enost odvolat \u00fa\u0159edn\u00edky direktor\u00e1t\u016f, pokud \u0161patn\u011b nakl\u00e1daj\u00ed s v\u00fdkonnou moc\u00ed<br \/>\n\u2013 komise je odpov\u011bdn\u00e1 n\u011bkomu jin\u00e9mu, ne\u017e kdo j\u00ed p\u0159\u00edpadn\u011b zad\u00e1v\u00e1 politick\u00e9 mantinely.<br \/>\n\u2022 Soudn\u00ed dv\u016fr Evropsk\u00e9 unie posuzuje dodr\u017eov\u00e1n\u00ed p\u0159edpis\u016f, p\u0159edev\u0161\u00edm dohl\u00ed\u017e\u00ed na to, aby \u010dlensk\u00e9 st\u00e1ty plnily \u00fakoly, regulace a p\u0159edpisy. V principu ani nem\u016f\u017ee dohl\u00ed\u017eet na rovnov\u00e1hu moci, proto\u017ee \u017e\u00e1dn\u00e1 neexistuje, ka\u017edop\u00e1dn\u011b k tomu nem\u00e1 \u017e\u00e1dn\u00e9 pravomoci.<br \/>\n\u2022 Ve snaze n\u011bjak fungov\u00e1n\u00ed EU vylep\u0161it doch\u00e1z\u00ed k nep\u0159etr\u017eit\u00e9mu p\u0159esouv\u00e1n\u00ed kompetenc\u00ed do pravomoci EU.<br \/>\n\u2022 V\u00fdsledkem jsou desetitis\u00edce pr\u00e1vn\u00edch norem a regulac\u00ed.<br \/>\n\u2022 V\u00fdsledkem je, \u017ee EU vykon\u00e1v\u00e1 i pravomoci, kter\u00e9 v\u016fbec nen\u00ed nutn\u00e9 vykon\u00e1vat na evropsk\u00e9 \u00farovni (v b\u011b\u017en\u00fdch federac\u00edch se takov\u00e9 kompetence ponech\u00e1vaj\u00ed v p\u016fsobnosti \u010d\u00e1st\u00ed federace nebo dokonce v p\u016fsobnosti obc\u00ed).<br \/>\n\u2022 \u010casto deklarovan\u00fd princip subsidiarity se v praxi v\u016fbec neuplat\u0148uje.<\/p>\n<p><em>Zdroj: ALTERNATIVA PRO EVROPU, J. Payne, P. Mach<\/em><\/p>\n<p>Zdroj:<\/p>\n<blockquote class=\"wp-embedded-content\" data-secret=\"LGSkmr3zQc\"><p><a href=\"https:\/\/www.byznysnoviny.cz\/2017\/11\/20\/cesky-europoslanec-jiri-payne-se-rozhodl-zrusit-evropskou-unii-vytvorit-jeji-alternativu\/\">\u010cesk\u00fd europoslanec Ji\u0159\u00ed Payne se rozhodl zru\u0161it Evropskou unii a vytvo\u0159it jej\u00ed alternativu<\/a><\/p><\/blockquote>\n<p><iframe loading=\"lazy\" class=\"wp-embedded-content\" sandbox=\"allow-scripts\" security=\"restricted\" style=\"position: absolute; clip: rect(1px, 1px, 1px, 1px);\" src=\"https:\/\/www.byznysnoviny.cz\/2017\/11\/20\/cesky-europoslanec-jiri-payne-se-rozhodl-zrusit-evropskou-unii-vytvorit-jeji-alternativu\/embed\/#?secret=LGSkmr3zQc\" data-secret=\"LGSkmr3zQc\" width=\"600\" height=\"338\" title=\"&#8220;\u010cesk\u00fd europoslanec Ji\u0159\u00ed Payne se rozhodl zru\u0161it Evropskou unii a vytvo\u0159it jej\u00ed alternativu&#8221; &#8212; BYZNYS NOVINY - zpr\u00e1vy a publicistika z \u010cesk\u00e9 republiky i ze zahrani\u010d\u00ed\" frameborder=\"0\" marginwidth=\"0\" marginheight=\"0\" scrolling=\"no\"><\/iframe><\/p>\n","protected":false},"excerpt":{"rendered":"<p>\u010cesk\u00fd europoslanec Ji\u0159\u00ed Payne se rozhodl zru\u0161it Evropskou unii a vytvo\u0159it jej\u00ed alternativu Byznys noviny 20.11.2017 \u010cesk\u00fd europoslanec Ji\u0159\u00ed Payne se rozhodl zru\u0161it Evropskou unii. Spole\u010dn\u011b s b\u00fdval\u00fdm \u0161\u00e9fem Svobodn\u00fdch&#8230; <a class=\"read-more-button\" href=\"https:\/\/www.payne.cz\/WP15\/jiri-payne-se-rozhodl-zrusit-evropskou-unii-a-vytvorit-alternativu\/\">\u010c\u00edst v\u00edce &gt;<\/a><\/p>\n","protected":false},"author":2,"featured_media":0,"comment_status":"closed","ping_status":"closed","sticky":false,"template":"","format":"standard","meta":{"ngg_post_thumbnail":0,"_monsterinsights_skip_tracking":false,"_monsterinsights_sitenote_active":false,"_monsterinsights_sitenote_note":"","_monsterinsights_sitenote_category":0,"footnotes":""},"categories":[3,13,28,22,16,9],"tags":[6,29,23,18,5],"class_list":["post-1553","post","type-post","status-publish","format-standard","hentry","category-clanky","category-dompol","category-efdd","category-eu","category-svobodni","category-zahrpol","tag-dompol","tag-efdd","tag-eu","tag-svobodi","tag-zahrpol"],"_links":{"self":[{"href":"https:\/\/www.payne.cz\/WP15\/wp-json\/wp\/v2\/posts\/1553","targetHints":{"allow":["GET"]}}],"collection":[{"href":"https:\/\/www.payne.cz\/WP15\/wp-json\/wp\/v2\/posts"}],"about":[{"href":"https:\/\/www.payne.cz\/WP15\/wp-json\/wp\/v2\/types\/post"}],"author":[{"embeddable":true,"href":"https:\/\/www.payne.cz\/WP15\/wp-json\/wp\/v2\/users\/2"}],"replies":[{"embeddable":true,"href":"https:\/\/www.payne.cz\/WP15\/wp-json\/wp\/v2\/comments?post=1553"}],"version-history":[{"count":1,"href":"https:\/\/www.payne.cz\/WP15\/wp-json\/wp\/v2\/posts\/1553\/revisions"}],"predecessor-version":[{"id":1554,"href":"https:\/\/www.payne.cz\/WP15\/wp-json\/wp\/v2\/posts\/1553\/revisions\/1554"}],"wp:attachment":[{"href":"https:\/\/www.payne.cz\/WP15\/wp-json\/wp\/v2\/media?parent=1553"}],"wp:term":[{"taxonomy":"category","embeddable":true,"href":"https:\/\/www.payne.cz\/WP15\/wp-json\/wp\/v2\/categories?post=1553"},{"taxonomy":"post_tag","embeddable":true,"href":"https:\/\/www.payne.cz\/WP15\/wp-json\/wp\/v2\/tags?post=1553"}],"curies":[{"name":"wp","href":"https:\/\/api.w.org\/{rel}","templated":true}]}}