{"id":155,"date":"2015-04-30T15:39:47","date_gmt":"2015-04-30T14:39:47","guid":{"rendered":"http:\/\/www.payne.cz\/WP15\/?p=155"},"modified":"2015-06-01T15:11:36","modified_gmt":"2015-06-01T14:11:36","slug":"ani-ryba-ani-rak-ani-ruze-ani-ptak","status":"publish","type":"post","link":"https:\/\/www.payne.cz\/WP15\/ani-ryba-ani-rak-ani-ruze-ani-ptak\/","title":{"rendered":"Ani ryba ani rak, ani r\u016f\u017ee ani pt\u00e1k"},"content":{"rendered":"<p style=\"text-align: right;\"><span style=\"color: #008080;\">10.5.2009<\/span><\/p>\n<p style=\"text-align: justify;\"><span style=\"color: #808080;\"><em>Nepolitick\u00e1 politika nahrazuje skute\u010dnou politickou sout\u011b\u017e my\u0161lenek a koncepc\u00ed. \u010cl\u00e1nek srovn\u00e1v\u00e1 volebn\u00ed program dvou nejsiln\u011bj\u0161\u00edch politick\u00fdch stran. Bezv\u00fdchodnost politick\u00e9 konstelace, kter\u00e1 neumo\u017e\u0148uje otev\u0159enou komunikaci o hlavn\u00edch probl\u00e9mech, vede k tomu, \u017ee nap\u011bt\u00ed expanduje do jin\u00fdch vrstev ve\u0159ejn\u00e9ho \u017eivota.<\/em><\/span><\/p>\n<div id=\"attachment_159\" style=\"width: 260px\" class=\"wp-caption alignright\"><a href=\"http:\/\/www.payne.cz\/WP15\/wp-content\/uploads\/2015\/04\/82999_clanok_foto_326.jpg\"><img loading=\"lazy\" decoding=\"async\" aria-describedby=\"caption-attachment-159\" class=\"wp-image-159 size-full\" src=\"http:\/\/www.payne.cz\/WP15\/wp-content\/uploads\/2015\/04\/82999_clanok_foto_326.jpg\" alt=\"82999_clanok_foto_326\" width=\"250\" height=\"167\" \/><\/a><p id=\"caption-attachment-159\" class=\"wp-caption-text\">Modro-oran\u017eov\u00fd prapor &#8211; symbol sr\u016fst\u00e1n\u00ed kdysi protichudn\u00fdch filosofi\u00ed v r\u00e1mci nepolitick\u00e9 politiky.<\/p><\/div>\n<p style=\"text-align: justify;\">Tak\u00e9 se v\u00e1m n\u011bkdy zd\u00e1lo, \u017ee s na\u0161imi velk\u00fdmi stranami je to pra\u0161\u0165, jako uho\u010f? Pro\u010detl jsem jejich volebn\u00ed programy, oh\u0148ostroj hloupost\u00ed a populismu.<br \/>\nPrvn\u00ed p\u0159ekvapen\u00ed spo\u010d\u00edv\u00e1 v tom, \u017ee drtiv\u00e1 v\u011bt\u0161ina volebn\u00edch slib\u016f obou stran v\u016fbec nesouvis\u00ed s Evropskou uni\u00ed. V programu ODS je to formulov\u00e1no tak, \u017ee by to mohlo b\u00fdt spole\u010dn\u00fd mottem t\u011bchto voleb pro oba politick\u00e9 t\u00e1bory: \u201eStrategick\u00e9 c\u00edle Evropsk\u00e9 unie ustupuj\u00ed pot\u0159eb\u011b uspokojit dom\u00e1c\u00edho voli\u010de.&#8220; Hlavn\u00edm probl\u00e9mem EU, jak odstranit pov\u011bstn\u00fd demokratick\u00fd deficit, se oba volebn\u00ed programy pro jistotu nezab\u00fdvaj\u00ed. Nemaj\u00ed k tomu co \u0159\u00edci.<\/p>\n<p style=\"text-align: justify;\">Druh\u00fdm p\u0159ekvapen\u00edm je neuv\u011b\u0159iteln\u00e1 podobnost obou program\u016f, \u010dasto formulovan\u00fdch jako v\u0161eobecn\u011b uzn\u00e1van\u00e9 pravdy, o kter\u00fdch nikdo nem\u016f\u017ee pochybovat. Posu\u010fte sami. Nap\u0159\u00edklad ODS, kter\u00e1 tentokr\u00e1t z\u00edsk\u00e1v\u00e1 voli\u010de siln\u00fdm d\u016frazem na soci\u00e1ln\u00ed politiku, mobilizuje revolu\u010dn\u00ed v\u00fdzvou: \u201eSoci\u00e1ln\u00ed syst\u00e9my se p\u0159irozen\u011b vyv\u00edjely v r\u016fzn\u00fdch zem\u00edch r\u016fznou cestou.&#8220; Zkuste to zpochybnit! Nebo ak\u010dn\u00ed v\u011bta: \u201eNa\u0161e zem\u011b je v\u00fdznamn\u011b proexportn\u011b orientovan\u00e1.&#8220;<br \/>\nSocialist\u00e9 ov\u0161em nez\u016fst\u00e1vaj\u00ed pozadu: \u201e\u017d\u00e1dn\u00fd \u010dlov\u011bk si nem\u016f\u017ee b\u00fdt trvale jist sv\u00fdm zdrav\u00edm.&#8220; To je opravdu nezpochybniteln\u00fd proevropsk\u00fd program! A vyn\u00e1\u0161ej\u00ed trumf: \u201eD\u00edt\u011b si nem\u016f\u017ee vybrat, v jak bohat\u00e9 rodin\u011b se narod\u00ed.&#8220; To je jasn\u00e1 polemika s buddhistickou v\u00edrou v p\u0159evt\u011blov\u00e1n\u00ed! Slovo do pranice pro evropsk\u00e9 volby.<\/p>\n<p style=\"text-align: justify;\">Topol\u00e1nkovci mobilizuj\u00ed sv\u00e9 p\u0159\u00edznivce: \u201eUkazuje se, \u017ee sice dok\u00e1\u017eeme vytvo\u0159it ohromn\u00e9 ekonomick\u00e9 a politick\u00e9 celky, nejsme v\u0161ak schopni je \u00fa\u010dinn\u011b kontrolovat a \u0159\u00eddit.&#8220; K tomu paroubkovci poznamen\u00e1vaj\u00ed: \u201eJsme rozhodn\u011b proti Evrop\u011b byrokrat\u016f.&#8220;<br \/>\nLevice d\u00e1v\u00e1 p\u0159ekvapiv\u011b najevo, \u017ee pochopila tr\u017en\u00ed princip v podob\u011b z\u00e1sady \u201an\u011bco za n\u011bco\u2018: \u201eSvoboda nen\u00ed zadarmo. Svoboda je n\u011b\u010d\u00edm, co si mus\u00edme zaslou\u017eit.&#8220; Ch\u00e1pu, svobodu jsme si nezaslou\u017eili, a proto n\u00e1m ji ob\u011b strany prost\u0159ednictv\u00edm Lisabonsk\u00e9 smlouvy mus\u00ed odejmout. ODS s kamennou tv\u00e1\u0159\u00ed karetn\u00edho hr\u00e1\u010de reaguje: \u201eD\u016fkladn\u00e1 anal\u00fdza a realistick\u00e9 hodnocen\u00ed jsou z\u00e1kladem profesion\u00e1ln\u00ed a hlavn\u011b \u00fa\u010dinn\u00e9 evropsk\u00e9 politiky.&#8220;<\/p>\n<p style=\"text-align: justify;\">T\u0159et\u00edm p\u0159ekvapen\u00edm je to, \u017ee rozd\u00edly v obou programech jsou velmi mal\u00e9. \u201eV\u00fdznamn\u00fdm prvkem soci\u00e1ln\u00edho modelu je rovnost,&#8220; tvrd\u00ed \u010cSSD. K tomu se do\u010d\u00edt\u00e1m: \u201eNov\u00fd syst\u00e9m bude spravedliv\u00fd a solid\u00e1rn\u00ed.&#8220; Domn\u00edv\u00e1te se, \u017ee to je cit\u00e1t od Paroubka? Nen\u00ed, letos to toti\u017e prosazuje ODS!<br \/>\n\u010ctvrt\u00fdm p\u0159ekvapen\u00edm je pozoruhodn\u00e1 shoda obou stran p\u0159i prosazov\u00e1n\u00ed JISTOT. Tak nap\u0159\u00edklad jedna strana tvrd\u00ed: \u201eHlavn\u00edm c\u00edlem politiky soci\u00e1ln\u011b demokratick\u00e9 levice je JISTOTA zv\u00fd\u0161en\u00ed kvality \u017eivota.&#8220; Zat\u00edm sice nech\u00e1pu zcela z\u0159eteln\u011b, jak budou socialisti\u010dt\u00ed europoslanci z Bruselu zkoumat kvalitu m\u00e9ho \u017eivota, aby pro mne p\u0159ipravili zv\u00fd\u0161en\u00ed. Mo\u017en\u00e1 tou vrcholnou kvalitou \u017eivota v pojet\u00ed socialist\u016f bude smrt. Nebo naopak v Bruselu odhlasuj\u00ed nesmrtelnost? ODS je v t\u00e9to v\u011bci mnohem st\u0159\u00edzliv\u011bj\u0161\u00ed: \u201e\u010clov\u011bk mus\u00ed m\u00edt JISTOTU, \u017ee v p\u0159\u00edpad\u011b nezavin\u011bn\u00e9 nouze mu st\u00e1t pom\u016f\u017ee.&#8220; Rozum\u00edm tomu tak, \u017ee mod\u0159\u00ed europoslanci mi budou v takov\u00e9m p\u0159\u00edpad\u011b z Bruselu pom\u00e1hat prost\u0159ednictv\u00edm st\u00e1tu, abych m\u011bl jistotu.<\/p>\n<p style=\"text-align: justify;\">P\u00e1t\u00fdm p\u0159ekvapen\u00edm je to, jak ob\u011b strany vyd\u00e1vaj\u00ed nejistotu za program. Nep\u0159ekvapuje, \u017ee se ODS chlub\u00ed z\u00e1sluhami v oblasti energetiky, ale to, jak vyd\u00e1vaj\u00ed za \u0159e\u0161en\u00ed nez\u00e1vaznou deklaraci, na z\u00e1klad\u011b kter\u00e9 se m\u00e1 v budoucnu nahradit nejistota energetick\u00fdch dod\u00e1vek z Ruska nejistotou dod\u00e1vek z \u00c1zerb\u00e1jd\u017e\u00e1nu, kde panuje je\u0161t\u011b nejist\u011bj\u0161\u00ed politick\u00fd syst\u00e9m. Proti tomu \u010cSSD nab\u00edz\u00ed pouze z\u00e1vazek: \u201eBudeme prosazovat nov\u00fd evropsk\u00fd energetick\u00fd po\u0159\u00e1dek.&#8220; Pochopiteln\u011b neslibuj\u00ed, \u017ee po\u0159\u00e1dek bude, ale jen to, \u017ee se o n\u011bj jejich europoslanci budou sna\u017eit. O nesmyslnosti evropsk\u00fdch zelen\u00fdch dan\u00ed na energii podle toho, z \u010deho byla vyrobena, nikde ani slovo.<\/p>\n<p style=\"text-align: justify;\">\u0160est\u00fdm p\u0159ekvapen\u00edm je shoda v tom, \u017ee v rozvojov\u00fdch zem\u00edch odstran\u00edme chudobu. Ob\u011b strany vych\u00e1zej\u00ed z Lisabonsk\u00e9 smlouvy, kterou spole\u010dn\u011b pr\u00e1v\u011b podpo\u0159ily, ve kter\u00e9 Unie z\u0159eteln\u011b popisuje svou hospod\u00e1\u0159skou a soci\u00e1ln\u00ed politiku v rozvojov\u00fdch zem\u00edch, kdy\u017e pro n\u011b po\u010d\u00edt\u00e1 \u201es hlavn\u00edm c\u00edlem vym\u00fdcen\u00ed chudoby&#8220;. ODS dala opatrn\u011b do programu: \u201eRostouc\u00ed v\u00fdznam ekonomiky v mezin\u00e1rodn\u00edch vztaz\u00edch jde ruku v ruce s globalizac\u00ed.&#8220; Proti tomu \u010cSSD je velmi radik\u00e1ln\u00ed: \u201eJsme povinni poskytnout pomoc t\u011bm, kdo trp\u00ed. Jsme povinni bojovat proti bezpr\u00e1v\u00ed.&#8220; A n\u00e1davkem jedn\u00edm dechem dopl\u0148uje: \u201eEvropa v\u011b\u0159\u00ed, \u017ee lid\u00e9 maj\u00ed m\u00edt rovn\u00fd p\u0159\u00edstup k vybran\u00fdm z\u00e1kladn\u00edm hodnot\u00e1m bez ohledu na sv\u016fj majetek.&#8220; Beru na v\u011bdom\u00ed, \u017ee v p\u0159\u00ed\u0161t\u00edm volebn\u00edm obdob\u00ed Unie zachr\u00e1n\u00ed sv\u011bt. ODS to ale vid\u00ed pragmaticky, konkretizuje c\u00edle obsa\u017een\u00e9 v Lisabonsk\u00e9 smlouv\u011b: \u201e\u010ce\u0161t\u00ed spot\u0159ebitel\u00e9 budou m\u00edt levn\u011bj\u0161\u00ed potraviny a druhotn\u011b t\u00edm pom\u016f\u017eeme bojovat s glob\u00e1ln\u00ed chudobou.&#8220; Z\u00e1v\u011bry Lisabonsk\u00e9 smlouvy nejen spln\u00edme, ale p\u0159ekro\u010d\u00edme.<\/p>\n<p style=\"text-align: justify;\">Sedm\u00fdm p\u0159ekvapen\u00edm je to, jak oba partne\u0159i svorn\u011b stra\u0161\u00ed t\u00edm druh\u00fdm. Tak nap\u0159\u00edklad \u010cSSD stra\u0161\u00ed pravic\u00ed doma i v zahrani\u010d\u00ed: \u201eAby se oby\u010dejn\u00ed lid\u00e9 neb\u00e1li m\u00edt v\u00edce d\u011bt\u00ed. Bruselsk\u00e1 i \u010desk\u00e1 pravice n\u00e1m to cht\u011bj\u00ed vz\u00edt.&#8220; Z\u0159ejm\u011b proto rodina \u0161\u00e9fa socialist\u016f p\u0159\u00edkladn\u011b \u010dek\u00e1 potomka.<\/p>\n<p style=\"text-align: justify;\">\u201eHled\u00e1n\u00ed univerz\u00e1ln\u00edho p\u0159\u00edstupu k \u0159e\u0161en\u00ed ekonomick\u00e9 krize v Evrop\u011b nutn\u011b naraz\u00ed na pot\u00ed\u017ee,&#8220; prorokuje ODS. A pak \u017ee nestra\u0161\u00ed! Na adresu \u00dastavn\u00ed smlouvy a Lisabonsk\u00e9 smlouvy ODS jasn\u011b \u0159\u00edk\u00e1: \u201eTyto dokumenty v kone\u010dn\u00e9m d\u016fsledku sp\u00ed\u0161e podporuj\u00ed tendence velk\u00fdch \u010dlensk\u00fdch st\u00e1t\u016f monopolizovat evropskou integraci ve prosp\u011bch sv\u00fdch n\u00e1rodn\u00edch z\u00e1jm\u016f.&#8220; Ruku na srdce, postra\u0161ili nenapraviteln\u00fdm egoismem velk\u00fdch st\u00e1t\u016f. Ale sami se neboj\u00ed, i kdy\u017e Lisabonskou smlouvu neboj\u00e1cn\u011b prosadili. Sebev\u011bdom\u011b toti\u017e vyhla\u0161uj\u00ed: \u201eOb\u010dansk\u00e1 demokratick\u00e1 strana je jedinou z\u00e1rukou.&#8220; Kdov\u00ed, zda bychom se nem\u011bli b\u00e1t, kdy\u017e je z\u00e1ruka jen jedna.<br \/>\nODS ve stra\u0161en\u00ed pokra\u010duje: \u201eNe\u00fam\u011brn\u00fd n\u00e1r\u016fst zadlu\u017eov\u00e1n\u00ed pova\u017eujeme za velkou hrozbu.&#8220; Jenom se ob\u00e1v\u00e1m, \u017ee nejde o rozpo\u010det Unie, ale o rozpo\u010det \u010desk\u00fd, kter\u00e9ho se tyto volby net\u00fdkaj\u00ed.<\/p>\n<p style=\"text-align: justify;\">Vz\u00e1jemn\u00e9 stra\u0161en\u00ed dosahuje pitoreskn\u00ed podoby na podstr\u00e1nk\u00e1ch konkuren\u010dn\u00ed strany, kde ODS stra\u0161\u00ed nap\u0159\u00edklad bratrstv\u00edm s n\u00e1\u010deln\u00edkem Apa\u010d\u016f. \u010cSSD pokra\u010duje v antikampani typu \u201aODS m\u00ednus\u2018, tentokr\u00e1t s hlavn\u00edm heslem \u201aBUDU VOLIT ODS\u2018.<\/p>\n<p style=\"text-align: justify;\">Naprosto nepochopiteln\u00fd populismus najdeme v programu ODS: \u201eP\u0159ibli\u017en\u011b do dvaceti let budou ob\u010dan\u00e9 \u010cesk\u00e9 republiky vyd\u011bl\u00e1vat tolik co N\u011bmci nebo Raku\u0161an\u00e9.&#8220; Kone\u010dn\u011b slib, na kter\u00fd se jist\u011b m\u016f\u017eeme v\u0161ichni spolehnout! K tomu socialist\u00e9 ji\u017e nemaj\u00ed co dodat. N\u011bmci i Raku\u0161an\u00e9 mus\u00ed b\u00fdt vyd\u011b\u0161eni, \u017ee jim ODS prorokuje tak velk\u00fd propad \u017eivotn\u00ed \u00farovn\u011b.<\/p>\n<p style=\"text-align: justify;\">Osm\u00fdm p\u0159ekvapen\u00edm je grafick\u00fd doprovod kampan\u00ed obou stran. Abych si odpo\u010dinul od v\u00e1\u017en\u00fdch my\u0161lenek volebn\u00edch program\u016f, vyrazil jsem na proch\u00e1zku. Pod dojmem velkoplo\u0161n\u00e9 reklamy jsem pochopil. Evropsk\u00fdm budovatelsk\u00fdm souru\u010denstv\u00edm na mne d\u00fdchnul plak\u00e1t, na kter\u00e9m svorn\u011b shl\u00ed\u017eej\u00ed p\u0159edsedov\u00e9 obou stran pod heslem \u201a\u0159e\u0161en\u00ed m\u00edsto stra\u0161en\u00ed\u2018, kter\u00e9 m\u016f\u017ee platit zleva doprava i zprava doleva. Ano, p\u0159esn\u011b tak to funguje v europarlamentu. Pravice i levice svorn\u011b prohlubuje budov\u00e1n\u00ed. Mo\u017en\u00e1 nen\u00ed n\u00e1hodou, \u017ee je Topol\u00e1nek zobrazen nalevo od Paroubka.<\/p>\n<p style=\"text-align: justify;\">Tento volebn\u00ed kolorit dopl\u0148uj\u00ed r\u016fzn\u00e9 vzkazy, kter\u00e9 na plak\u00e1tech o\u010dividn\u011b tiskne jedna strana jm\u00e9nem druh\u00e9 a naopak. N\u011bkdy je sporn\u00e9, komu to \u0161kod\u00ed a komu pom\u00e1h\u00e1. Praktika u n\u00e1s zn\u00e1m\u00e1 ji\u017e n\u011bkolik let, ve slu\u0161n\u00fdch demokraci\u00edch nemysliteln\u00e1. Ob\u011b politick\u00e9 strany opou\u0161t\u011bj\u00ed sv\u00e9 p\u016fvodn\u00ed politick\u00e9 vize. Sbli\u017euj\u00ed se natolik, \u017ee mo\u017en\u00e1 jednou zalo\u017e\u00ed n\u011bco jako N\u00e1rodn\u00ed frontu s jednotnou kandid\u00e1tkou a spole\u010dnou kampan\u00ed. Hv\u011bzdy na evropsk\u00e9m praporu pak budou jist\u011b oran\u017eov\u00e9. Pr\u00e1vo na pr\u00e1ci, kter\u00e9 se bude v tomto volebn\u00edm obdob\u00ed podle Lisabonsk\u00e9 smlouvy zav\u00e1d\u011bt, pak jist\u011b svorn\u011b dohodne tandem Ne\u010das-\u0160kromach.<\/p>\n<p style=\"text-align: justify;\">Dost \u017eert\u016f. Probl\u00e9m je jinde. Jak se postupem \u010dasu vyprazd\u0148uje \u010desk\u00e1 politika, jak ztr\u00e1c\u00ed my\u0161lenkov\u00fd obsah, jak dominuje nepolitick\u00e1 politika, tak se st\u00e1v\u00e1 z klasick\u00e9ho st\u0159et\u00e1v\u00e1n\u00ed politick\u00fdch filosofi\u00ed pouh\u00e9 handrkov\u00e1n\u00ed o moc. P\u0159est\u00e1vaj\u00ed platit argumenty, politick\u00e1 r\u00e9torika postr\u00e1d\u00e1 jakoukoli logiku. V takov\u00e9m, prost\u0159ed\u00ed nem\u016f\u017ee ve\u0159ejnost politiku ovlivnit ani argumentac\u00ed, ani p\u0159i volb\u00e1ch. Bezv\u00fdchodnost oh\u0148ostroje populismu pak p\u0159irozen\u011b vy\u00fast\u00ed do r\u016fstu extremismu.<\/p>\n","protected":false},"excerpt":{"rendered":"<p>10.5.2009 Nepolitick\u00e1 politika nahrazuje skute\u010dnou politickou sout\u011b\u017e my\u0161lenek a koncepc\u00ed. \u010cl\u00e1nek srovn\u00e1v\u00e1 volebn\u00ed program dvou nejsiln\u011bj\u0161\u00edch politick\u00fdch stran. Bezv\u00fdchodnost politick\u00e9 konstelace, kter\u00e1 neumo\u017e\u0148uje otev\u0159enou komunikaci o hlavn\u00edch probl\u00e9mech, vede k&#8230; <a class=\"read-more-button\" href=\"https:\/\/www.payne.cz\/WP15\/ani-ryba-ani-rak-ani-ruze-ani-ptak\/\">\u010c\u00edst v\u00edce &gt;<\/a><\/p>\n","protected":false},"author":2,"featured_media":0,"comment_status":"closed","ping_status":"closed","sticky":false,"template":"","format":"standard","meta":{"ngg_post_thumbnail":0,"_monsterinsights_skip_tracking":false,"_monsterinsights_sitenote_active":false,"_monsterinsights_sitenote_note":"","_monsterinsights_sitenote_category":0,"footnotes":""},"categories":[3,13,22,16],"tags":[6,23,5],"class_list":["post-155","post","type-post","status-publish","format-standard","hentry","category-clanky","category-dompol","category-eu","category-svobodni","tag-dompol","tag-eu","tag-zahrpol"],"_links":{"self":[{"href":"https:\/\/www.payne.cz\/WP15\/wp-json\/wp\/v2\/posts\/155","targetHints":{"allow":["GET"]}}],"collection":[{"href":"https:\/\/www.payne.cz\/WP15\/wp-json\/wp\/v2\/posts"}],"about":[{"href":"https:\/\/www.payne.cz\/WP15\/wp-json\/wp\/v2\/types\/post"}],"author":[{"embeddable":true,"href":"https:\/\/www.payne.cz\/WP15\/wp-json\/wp\/v2\/users\/2"}],"replies":[{"embeddable":true,"href":"https:\/\/www.payne.cz\/WP15\/wp-json\/wp\/v2\/comments?post=155"}],"version-history":[{"count":6,"href":"https:\/\/www.payne.cz\/WP15\/wp-json\/wp\/v2\/posts\/155\/revisions"}],"predecessor-version":[{"id":761,"href":"https:\/\/www.payne.cz\/WP15\/wp-json\/wp\/v2\/posts\/155\/revisions\/761"}],"wp:attachment":[{"href":"https:\/\/www.payne.cz\/WP15\/wp-json\/wp\/v2\/media?parent=155"}],"wp:term":[{"taxonomy":"category","embeddable":true,"href":"https:\/\/www.payne.cz\/WP15\/wp-json\/wp\/v2\/categories?post=155"},{"taxonomy":"post_tag","embeddable":true,"href":"https:\/\/www.payne.cz\/WP15\/wp-json\/wp\/v2\/tags?post=155"}],"curies":[{"name":"wp","href":"https:\/\/api.w.org\/{rel}","templated":true}]}}