{"id":1546,"date":"2017-12-20T22:11:56","date_gmt":"2017-12-20T21:11:56","guid":{"rendered":"http:\/\/www.payne.cz\/WP15\/?p=1546"},"modified":"2017-12-20T22:51:13","modified_gmt":"2017-12-20T21:51:13","slug":"slusi-se-mit-zameteno-pred-vlastnim-prahem","status":"publish","type":"post","link":"https:\/\/www.payne.cz\/WP15\/slusi-se-mit-zameteno-pred-vlastnim-prahem\/","title":{"rendered":"Slu\u0161\u00ed se m\u00edt zameteno p\u0159ed vlastn\u00edm prahem"},"content":{"rendered":"<p style=\"text-align: right;\"><span style=\"color: #008000;\">20.12.2017<\/span><\/p>\n<p style=\"text-align: justify;\">Evropsk\u00e1 komise do\u0161la k z\u00e1v\u011bru, \u017ee v Polsku hroz\u00ed poru\u0161en\u00ed vl\u00e1dy pr\u00e1va. Hodl\u00e1 vyu\u017e\u00edt prvn\u00edho odstavce \u010dl\u00e1nku 7 Lisabonsk\u00e9 smlouvy. Bude si muset zajistit souhlas Evropsk\u00e9ho parlamentu a bude se muset obr\u00e1tit na Radu Evropsk\u00e9 unie, aby \u010dty\u0159p\u011btinovou v\u011bt\u0161inou rozhodla o tom, \u017ee existuje nebezpe\u010d\u00ed, \u017ee Polsko poru\u0161\u00ed hodnoty uveden\u00e9 v\u00a0\u010dl\u00e1nku 2 t\u00e9\u017ee smlouvy. Z\u00a0v\u00fd\u010dtu hodnot v\u00a0\u010dl\u00e1nku 2, kter\u00e9 maj\u00ed b\u00fdt spole\u010dn\u00e9 \u010dlensk\u00fdm st\u00e1t\u016fm, m\u00e1 Komise nejsp\u00ed\u0161 na mysli hodnoty demokracie a pr\u00e1vn\u00edho st\u00e1tu.<img loading=\"lazy\" decoding=\"async\" class=\"size-medium wp-image-1534 alignright\" src=\"http:\/\/www.payne.cz\/WP15\/wp-content\/uploads\/25311036_2062029850742413_1260722559756580859_o-1q-256x300.jpg\" alt=\"25311036_2062029850742413_1260722559756580859_o (1)q\" width=\"256\" height=\"300\" srcset=\"https:\/\/www.payne.cz\/WP15\/wp-content\/uploads\/25311036_2062029850742413_1260722559756580859_o-1q-256x300.jpg 256w, https:\/\/www.payne.cz\/WP15\/wp-content\/uploads\/25311036_2062029850742413_1260722559756580859_o-1q.jpg 659w\" sizes=\"auto, (max-width: 256px) 100vw, 256px\" \/><\/p>\n<p style=\"text-align: justify;\">Mo\u017en\u00e1 si z\u00a0uveden\u00e9ho \u010dl\u00e1nku p\u0159ipome\u0148me je\u0161t\u011b n\u011bkter\u00e9 dal\u0161\u00ed hodnoty, na kter\u00fdch Unie stoj\u00ed: rovnost, pluralismus, nep\u0159\u00edpustnost diskriminace, tolerance, spravedlnost.<\/p>\n<p style=\"text-align: justify;\">\u00dastavn\u00ed syst\u00e9m v\u00a0n\u011bkter\u00fdch demokratick\u00fdch zem\u00edch podl\u00e9h\u00e1 aktu\u00e1ln\u00edm politick\u00fdm n\u00e1lad\u00e1m. U n\u00e1s nap\u0159\u00edklad nabouraly \u00dastavu dv\u011b zm\u011bny: samorozpu\u0161t\u011bn\u00ed Sn\u011bmovny a p\u0159\u00edm\u00e1 volba prezidenta. Ob\u011b vytvo\u0159ily v\u00a0\u00fastavn\u00edm pr\u00e1vu d\u00edru, kter\u00e1 jednou m\u016f\u017ee znamenat ne\u0159e\u0161itelnou \u00fastavn\u00ed krizi. M\u011bli bychom zoufat a b\u011bdovat nad politick\u00fdmi stranami, \u017ee devastuj\u00ed demokracii? Mo\u017en\u00e1.<\/p>\n<p style=\"text-align: justify;\">V\u00a0Polsku reformuj\u00ed soudn\u00ed syst\u00e9m, mimochodem, tak\u00e9 bychom to pot\u0159ebovali. Soudn\u00ed moc sama sebe nikdy nezreformuje. Polsk\u00e1 opozice nesouhlas\u00ed. To je z\u00e1ruka, \u017ee po p\u0159\u00ed\u0161t\u00edch volb\u00e1ch bude soudn\u00ed reforma podl\u00e9hat nov\u00e9 diskusi a mo\u017en\u00e1 i revizi. Proto pova\u017euji starosti Komise za ukvapen\u00e9.<\/p>\n<p style=\"text-align: justify;\">Mnohem v\u011bt\u0161\u00ed starost mi d\u011bl\u00e1 osud demokracie v\u00a0Evropsk\u00e9 unii. Lisabonsk\u00e1 smlouva je \u00famysln\u011b zalo\u017eena na nedemokratick\u00fdch z\u00e1kladech. \u017d\u00e1dn\u00e1 rovnov\u00e1ha moci neexistuje \u2013v\u016fbec \u017e\u00e1dn\u00e1. Nad jedn\u00e1n\u00edm komise nevis\u00ed ani hrozba ztr\u00e1ty d\u016fv\u011bry (musely by pro ni hlasovat dv\u011b t\u0159etiny Evropsk\u00e9ho parlamentu \u2013 co\u017e je nesmysl), ale nehroz\u00ed ani soudn\u00ed p\u0159ezkoum\u00e1n\u00ed, zda dodr\u017euje platn\u00e9 p\u0159edpisy, p\u0159edev\u0161\u00edm Lisabonskou smlouvu. Ob\u010dan m\u00e1 na rozhodov\u00e1n\u00ed komise zanedbateln\u00fd vliv. Neexistuje ani koalice, ani opozice. Ti, kdo maj\u00ed odli\u0161n\u00fd n\u00e1zor, ne\u017e komise, jsou diskriminov\u00e1ni. Je vysoce pravd\u011bpodobn\u00e9, \u017ee se Unie v\u00a0mnoha p\u0159\u00edpadech prosazuje sv\u00e9 z\u00e1jmy ne zcela korektn\u00edmi a nedemokratick\u00fdmi prost\u0159edky.<\/p>\n<p style=\"text-align: justify;\">M\u00e1-li Komise starost o demokracii, m\u011bla by se nap\u0159ed postarat o to, aby Evropsk\u00e1 unie sama za\u010dala fungovat alespo\u0148 trochu demokraticky, tolerantn\u011b k\u00a0jin\u00fdm n\u00e1zor\u016fm, m\u011bla by respektovat pluralitu n\u00e1zor\u016f, jednat spravedliv\u011b se v\u0161emi n\u00e1zorov\u00fdmi skupinami bez jak\u00e9koli diskriminace. M\u011bla by urychlen\u011b vytvo\u0159it syst\u00e9m skute\u010dn\u00e9 odpov\u011bdnosti za v\u00fdkon funkce, m\u011bla by odejmout moc \u00fa\u0159edn\u00edk\u016fm a vr\u00e1tit ji na politick\u00e9 h\u0159i\u0161t\u011b. M\u011bla by urychlen\u011b umo\u017enit skute\u010dn\u00e9 nez\u00e1visl\u00e9 p\u0159ezkoum\u00e1n\u00ed, zda jedn\u00e1 podle platn\u00fdch pr\u00e1vn\u00edch p\u0159edpis\u016f. M\u011bla by respektovat suverenitu \u010dlensk\u00fdch st\u00e1t\u016f.<\/p>\n","protected":false},"excerpt":{"rendered":"<p>20.12.2017 Evropsk\u00e1 komise do\u0161la k z\u00e1v\u011bru, \u017ee v Polsku hroz\u00ed poru\u0161en\u00ed vl\u00e1dy pr\u00e1va. Hodl\u00e1 vyu\u017e\u00edt prvn\u00edho odstavce \u010dl\u00e1nku 7 Lisabonsk\u00e9 smlouvy. Bude si muset zajistit souhlas Evropsk\u00e9ho parlamentu a bude&#8230; <a class=\"read-more-button\" href=\"https:\/\/www.payne.cz\/WP15\/slusi-se-mit-zameteno-pred-vlastnim-prahem\/\">\u010c\u00edst v\u00edce &gt;<\/a><\/p>\n","protected":false},"author":2,"featured_media":0,"comment_status":"closed","ping_status":"closed","sticky":false,"template":"","format":"standard","meta":{"ngg_post_thumbnail":0,"_monsterinsights_skip_tracking":false,"_monsterinsights_sitenote_active":false,"_monsterinsights_sitenote_note":"","_monsterinsights_sitenote_category":0,"footnotes":""},"categories":[3,22,16,9],"tags":[23,18,5],"class_list":["post-1546","post","type-post","status-publish","format-standard","hentry","category-clanky","category-eu","category-svobodni","category-zahrpol","tag-eu","tag-svobodi","tag-zahrpol"],"_links":{"self":[{"href":"https:\/\/www.payne.cz\/WP15\/wp-json\/wp\/v2\/posts\/1546","targetHints":{"allow":["GET"]}}],"collection":[{"href":"https:\/\/www.payne.cz\/WP15\/wp-json\/wp\/v2\/posts"}],"about":[{"href":"https:\/\/www.payne.cz\/WP15\/wp-json\/wp\/v2\/types\/post"}],"author":[{"embeddable":true,"href":"https:\/\/www.payne.cz\/WP15\/wp-json\/wp\/v2\/users\/2"}],"replies":[{"embeddable":true,"href":"https:\/\/www.payne.cz\/WP15\/wp-json\/wp\/v2\/comments?post=1546"}],"version-history":[{"count":2,"href":"https:\/\/www.payne.cz\/WP15\/wp-json\/wp\/v2\/posts\/1546\/revisions"}],"predecessor-version":[{"id":1548,"href":"https:\/\/www.payne.cz\/WP15\/wp-json\/wp\/v2\/posts\/1546\/revisions\/1548"}],"wp:attachment":[{"href":"https:\/\/www.payne.cz\/WP15\/wp-json\/wp\/v2\/media?parent=1546"}],"wp:term":[{"taxonomy":"category","embeddable":true,"href":"https:\/\/www.payne.cz\/WP15\/wp-json\/wp\/v2\/categories?post=1546"},{"taxonomy":"post_tag","embeddable":true,"href":"https:\/\/www.payne.cz\/WP15\/wp-json\/wp\/v2\/tags?post=1546"}],"curies":[{"name":"wp","href":"https:\/\/api.w.org\/{rel}","templated":true}]}}