{"id":151,"date":"2015-04-30T15:38:01","date_gmt":"2015-04-30T14:38:01","guid":{"rendered":"http:\/\/www.payne.cz\/WP15\/?p=151"},"modified":"2015-06-01T15:14:11","modified_gmt":"2015-06-01T14:14:11","slug":"tomu-jsme-za-komunismu-rikali-predposranost","status":"publish","type":"post","link":"https:\/\/www.payne.cz\/WP15\/tomu-jsme-za-komunismu-rikali-predposranost\/","title":{"rendered":"Tomu jsme za komunismu \u0159\u00edkali p\u0159edposranost"},"content":{"rendered":"<p style=\"text-align: right;\"><span style=\"color: #008080;\">3.5.2009<\/span><\/p>\n<p>N\u011bkte\u0159\u00ed se tedy b\u00e1li, co by se stalo, kdyby \u0159ekli sv\u016fj n\u00e1zor. Mo\u017en\u00e1 by se nestalo nic, ale ten, kdo byl p\u0159edposran\u00fd, rad\u011bji preventivn\u011b dr\u017eel hubu. V\u0161ichni se pak tv\u00e1\u0159ili, jako \u017ee souhlas\u00ed, mysleli si sv\u00e9, ale \u017eili ve l\u017ei. Posu\u010fte, zda se p\u0159edposranost znovu vr\u00e1tila do \u010desk\u00e9 kotliny. Jeden v\u00fdznamn\u00fd politik vzk\u00e1zal ve\u0159ejnosti k Lisabonsk\u00e9 smlouv\u011b toto:<br \/>\n<a href=\"http:\/\/www.payne.cz\/WP15\/wp-content\/uploads\/2015\/04\/82169_clanok_foto_801.png\"><img loading=\"lazy\" decoding=\"async\" class=\"alignright wp-image-152 size-full\" src=\"http:\/\/www.payne.cz\/WP15\/wp-content\/uploads\/2015\/04\/82169_clanok_foto_801.png\" alt=\"82169_clanok_foto_801\" width=\"148\" height=\"149\" \/><\/a><br \/>\nPolitik: \u201e\u0158ada evropsk\u00fdch st\u00e1tn\u00edk\u016f do toho investovala hodn\u011b &#8230; ty investice byly zna\u010dn\u00e9 &#8230; asi by se netv\u00e1\u0159ili, \u017ee se nic nestalo&#8220;, kdyby Sen\u00e1t neschv\u00e1lil Lisabonskou smlouvu. Ta \u201esice umo\u017e\u0148uje p\u0159en\u00e1\u0161et kompetence do Bruselu bez explicitn\u00edho souhlasu n\u00e1rodn\u00edch parlament\u016f, ale my jsme si vytvo\u0159ili pojistku, \u017ee to n\u00e1\u0161 Parlament bude muset odsouhlasit&#8230; &#8220;<\/p>\n<p>Svobodn\u00ed: PARLAMENT BUDE MUSET? TROUFNE SI N\u011aKDY NESOUHLASIT?<\/p>\n<p>Politik: \u201eTo si ob\u010das m\u016f\u017ee dovolit velmoc, \u017ee parlament neodhlasuje smlouvu, kterou vl\u00e1da podepsala.&#8220;<\/p>\n<p>Svobodn\u00ed: TAK\u017dE TA POJISTKA JE K NI\u010cEMU.<\/p>\n<p>Politik: \u201eJ\u00e1 se nejv\u00edc boj\u00edm rozp\u00ednavosti evropsk\u00e9ho parlamentu.&#8220;<\/p>\n<p>Svobodn\u00ed: A TO NEVAD\u00cd, \u017dE OSLAB\u00cd NA\u0160I SUVERENITU?<\/p>\n<p>Politik: \u201eNep\u0159\u00edmo ji oslab\u00ed.&#8220;<\/p>\n<p>Svobodn\u00ed: TAK\u017dE V\u00c1HA NA\u0160EHO HLASU SE ZMEN\u0160\u00cd.<\/p>\n<p>Politik: \u201eAle jde o to, abychom se neb\u00e1li pozdvihnout hlas, a\u017e se bude stanovisko formulovat.&#8220;<\/p>\n<p>Svobodn\u00ed: TAK\u017dE SELH\u00c1N\u00cd SOU\u010cASN\u00c9 VL\u00c1DY BUDE MUSET NAPRAVIT N\u011aJAK\u00c9 HRDINN\u00c9 ODM\u00cdT\u00c1N\u00cd V\u016eLE VELK\u00ddCH ST\u00c1T\u016e V BUDOUCNOSTI. T\u0158EBA SI N\u011aKDO NEP\u0158EDPOSRAN\u00dd TROUFNE VETOVAT V\u00cdCE.<\/p>\n<p>Politik: J\u00e1 se neboj\u00edm, hrdinsky jsem jednou uplatnil \u201eveto u dan\u011b z piva&#8220;.<\/p>\n<p>Svobodn\u00ed: V\u00c1M P\u0158IPAD\u00c1 DA\u0147 Z PIVA A TRVAL\u00c1 ZTR\u00c1TA SUVERENITY SROVNATELN\u00c1? VELK\u00c9 ST\u00c1TY N\u00c1M MAJ\u00cd NAV\u017dDY DIKTOVAT, CO M\u00c1ME D\u011aLAT?<\/p>\n<p>Politik: \u201ePro st\u0159edn\u011b velkou evropskou zemi ve st\u0159edu kontinentu s na\u0161\u00edm p\u0159\u00edb\u011bhem jsou v\u017edycky lep\u0161\u00ed n\u011bjak\u00e1 pravidla hry ne\u017e z\u00e1kony d\u017eungle, kde plat\u00ed pr\u00e1vo siln\u011bj\u0161\u00edho.&#8220;<\/p>\n<p>Svobodn\u00ed: POVINNOST DR\u017dET HUBU KV\u016eLI VELK\u00ddM ST\u00c1T\u016eM, TO JE P\u0158ECE TO PR\u00c1VO SILN\u011aJ\u0160\u00cdHO. PR\u00c1V\u011a JSTE \u0158EKL, \u017dE M\u00c1ME P\u0158ED VELK\u00ddMI ST\u00c1TY DR\u017dET HUBU, A\u010cKOLI BYCHOM PODLE PRAVIDEL MOHLI NESOUHLASIT. TAK\u017dE PR\u00c1VO SILN\u011aJ\u0160\u00cdHO PLAT\u00cd TAK JAKO TAK.<\/p>\n<p>Pokud jste vyhodnotili v\u00fdroky \u010desk\u00e9ho politika, kter\u00fd t\u00edmto rozhovorem pop\u0159el v\u0161echno, pro co si jej n\u011bkdo mohl v\u00e1\u017eit, jako v\u00fdroky p\u0159edposran\u00e9, pod\u00edvejte se na tento odkaz a zjist\u00edte, kdo to je. Politikovy uveden\u00e9 cit\u00e1ty kurzivou v uvozovk\u00e1ch tam najdete.<\/p>\n","protected":false},"excerpt":{"rendered":"<p>3.5.2009 N\u011bkte\u0159\u00ed se tedy b\u00e1li, co by se stalo, kdyby \u0159ekli sv\u016fj n\u00e1zor. Mo\u017en\u00e1 by se nestalo nic, ale ten, kdo byl p\u0159edposran\u00fd, rad\u011bji preventivn\u011b dr\u017eel hubu. V\u0161ichni se pak&#8230; <a class=\"read-more-button\" href=\"https:\/\/www.payne.cz\/WP15\/tomu-jsme-za-komunismu-rikali-predposranost\/\">\u010c\u00edst v\u00edce &gt;<\/a><\/p>\n","protected":false},"author":2,"featured_media":0,"comment_status":"closed","ping_status":"closed","sticky":false,"template":"","format":"standard","meta":{"ngg_post_thumbnail":0,"_monsterinsights_skip_tracking":false,"_monsterinsights_sitenote_active":false,"_monsterinsights_sitenote_note":"","_monsterinsights_sitenote_category":0,"footnotes":""},"categories":[3,13,22,16],"tags":[6,23,18],"class_list":["post-151","post","type-post","status-publish","format-standard","hentry","category-clanky","category-dompol","category-eu","category-svobodni","tag-dompol","tag-eu","tag-svobodi"],"_links":{"self":[{"href":"https:\/\/www.payne.cz\/WP15\/wp-json\/wp\/v2\/posts\/151","targetHints":{"allow":["GET"]}}],"collection":[{"href":"https:\/\/www.payne.cz\/WP15\/wp-json\/wp\/v2\/posts"}],"about":[{"href":"https:\/\/www.payne.cz\/WP15\/wp-json\/wp\/v2\/types\/post"}],"author":[{"embeddable":true,"href":"https:\/\/www.payne.cz\/WP15\/wp-json\/wp\/v2\/users\/2"}],"replies":[{"embeddable":true,"href":"https:\/\/www.payne.cz\/WP15\/wp-json\/wp\/v2\/comments?post=151"}],"version-history":[{"count":3,"href":"https:\/\/www.payne.cz\/WP15\/wp-json\/wp\/v2\/posts\/151\/revisions"}],"predecessor-version":[{"id":764,"href":"https:\/\/www.payne.cz\/WP15\/wp-json\/wp\/v2\/posts\/151\/revisions\/764"}],"wp:attachment":[{"href":"https:\/\/www.payne.cz\/WP15\/wp-json\/wp\/v2\/media?parent=151"}],"wp:term":[{"taxonomy":"category","embeddable":true,"href":"https:\/\/www.payne.cz\/WP15\/wp-json\/wp\/v2\/categories?post=151"},{"taxonomy":"post_tag","embeddable":true,"href":"https:\/\/www.payne.cz\/WP15\/wp-json\/wp\/v2\/tags?post=151"}],"curies":[{"name":"wp","href":"https:\/\/api.w.org\/{rel}","templated":true}]}}