{"id":1502,"date":"2017-12-19T21:31:47","date_gmt":"2017-12-19T20:31:47","guid":{"rendered":"http:\/\/www.payne.cz\/WP15\/?p=1502"},"modified":"2017-12-20T22:57:17","modified_gmt":"2017-12-20T21:57:17","slug":"bezpecnostni-hrozby-v-evrope","status":"publish","type":"post","link":"https:\/\/www.payne.cz\/WP15\/bezpecnostni-hrozby-v-evrope\/","title":{"rendered":"Bezpe\u010dnostn\u00ed hrozby v Evrop\u011b"},"content":{"rendered":"<p><iframe loading=\"lazy\" width=\"690\" height=\"388\" src=\"https:\/\/www.youtube.com\/embed\/OCswogPDORU?feature=oembed\" frameborder=\"0\" gesture=\"media\" allow=\"encrypted-media\" allowfullscreen><\/iframe><\/p>\n<p style=\"text-align: justify;\">Jak zajistit bezpe\u010dnost \u010cesk\u00e9 republiky? Pro\u010d EU selh\u00e1v\u00e1? V\u00e1lky v okol\u00ed Evropy, islamismus, migra\u010dn\u00ed krize, terorismus &#8211; jak \u0159e\u0161it aktu\u00e1ln\u00ed bezpe\u010dnostn\u00ed hrozby v Evrop\u011b? O tom v\u0161em byla 31. kv\u011btna 2017 \u0159e\u010d na konferenci, kterou v Plzni uspo\u0159\u00e1dala europarlamentn\u00ed frakce EFDD. Vystoupili na n\u00ed mstop\u0159edseda evropsk\u00e9 frakce EFDD, europoslanec a p\u0159edseda Svobodn\u00fdch Petr Mach, p\u0159edseda bavorsk\u00e9 AfD Petr Bystro\u0148, arabista Ji\u0159\u00ed Weigl a zahrani\u010dn\u00ed expert Svobodn\u00fdch b\u00fdval\u00fd poslanec Ji\u0159\u00ed Payne. \u201eJe t\u0159eba zachovat vlastn\u00ed azylovou politiku a odm\u00edtnout kv\u00f3ty na p\u0159erozd\u011blov\u00e1n\u00ed lid\u00ed. To je p\u0159edpokladem bezpe\u010dnosti na\u0161\u00ed zem\u011b i Evropy,\u201c zd\u016fraznil mj. Petr Mach.<\/p>\n<p style=\"text-align: right;\"><span style=\"color: #339966;\">31.5.2017<\/span><\/p>\n","protected":false},"excerpt":{"rendered":"<p>Jak zajistit bezpe\u010dnost \u010cesk\u00e9 republiky? Pro\u010d EU selh\u00e1v\u00e1? V\u00e1lky v okol\u00ed Evropy, islamismus, migra\u010dn\u00ed krize, terorismus &#8211; jak \u0159e\u0161it aktu\u00e1ln\u00ed bezpe\u010dnostn\u00ed hrozby v Evrop\u011b? O tom v\u0161em byla 31. kv\u011btna&#8230; <a class=\"read-more-button\" href=\"https:\/\/www.payne.cz\/WP15\/bezpecnostni-hrozby-v-evrope\/\">\u010c\u00edst v\u00edce &gt;<\/a><\/p>\n","protected":false},"author":2,"featured_media":0,"comment_status":"closed","ping_status":"closed","sticky":false,"template":"","format":"standard","meta":{"ngg_post_thumbnail":0,"_monsterinsights_skip_tracking":false,"_monsterinsights_sitenote_active":false,"_monsterinsights_sitenote_note":"","_monsterinsights_sitenote_category":0,"footnotes":""},"categories":[3,13,28,22,16,14,9],"tags":[6,29,23,19,5],"class_list":["post-1502","post","type-post","status-publish","format-standard","hentry","category-clanky","category-dompol","category-efdd","category-eu","category-svobodni","category-video","category-zahrpol","tag-dompol","tag-efdd","tag-eu","tag-videonahravka","tag-zahrpol"],"_links":{"self":[{"href":"https:\/\/www.payne.cz\/WP15\/wp-json\/wp\/v2\/posts\/1502","targetHints":{"allow":["GET"]}}],"collection":[{"href":"https:\/\/www.payne.cz\/WP15\/wp-json\/wp\/v2\/posts"}],"about":[{"href":"https:\/\/www.payne.cz\/WP15\/wp-json\/wp\/v2\/types\/post"}],"author":[{"embeddable":true,"href":"https:\/\/www.payne.cz\/WP15\/wp-json\/wp\/v2\/users\/2"}],"replies":[{"embeddable":true,"href":"https:\/\/www.payne.cz\/WP15\/wp-json\/wp\/v2\/comments?post=1502"}],"version-history":[{"count":1,"href":"https:\/\/www.payne.cz\/WP15\/wp-json\/wp\/v2\/posts\/1502\/revisions"}],"predecessor-version":[{"id":1503,"href":"https:\/\/www.payne.cz\/WP15\/wp-json\/wp\/v2\/posts\/1502\/revisions\/1503"}],"wp:attachment":[{"href":"https:\/\/www.payne.cz\/WP15\/wp-json\/wp\/v2\/media?parent=1502"}],"wp:term":[{"taxonomy":"category","embeddable":true,"href":"https:\/\/www.payne.cz\/WP15\/wp-json\/wp\/v2\/categories?post=1502"},{"taxonomy":"post_tag","embeddable":true,"href":"https:\/\/www.payne.cz\/WP15\/wp-json\/wp\/v2\/tags?post=1502"}],"curies":[{"name":"wp","href":"https:\/\/api.w.org\/{rel}","templated":true}]}}