{"id":1489,"date":"2017-12-19T19:49:30","date_gmt":"2017-12-19T18:49:30","guid":{"rendered":"http:\/\/www.payne.cz\/WP15\/?p=1489"},"modified":"2017-12-19T21:44:48","modified_gmt":"2017-12-19T20:44:48","slug":"alternativy-evropske-unie-konference-efdd","status":"publish","type":"post","link":"https:\/\/www.payne.cz\/WP15\/alternativy-evropske-unie-konference-efdd\/","title":{"rendered":"Alternativy Evropsk\u00e9 unie &#8211; konference EFDD"},"content":{"rendered":"<header class=\"entry-header\">\n<h1 class=\"entry-title\">Alternativy Evropsk\u00e9 unie \u2013 konference EFDD<\/h1>\n<\/header>\n<div class=\"below-entry-meta\" style=\"text-align: right;\"><span style=\"color: #339966;\">14.12.2017<\/span><\/div>\n<div class=\"entry-content clearfix\">\n<p><img loading=\"lazy\" decoding=\"async\" class=\"size-full wp-image-1491 alignright\" src=\"http:\/\/www.payne.cz\/WP15\/wp-content\/uploads\/logo_EFD_angl_vect.jpg\" alt=\"logo_EFD_angl_vect\" width=\"179\" height=\"175\" \/><\/p>\n<p><strong>Je mo\u017en\u00e9 EU reformovat?<br \/>\n<\/strong>Nebo u\u017e je v\u0161e ztraceno a sm\u011b\u0159ujeme nevyhnuteln\u011b k nedemokratick\u00e9mu autoritativn\u00edmu re\u017eimu?<br \/>\nM\u00e1 EU dobr\u00e9 z\u00e1klady, nebo se zhrout\u00ed jak dome\u010dek z karet?<br \/>\nJe mo\u017en\u00e9 je\u0161t\u011b v Evrop\u011b nav\u00e1zat \u010dist\u011b dobrovolnou spolupr\u00e1ci?<br \/>\nJe v\u016fbec re\u00e1ln\u00e9 o\u010distit na\u0161e \u017eivoty od z\u00e1plavy na\u0159\u00edzen\u00ed a regulac\u00ed?<br \/>\nPr\u00e1v\u011b o t\u011bchto i dal\u0161\u00edch ot\u00e1zk\u00e1ch diskutovali zaj\u00edmav\u00ed host\u00e9 na konferenci o Alternativ\u011b pro Evropu, kterou v\u00a0Praze uspo\u0159\u00e1dala politick\u00e1 frakce v\u00a0Evropsk\u00e9m parlamentu EFDD.<\/p>\n<p><u>Hlavn\u00ed host\u00e9 byli:<\/u><br \/>\n<a href=\"https:\/\/www.facebook.com\/PayneJirka\/\">Ji\u0159\u00ed T. Payne<\/a>, europoslanec EFDD (Svobodn\u00ed)<br \/>\n<a href=\"https:\/\/www.facebook.com\/vaclavklausml\/\">V\u00e1clav Klaus ml.<\/a>, poslanec (ODS)<br \/>\n<a href=\"https:\/\/www.facebook.com\/mach.svobodni\/\">Petr Mach<\/a>, ekonom, b\u00fdval\u00fd europoslanec EFDD (Svobodn\u00ed)<br \/>\n<a href=\"https:\/\/www.facebook.com\/petrrobejsek\/\">Petr Robej\u0161ek<\/a>, politolog a publicista (Realist\u00e9)<\/p>\n<p style=\"text-align: justify;\"><u>Petr Robej\u0161ek<\/u>\u00a0mj. upozornil na \u201eautorit\u00e1\u0159stv\u00ed v\u00a0z\u00e1padn\u00ed spole\u010dnosti, kter\u00e9 vykazuje postupuj\u00edc\u00ed tendence, projevuj\u00edc\u00ed se v\u00a0s\u00edl\u00edc\u00ed centralizaci. M\u00edsto tlaku na politiky vid\u00edme sp\u00ed\u0161 snahy o v\u011bt\u0161\u00ed kontrolu ob\u010dan\u016f \u2013 viz nap\u0159. snaha zav\u00e9st bezhotovostn\u00ed platby.\u201c<\/p>\n<p style=\"text-align: justify;\">D\u00e1le varoval p\u0159ed t\u00edm, \u017ee \u201emodel r\u016fstov\u00e9 ekonomiky vy\u010derp\u00e1v\u00e1 sv\u016fj potenci\u00e1l a je to faktick\u00fd konec konzumn\u00ed spole\u010dnosti jako stabiliza\u010dn\u00edho faktoru, tj. kdy\u017e se lidem vede dob\u0159e, ned\u011blaj\u00ed politick\u00e9 probl\u00e9my.\u201c Euroz\u00f3na podle n\u011bj \u201estoj\u00ed na prahu kritick\u00e9ho roku 2018 \u2013 bude se muset rozhodnout, co d\u00e1l, jako urychlova\u010d bude, \u017ee Evropsk\u00e1 centr\u00e1ln\u00ed banka bude muset omezit trend levn\u00fdch pen\u011bz.\u201c<\/p>\n<p style=\"text-align: justify;\">Jeden z\u00a0hlavn\u00edch probl\u00e9mu P. Robej\u0161ek vid\u00ed v tom, \u017ee \u201ez\u00e1padn\u00ed spole\u010dnosti, tj. v\u010detn\u011b n\u00e1s, nemaj\u00ed nosnou my\u0161lenku t\u00fdkaj\u00edc\u00ed se smyslu existence \u2013 jedin\u00fd spole\u010dn\u00fd je majetek nebo konzum, ale ten trend bohu\u017eel kon\u010d\u00ed. Vid\u00edme, \u017ee bohat\u00e9 spole\u010dnosti, jako t\u0159eba N\u011bmecko, hloupnou, co\u017e se projevuje to \u0161patnou politikou. \u010cesk\u00e9 politick\u00e9 strany ale d\u011blaj\u00ed, jakoby se nic ned\u011blo \u2013 je pro n\u011b pohodln\u011bj\u0161\u00ed neru\u0161it spole\u010dnost v\u00a0jej\u00edch konzumn\u00edch snech\u2026\u201c<\/p>\n<p style=\"text-align: justify;\">Z\u00e1v\u011brem zodpov\u011bd\u011bl hlavn\u00ed ot\u00e1zku konference (zda je mo\u017en\u00e9 EU reformovat) tak, \u017ee \u201eEU se pohybuje sm\u011brem k\u00a0autoritativn\u00edmu re\u017eimu. Z\u00e1padn\u00ed spole\u010dnost upadla do hlubok\u00e9 krize. M\u00e1me co o \u010din\u011bn\u00ed s dekadentn\u00ed spole\u010dnost\u00ed.\u201c<\/p>\n<p style=\"text-align: justify;\"><u>Petr Mach<\/u>\u00a0p\u0159ipomn\u011bl, \u017ee \u201enar\u016fst\u00e1 odpor proti snaze upev\u0148ovat centr\u00e1ln\u00ed moc Bruselu , a to jak ve form\u011b nap\u0159. brexitu, tak i v posilov\u00e1n\u00ed r\u016fzn\u00fdch euroskeptick\u00fdch stran. J\u00e1 bych vid\u011bl \u0159e\u0161en\u00ed v\u00a0opaku, tj. vr\u00e1tit pravomoci \u010dlensk\u00fdm st\u00e1t\u016fm.\u201c<\/p>\n<p style=\"text-align: justify;\">Zhodnotil tak\u00e9 n\u011bkter\u00e9 kandid\u00e1ty na \u010desk\u00e9ho prezidenta: \u201eTen st\u00e1vaj\u00edc\u00ed sundal \u010deskou vlajku a vzty\u010dil nad Hradem tu modrou se \u017elut\u00fdmi\u00a0hv\u011bzdami. Jin\u00fd v\u00e1\u017en\u00fd kandid\u00e1t, pan Topol\u00e1nek, je pro zm\u011bnu ten, kdo prosadil Lisabonskou smlouvu\u2026 Tak\u017ee my zast\u00e1nci suverenity m\u00e1me nyn\u00ed t\u011b\u017ekou volbu. Kdy\u017e tehdy Topol\u00e1nek mluvil o Lisabonsk\u00e9 smlouv\u011b, stav\u011bl to tak, \u017ee je bu\u010f Brusel, nebo Moskva. To ale nen\u00ed pravda, a proto jsme tak\u00e9 tehdy zalo\u017eili Svobodn\u00e9.\u201c<\/p>\n<p style=\"text-align: justify;\">P. Mach d\u00e1le zd\u016fraznil: \u201eAlternativou k\u00a0EU rozhodn\u011b nen\u00ed Moskva! Co je tedy tou alternativou? Zachov\u00e1n\u00ed n\u00e1rodn\u00ed svrchovanosti, posuzov\u00e1n\u00ed ka\u017ed\u00e9ho z\u00e1kona zvl\u00e1\u0161\u0165, ne bezhlav\u00e9 p\u0159ej\u00edm\u00e1n\u00ed v\u0161eho, co p\u0159ijde z\u00a0Bruselu nebo ze \u0160trasburku. Jsou dva zp\u016fsoby \u0159e\u0161en\u00ed: bu\u010f po vzoru brexitu d\u00e1t v\u00fdpov\u011b\u010f z EU, nebo j\u00edt cestou \u010deskoslovensk\u00e9ho modelu, tj. dohodou st\u00e1t\u016f, \u017ee skon\u010d\u00ed EU a p\u0159em\u011bn\u00ed se na spolupr\u00e1ci typu EFTA.\u201c<\/p>\n<p style=\"text-align: justify;\"><u>V\u00e1clav Klaus ml.<\/u>\u00a0pobavil p\u0159\u00edtomn\u00e9 svou \u00favodn\u00ed v\u011btou: \u201e\u010cist\u011b matematicky je alternativou EU neexistence EU.\u201c Podle n\u011bj je \u201ep\u0159\u00e1n\u00ed svobodn\u00fdch lid\u00ed, aby k\u00a0tomu do\u0161lo nen\u00e1silnou cestou. Reforma je jen takov\u00e9 drobn\u00e9 vylep\u0161en\u00ed, takov\u00e1 p\u0159estavba \u2013 jdeme po stejn\u00e9 cest\u011b, ale v\u00a0lep\u0161\u00edch bot\u00e1ch. Nebo l\u00e9\u010d\u00edme jen p\u0159\u00edznaky nemoci, ale ne nemoc samotnou.\u201c<\/p>\n<p style=\"text-align: justify;\">Pak stru\u010dn\u011b p\u0159ipomn\u011bl d\u016fle\u017eit\u00e9 historick\u00e9 miln\u00edky budov\u00e1n\u00ed EU:<\/p>\n<p style=\"text-align: justify;\">\u201eZa\u010d\u00e1tek v roce 1957 v podob\u011b \u0158\u00edmsk\u00fdch smluv, kde se psalo o spole\u010dn\u00e9 Evrop\u011b;<br \/>\n1965 Bruselsk\u00e1 smlouva \u2013 umo\u017enila vznik Evropsk\u00e9 komise, kter\u00e1 je nad\u0159azen\u00e1 n\u00e1rodn\u00edm vl\u00e1d\u00e1m;<br \/>\n1986 Jednotn\u00fd evropsk\u00fd akt \u2013 z\u00e1klad hospod\u00e1\u0159sk\u00e9 a m\u011bnov\u00e9 unie;<br \/>\n1992 Maastrichtsk\u00e1 smlouva \u2013 zaveden\u00ed eura;<br \/>\n1997 Amsterodamsk\u00e1 smlouva \u2013 zde u\u017e se objevilo trest\u00e1n\u00ed neposlu\u0161n\u00fdch \u010dlen\u016f a Schengen jako sou\u010d\u00e1st evropsk\u00e9ho pr\u00e1va;<br \/>\n2007 Lisabonsk\u00e1 smlouva \u2013 p\u016fvodn\u00ed euro\u00fastava nepro\u0161la, a tak byla vnucen\u00e1 znovu pod n\u00e1zvem L.S., ztr\u00e1ta suverenity, u n\u00e1s ji prosadil Topol\u00e1nek;<br \/>\n2017 Dublin \u2013 zde u\u017e m\u00e1me nemo\u017enost st\u00e1t\u016f ur\u010dovat si, koho pust\u00ed na sv\u00e9 \u00fazem\u00ed.<\/p>\n<p style=\"text-align: justify;\">Z\u00e1v\u011brem zd\u016fraznil, \u017ee \u201eEU je nereformovateln\u00e1, alternativu jsem zm\u00ednil v\u00a0\u00favodu, jak\u00e9koliv prost\u0159edky, kter k\u00a0n\u00ed povedou, jsou dob\u0159e.\u201c<\/p>\n<div id=\"attachment_1507\" style=\"width: 310px\" class=\"wp-caption alignright\"><img loading=\"lazy\" decoding=\"async\" aria-describedby=\"caption-attachment-1507\" class=\"wp-image-1507 size-medium\" src=\"http:\/\/www.payne.cz\/WP15\/wp-content\/uploads\/Payne-robej\u0161ek-300x200.jpg\" alt=\"Ji\u0159\u00ed Payne a Petr Robej\u0161ek\" width=\"300\" height=\"200\" srcset=\"https:\/\/www.payne.cz\/WP15\/wp-content\/uploads\/Payne-robej\u0161ek-300x200.jpg 300w, https:\/\/www.payne.cz\/WP15\/wp-content\/uploads\/Payne-robej\u0161ek-768x512.jpg 768w, https:\/\/www.payne.cz\/WP15\/wp-content\/uploads\/Payne-robej\u0161ek.jpg 960w\" sizes=\"auto, (max-width: 300px) 100vw, 300px\" \/><p id=\"caption-attachment-1507\" class=\"wp-caption-text\">Ji\u0159\u00ed Payne a Petr Robej\u0161ek<\/p><\/div>\n<p style=\"text-align: justify;\"><u>Ji\u0159\u00ed Payne<\/u>\u00a0se ve sv\u00e9m vystoupen\u00ed zam\u011b\u0159il na demokratick\u00fd deficit: \u201eAutor projektu evropsk\u00e9 integrace Jean Monnet sv\u016fj z\u00e1m\u011br opakovan\u011b p\u0159i r\u016fzn\u00fdch p\u0159\u00edle\u017eitostech popsal. Zjednodu\u0161en\u011b \u0159e\u010deno: sebrat moc politik\u016fm a d\u00e1t ji \u00fa\u0159edn\u00edk\u016fm, kte\u0159\u00ed v\u011bd\u00ed l\u00e9pe, co je pro ob\u010dany dobr\u00e9. Bylo mu ale jasn\u00e9, \u017ee politici moc dobrovoln\u011b nep\u0159edaj\u00ed, a proto vymyslel \u201esal\u00e1movou metodu\u201c \u2013 pro za\u010d\u00e1tek odebrat produkci uhl\u00ed a oceli, potom pravomoci t\u00fdkaj\u00edc\u00ed se vnit\u0159n\u00edho trhu a postupovat d\u00e1le a\u017e k p\u0159evzet\u00ed cel\u00e9ho zahrani\u010dn\u00edho obchodu a jako posledn\u00ed navrhoval odebrat politik\u016fm vliv na vojenskou obranu.\u201c<\/p>\n<p style=\"text-align: justify;\">Upozornil, \u017ee \u201ez\u00e1klady EU jsou \u0161patn\u00e9, nejde na nich postavit demokratick\u00fd syst\u00e9m. V\u00a0textu\u00a0<em>Alternativa pro Evropu<\/em>\u00a0jsme s\u00a0Petrem Machem dokazovali, \u017ee nejde odstranit demokratick\u00fd deficit. Kdyby to opravdu \u0161lo, tak u\u017e na to n\u011bkdo p\u0159i\u0161el.\u201c<\/p>\n<p style=\"text-align: justify;\">J. Payne tak\u00e9 p\u0159ipomn\u011bl, \u017ee \u201eSchulz u\u017e p\u0159edstavil svou p\u0159edstavu feder\u00e1ln\u00ed Evropy. To kdyby n\u011bkdo zkusil prosadit, tak dojde k\u00a0ob\u010dansk\u00fdm v\u00e1lk\u00e1m po cel\u00e9 Evrop\u011b \u2013 podobn\u011b jako byla v\u00e1lka o konfederaci v\u00a0Americe. Macron tak\u00e9 p\u0159edlo\u017eil svou p\u0159edstavu, a sice \u017ee z EU vyhod\u00edme mal\u00e9 zem\u011b, kter\u00e9 zdr\u017euj\u00ed a frankogerm\u00e1nsk\u00fd tandem ji povede. Juncker chce jednotnou Evropu s\u00a0otev\u0159enou n\u00e1ru\u010d\u00ed v\u016f\u010di migrant\u016fm. Je pot\u0159eba vn\u00e9st n\u00e1\u0161 pohled na celou v\u011bc \u2013 mus\u00ed existovat alternativa, nikdy nejde jen jedna cesta.\u201c<\/p>\n<p style=\"text-align: justify;\">Stejn\u011b jak u\u017e zm\u00ednil P. Mach, inspiroval by se J. Payne situac\u00ed p\u0159i d\u011blen\u00ed \u010ceskoslovensk\u00e9 federace: \u201eJde to napsat podobn\u011b a b\u011bhem p\u00e1r t\u00fddn\u016f. Na\u0161e zku\u0161enosti s\u00a0rozd\u011blen\u00edm \u010ceskoslovenska jdou pou\u017e\u00edt, tehdy se tak\u00e9 p\u0159ed\u011bl\u00e1valy feder\u00e1ln\u00ed smlouvy na bilater\u00e1ln\u00ed. M\u00e1m to u\u017e rozmy\u0161len\u00e9 i legislativn\u011b, jak by se mohlo za\u010d\u00edt.\u201c<\/p>\n<p style=\"text-align: justify;\">Podle n\u011bj by se m\u011blo zav\u00e9st jak\u00e9si \u201eobdob\u00ed karant\u00e9ny\u201c, kdy by se zjistilo, co funguje a m\u00e1 tedy smysl na to uzav\u0159\u00edt smlouvy (nap\u0159. v\u00fdm\u011bnn\u00e9 studentsk\u00e9 pobyty), a co bude \u0161patn\u00e9 (nejr\u016fzn\u011bj\u0161\u00ed nesmysln\u00e9 regulace), to prost\u011b odum\u0159e \u2013 z t\u011bchto smluv st\u00e1ty odejdou a nebudou v\u00a0nich pokra\u010dovat.<\/p>\n<p style=\"text-align: justify;\"><u>V\u00a0n\u00e1sledn\u00e9 diskusi<\/u>\u00a0padaly ot\u00e1zky jak z\u00a0aplikace Sli.do, tak i p\u0159\u00edmo z\u00a0p\u0159\u00edtomn\u00e9ho publika. \u017div\u011b se diskutovalo nap\u0159\u00edklad:<\/p>\n<ul style=\"text-align: justify;\">\n<li>o brexitu (zda Brit\u00e1nie vstoup\u00ed do EFTA),<\/li>\n<li>o tom, zda \u010cesk\u00e1 republika opravdu m\u016f\u017ee fungovat mimo EU (jak \u0159ekl nap\u0159. P. Robej\u0161ek: \u201eEU neexistovala v\u017edycky, a \u010cR fungovala, teoreticky je to mo\u017en\u00e9, re\u00e1ln\u011b je te\u010f czexit nemo\u017en\u00fd),<\/li>\n<li>o p\u0159\u00edpadn\u00e9 spolupr\u00e1ci stran Svobodn\u00fdch a Realist\u016f (jejich p\u0159edstavitel\u00e9 p\u0159iznali, \u017ee \u201ejsou sty\u010dn\u00e9 body a je dobr\u00e9 o tom jednat\u201c),<\/li>\n<li>jak lidem to t\u00e9ma vysv\u011btlovat (P. Mach: \u201eMy m\u00e1me r\u00e1di Evropu, dost \u010dasto n\u011bkdo ale zam\u011b\u0148uje EU a Evropu, chceme spolupr\u00e1ci,\u201c V. Klaus: \u201eNechci spole\u010dnou Evropu, mn\u011b nen\u00ed Portugalec bli\u017e\u0161\u00ed ne\u017e Kanadan, tuhle my\u0161lenku nesd\u00edl\u00edm.\u201c),<\/li>\n<li>o odpov\u011bdnosti politik\u016f (J. Payne: \u201eJe to odpov\u011bdnost\u00ed ka\u017ed\u00e9ho politika, jestli v\u011bci d\u011bl\u00e1 dob\u0159e a hlavn\u011b, jestli to lidem n\u011bco p\u0159in\u00e1\u0161\u00ed.\u201c).<\/li>\n<\/ul>\n<p style=\"text-align: justify;\">Na dotaz, jak dlouho potrv\u00e1, ne\u017e se EU rozpadne, jednotliv\u00ed host\u00e9 mj. odpov\u011bd\u011bli:<\/p>\n<p style=\"text-align: justify;\">P. Robej\u0161ek: \u201eMusel bych se pt\u00e1t, jak\u00e1 je definice rozpadu, u\u017e by se o n\u011bm vlastn\u011b dalo mluvit te\u010f. Jak u\u017e jsem \u0159ekl, v roce 2018 bude muset Evropsk\u00e1 centr\u00e1ln\u00ed banka zvy\u0161ovat \u00faroky, co\u017e povede k\u00a0z\u00e1niku firem, kter\u00e9 p\u0159e\u017e\u00edvaj\u00ed jen d\u00edky levn\u00fdm pen\u011bz\u016fm, zaniknou n\u011bkter\u00e9 banky\u2026 Kdy\u017e tohle za\u010dne, sta\u010d\u00ed to k\u00a0rozk\u00fdv\u00e1n\u00ed cel\u00e9ho evropsk\u00e9ho konceptu.\u201c<\/p>\n<p style=\"text-align: justify;\">P. Mach: \u201eEU je u\u017e te\u010f v mnoha ohledech v rozvalu \u2013 brexit, d\u00e1le je tu na\u0159\u00edzen\u00ed ohledn\u011b distribuce migrant\u016f, kter\u00e9 n\u011bkter\u00e9 zem\u011b odm\u00edtaj\u00ed plnit. Podle m\u011b je definice rozvalu jasn\u00e1 \u2013 to bude den, kdy eurokomisa\u0159\u016fm a poslanc\u016fm EP nep\u0159ijde v\u00fdplata. To bude ten moment a t\u011b\u0161\u00edm se na n\u011bj.\u201c<\/p>\n<p style=\"text-align: justify;\">V. Klaus: \u201eNastane kolem roku 2030.\u201c<\/p>\n<p style=\"text-align: justify;\">J. Payne: \u201eEU m\u00e1 st\u00e1le v\u00edce nep\u0159\u00e1tel, p\u0159inejmen\u0161\u00edm Trump nen\u00ed p\u0159\u00edtelem EU \u2013 sice m\u00e1 asi radost, \u017ee je EU ekonomicky slab\u00e1, ale nejsp\u00ed\u0161 by si p\u0159\u00e1l, aby fungovala jinak. Izrael m\u00e1 probl\u00e9m s EU, \u0160v\u00fdca\u0159i rovn\u011b\u017e, boj\u00ed se, \u017ee je EU pohlt\u00ed\u2026 Nestabilita EU je dan\u00e1 i t\u00edm, \u017ee si mnoho st\u00e1t\u016f p\u0159eje nepokra\u010dov\u00e1n\u00ed tohoto syst\u00e9mu. Paradoxn\u011b velk\u00fdm podporovatelem EU je Putin \u2013 v\u00a0jeho z\u00e1jmu je p\u0159esn\u011b ta sou\u010dasn\u00e1 EU, kter\u00e1 nefunguje, to je pro jeho mocensk\u00e9 z\u00e1jmy ide\u00e1ln\u00ed. Nen\u00ed pro Rusko nic lep\u0161\u00edho ne\u017e st\u00e1vaj\u00edc\u00ed nefunguj\u00edc\u00ed EU. Existenc\u00ed EU pom\u00e1h\u00e1me Putinovi. Rostou protestn\u00ed hlasy ve volb\u00e1ch a trend sm\u011b\u0159uje k\u00a0tomu, aby se n\u011bco stalo. V\u00a0roce 2019 mohou ve volb\u00e1ch (do EP) p\u0159ev\u00e1\u017eit hlasy, kter\u00e9 budou cht\u00edt alternativu. V\u00a0horizontu 5-7 let to opravdu m\u016f\u017ee nastat.\u201c<\/p>\n<p><iframe loading=\"lazy\" width=\"690\" height=\"388\" src=\"https:\/\/www.youtube.com\/embed\/i8JSPr4c9AY?feature=oembed\" frameborder=\"0\" gesture=\"media\" allow=\"encrypted-media\" allowfullscreen><\/iframe><\/p>\n<\/div>\n","protected":false},"excerpt":{"rendered":"<p>Alternativy Evropsk\u00e9 unie \u2013 konference EFDD 14.12.2017 Je mo\u017en\u00e9 EU reformovat? Nebo u\u017e je v\u0161e ztraceno a sm\u011b\u0159ujeme nevyhnuteln\u011b k nedemokratick\u00e9mu autoritativn\u00edmu re\u017eimu? M\u00e1 EU dobr\u00e9 z\u00e1klady, nebo se zhrout\u00ed&#8230; <a class=\"read-more-button\" href=\"https:\/\/www.payne.cz\/WP15\/alternativy-evropske-unie-konference-efdd\/\">\u010c\u00edst v\u00edce &gt;<\/a><\/p>\n","protected":false},"author":2,"featured_media":0,"comment_status":"closed","ping_status":"closed","sticky":false,"template":"","format":"standard","meta":{"ngg_post_thumbnail":0,"_monsterinsights_skip_tracking":false,"_monsterinsights_sitenote_active":false,"_monsterinsights_sitenote_note":"","_monsterinsights_sitenote_category":0,"footnotes":""},"categories":[3],"tags":[],"class_list":["post-1489","post","type-post","status-publish","format-standard","hentry","category-clanky"],"_links":{"self":[{"href":"https:\/\/www.payne.cz\/WP15\/wp-json\/wp\/v2\/posts\/1489","targetHints":{"allow":["GET"]}}],"collection":[{"href":"https:\/\/www.payne.cz\/WP15\/wp-json\/wp\/v2\/posts"}],"about":[{"href":"https:\/\/www.payne.cz\/WP15\/wp-json\/wp\/v2\/types\/post"}],"author":[{"embeddable":true,"href":"https:\/\/www.payne.cz\/WP15\/wp-json\/wp\/v2\/users\/2"}],"replies":[{"embeddable":true,"href":"https:\/\/www.payne.cz\/WP15\/wp-json\/wp\/v2\/comments?post=1489"}],"version-history":[{"count":3,"href":"https:\/\/www.payne.cz\/WP15\/wp-json\/wp\/v2\/posts\/1489\/revisions"}],"predecessor-version":[{"id":1511,"href":"https:\/\/www.payne.cz\/WP15\/wp-json\/wp\/v2\/posts\/1489\/revisions\/1511"}],"wp:attachment":[{"href":"https:\/\/www.payne.cz\/WP15\/wp-json\/wp\/v2\/media?parent=1489"}],"wp:term":[{"taxonomy":"category","embeddable":true,"href":"https:\/\/www.payne.cz\/WP15\/wp-json\/wp\/v2\/categories?post=1489"},{"taxonomy":"post_tag","embeddable":true,"href":"https:\/\/www.payne.cz\/WP15\/wp-json\/wp\/v2\/tags?post=1489"}],"curies":[{"name":"wp","href":"https:\/\/api.w.org\/{rel}","templated":true}]}}