{"id":1483,"date":"2017-12-19T16:41:04","date_gmt":"2017-12-19T15:41:04","guid":{"rendered":"http:\/\/www.payne.cz\/WP15\/?p=1483"},"modified":"2017-12-19T16:41:04","modified_gmt":"2017-12-19T15:41:04","slug":"eu-nelze-reformovat-pokud-by-cesko-uteklo-z-evropske-unie-problemy-evropy-to-nevyresi","status":"publish","type":"post","link":"https:\/\/www.payne.cz\/WP15\/eu-nelze-reformovat-pokud-by-cesko-uteklo-z-evropske-unie-problemy-evropy-to-nevyresi\/","title":{"rendered":"EU nelze reformovat &#8211; Pokud by \u010cesko uteklo z Evropsk\u00e9 unie, probl\u00e9my Evropy to nevy\u0159e\u0161\u00ed"},"content":{"rendered":"<p style=\"text-align: justify;\"><img loading=\"lazy\" decoding=\"async\" class=\"wp-image-1485 aligncenter\" src=\"http:\/\/www.payne.cz\/WP15\/wp-content\/uploads\/Payne-europoslanec-600x387-300x194.png\" alt=\"Payne-europoslanec-600x387\" width=\"506\" height=\"327\" srcset=\"https:\/\/www.payne.cz\/WP15\/wp-content\/uploads\/Payne-europoslanec-600x387-300x194.png 300w, https:\/\/www.payne.cz\/WP15\/wp-content\/uploads\/Payne-europoslanec-600x387.png 600w\" sizes=\"auto, (max-width: 506px) 100vw, 506px\" \/><\/p>\n<p style=\"text-align: center;\">Byznys noviny &#8211; rozhovor &#8211; Martin Ma\u0148\u00e1k<\/p>\n<p style=\"text-align: justify;\"><strong>Evropskou unii nelze reformovat, uvedl v rozhovoru europoslanec Ji\u0159\u00ed Payne. Proto spole\u010dn\u011b s Petrem Machem vypracovali pl\u00e1n na zru\u0161en\u00ed Evropsk\u00e9 unie s n\u00e1zvem \u201eAlternativa pro Evropu\u201c. Tvrd\u00ed, \u017ee \u010dlensk\u00e9 st\u00e1ty by se nam\u00edsto 28 exit\u016f z unie m\u011bly pokusit spole\u010dn\u011b domluvit na spole\u010dn\u00e9m postupu v situaci, kdy podle Payna Evropsk\u00e1 unie m\u00ed\u0159\u00ed ke sv\u00e9mu rozpadu. \u201eNem\u00e1me na vybranou \u2013 bu\u010f dojde k zahn\u00edv\u00e1n\u00ed st\u00e1vaj\u00edc\u00edho modelu, nebo se rozhodneme pro n\u011bjak\u00fd jin\u00fd,\u201c prohl\u00e1sil Payne.\u00a0<\/strong><\/p>\n<hr \/>\n<p style=\"text-align: justify;\"><strong>Rozhovor s \u010desk\u00fdm poslancem Evropsk\u00e9ho parlamentu (frakce EFDD) Ji\u0159\u00edm Paynem:\u00a0<\/strong><\/p>\n<p style=\"text-align: justify;\"><strong>Co v\u00e1s vedlo k p\u0159edlo\u017een\u00ed pl\u00e1nu \u201eAlternativa pro Evropu\u201c, jeho\u017e c\u00edlem je zru\u0161en\u00ed Evropsk\u00e9 unie a jak\u00e9 budou prvn\u00ed kroky v tomto z\u00e1m\u011bru?<\/strong><\/p>\n<p style=\"text-align: justify;\">Zat\u00edm vyz\u00fdv\u00e1me k zah\u00e1jen\u00ed diskuse o alternativ\u00e1ch. Iniciativa m\u016f\u017ee b\u00fdt ch\u00e1p\u00e1na jako polemika s projevem francouzsk\u00e9ho prezidenta Emanuela Macrona na Sorbon\u011b, kde navrhl: vyhodit skoro polovinu komisa\u0159\u016f z komise (za mal\u00e9 st\u00e1ty, kter\u00e9 nesm\u00ed zdr\u017eovat ty velk\u00e9), navrhl zaveden\u00ed evropsk\u00e9 dan\u011b, navrhl z\u0159\u00edzen\u00ed evropsk\u00fdch interven\u010dn\u00edch sbor\u016f, navrhl, \u017ee Evropu povede francouzsko-n\u011bmeck\u00fd tandem. Macronova iniciativa prohlubuje demokratick\u00fd deficit.<\/p>\n<p style=\"text-align: justify;\"><strong>Jak\u00fd m\u00e1 smysl, aby se europoslanec m\u00e9n\u011b v\u00fdznamn\u00e9ho \u010dlensk\u00e9ho st\u00e1tu pokou\u0161el m\u011bnit \u010di p\u0159etv\u00e1\u0159et EU respektive Evropu a tvo\u0159it jakousi \u201elep\u0161\u00ed EU\u201c?<\/strong><\/p>\n<p style=\"text-align: justify;\">Vyz\u00fdv\u00e1me k zah\u00e1jen\u00ed akademick\u00e9 diskuse, kde rozhoduje s\u00edla argument\u016f a my\u0161lenek, nikoli velikost st\u00e1tu. Jsou-li na\u0161e my\u0161lenky smyslupln\u00e9, jist\u011b se k nim p\u0159idaj\u00ed i politikov\u00e9 siln\u00fdch st\u00e1t\u016f.<\/p>\n<p style=\"text-align: justify;\"><strong>Nebylo by jednodu\u0161\u0161\u00ed a efektivn\u011bj\u0161\u00ed, kdyby \u010cesko prost\u011b vystoupilo z EU a ponechalo Unii sv\u00e9mu osudu? Tzn. nebylo by efektivn\u011bj\u0161\u00ed investovat energii v\u00fdhradn\u011b do vystoupen\u00ed \u010cR z EU?<\/strong><\/p>\n<p style=\"text-align: justify;\">Naopak, t\u00edm, \u017ee bychom utekli, se probl\u00e9my nevy\u0159e\u0161\u00ed. Na\u0161\u00edm c\u00edlem nen\u00ed \u0159e\u0161en\u00ed \u010desk\u00fdch probl\u00e9m\u016f, hled\u00e1me \u0159e\u0161en\u00ed spole\u010dn\u00e9 pro v\u0161echny demokraticky sm\u00fd\u0161lej\u00edc\u00ed obyvatele Evropy.<\/p>\n<p style=\"text-align: justify;\"><strong>Slep\u00e1 uli\u010dka<\/strong><\/p>\n<p style=\"text-align: justify;\"><strong>Nesta\u010dilo by ve\u0159ejn\u011b prok\u00e1zat, \u017ee EU je problematick\u00fd projekt a ostatn\u00edm st\u00e1t\u016fm prost\u011b doporu\u010dit, aby z n\u011bj ode\u0161ly a n\u00e1sledn\u011b se domluvily na v\u0161estrann\u011b v\u00fdhodn\u00e9 mezivl\u00e1dn\u00ed spolupr\u00e1ci suver\u00e9nn\u00edch st\u00e1t\u016f?<\/strong><\/p>\n<p style=\"text-align: justify;\">Monnet\u016fv projekt evropsk\u00e9 integrace se dostal do slep\u00e9 uli\u010dky, ostatn\u011b tuto my\u0161lenku p\u0159ed \u010dasem publikoval i Jacques Delors. O tom nen\u00ed pochyb. To podstatn\u00e9, co p\u0159in\u00e1\u0161\u00edme v na\u0161em textu, je popis jedn\u00e9 konkr\u00e9tn\u00ed varianty, jak by se to dalo ud\u011blat. Tvrd\u00edme, \u017ee existuje alespo\u0148 jedna alternativa, kterou lze pou\u017e\u00edt jak v p\u0159\u00edpad\u011b n\u011bjak\u00e9 krize, tak v p\u0159\u00edpad\u011b dohody.<\/p>\n<p style=\"text-align: justify;\">Bezesporu lze vymyslet a navrhnout v\u00edce alternativ. P\u0159edkl\u00e1d\u00e1me lep\u0161\u00ed alternativu, kter\u00e1 respektuje tradi\u010dn\u00ed evropsk\u00e9 hodnoty a posiluje demokratick\u00e9 tradice. Sna\u017e\u00edme se zachovat pozitivn\u00ed prvky dosavadn\u00ed spolupr\u00e1ce. Domn\u00edv\u00e1me se, \u017ee nam\u00edsto 28 exit\u016f je lep\u0161\u00ed zkusit se domluvit na spole\u010dn\u00e9m postupu.<\/p>\n<p style=\"text-align: justify;\"><strong>Pro\u010d va\u0161e studie \u201eAlternativa pro Evropu\u201c nezahrnuje podrobn\u011bj\u0161\u00ed kroky, jak se k takov\u00e9 alternativn\u00ed Evrop\u011b bez Evropsk\u00e9 unie re\u00e1ln\u011b propracovat?<\/strong><\/p>\n<p style=\"text-align: justify;\">Popisujeme konkr\u00e9tn\u00ed pl\u00e1n postupu, jak se dostat ze slep\u00e9 uli\u010dky. Um\u011bli bychom napsat p\u0159esn\u00e9 detaily, ale v tomto okam\u017eiku to nen\u00ed pot\u0159eba, proto\u017ee jsme uk\u00e1zali, \u017ee existuje alternativa jin\u00e1, ne\u017e Macronova vize je\u0161t\u011b centralizovan\u011bj\u0161\u00ed a je\u0161t\u011b m\u00e9n\u011b demokratick\u00e9 Evropy. Jednoduch\u00fdm krokem, kter\u00fd si mohou odhlasovat jednotliv\u00e9 st\u00e1ty, je zm\u011bna, kter\u00e1 pod\u0159izuje evropsk\u00e9 normy n\u00e1rodn\u00edmu parlamentu.<\/p>\n<p style=\"text-align: justify;\"><strong>Algoritmus \u0159e\u0161en\u00ed<\/strong><\/p>\n<p style=\"text-align: justify;\"><strong>Ve Alternativ\u011b pro Evropu hovo\u0159\u00edte o \u201ealgoritmu \u0159e\u0161en\u00ed\u201c. Jak\u00fdm zp\u016fsobem by ale body va\u0161eho algoritmu m\u011bly b\u00fdt prosazeny a uskute\u010dn\u011bny?<\/strong><\/p>\n<p style=\"text-align: justify;\">Vych\u00e1z\u00edm z analogie s na\u0161imi zku\u0161enostmi s rozd\u011blen\u00edm \u010ceskoslovenska. Prvn\u00edm krokem mus\u00ed b\u00fdt dohoda, \u017ee chceme \u00famysln\u00fd demokratick\u00fd deficit skute\u010dn\u011b \u0159e\u0161it. A deficit je z\u00e1m\u011brn\u00fd. P\u0159edpokl\u00e1d\u00e1m, \u017ee konvent, kter\u00fd sepsal Lisabonskou smlouvu a kter\u00e9mu p\u0159edsedal Val\u00e9ry Giscard d\u2019Estaing, zahrnoval politiky, kte\u0159\u00ed dostate\u010dn\u011b dob\u0159e v\u011bd\u011bli, co je to rovnov\u00e1ha moci, vz\u00e1jemn\u00e9 kontroln\u00ed mechanismy a pojistky. P\u0159esto je do Lisabonsk\u00e9 smlouvy nenapsali.<\/p>\n<p style=\"text-align: justify;\"><strong>Jak\u00fd je v\u00e1\u0161 pl\u00e1n na uskute\u010dn\u011bn\u00ed tohoto algoritmu?<\/strong><\/p>\n<p style=\"text-align: justify;\">Zat\u00edm zahajujeme diskusi. P\u0159edpokl\u00e1d\u00e1me, \u017ee se budou konat r\u016fzn\u00e9 konference na toto t\u00e9ma. P\u0159edpokl\u00e1d\u00e1me, \u017ee se n\u00e1vrhy alternativn\u00edch model\u016f spolupr\u00e1ce stanou sou\u010d\u00e1st\u00ed volebn\u00edch program\u016f politick\u00fdch stran v eurovolb\u00e1ch v roce 2019.<\/p>\n<p style=\"text-align: justify;\"><strong>Mysl\u00edte, \u017ee p\u0159\u00edpadn\u00e1 diskuse, kter\u00e1 o v\u00e1mi p\u0159ipravovan\u00e9 alternativ\u011b vznikne, m\u016f\u017ee v\u00e9st k vytvo\u0159en\u00ed realizovateln\u00e9ho pl\u00e1nu ke zru\u0161en\u00ed \u010di z\u00e1sadn\u00ed transformaci EU?<\/strong><\/p>\n<p style=\"text-align: justify;\">Ano, domn\u00edv\u00e1m se, \u017ee \u201eAlternativa pro Evropu\u201c nakonec vy\u00fast\u00ed do dohody o nov\u00e9 podob\u011b spolupr\u00e1ce, zalo\u017een\u00e9 na zcela jin\u00fdch z\u00e1kladech, ne\u017e je st\u00e1vaj\u00edc\u00ed EU. Nem\u00e1me na vybranou \u2013 bu\u010f dojde k zahn\u00edv\u00e1n\u00ed st\u00e1vaj\u00edc\u00edho modelu, nebo se rozhodneme pro n\u011bjak\u00fd jin\u00fd.<\/p>\n<p style=\"text-align: justify;\"><strong>Reforma nebo konfederace?<\/strong><\/p>\n<p style=\"text-align: justify;\"><strong>V\u00e1mi prezentovan\u00e1 studie Alternativa pro Evropu vytv\u00e1\u0159\u00ed dojem, \u017ee c\u00edlem je reforma EU \u010di snaha EU nahradit n\u011bjakou novou organizac\u00ed, kter\u00e1 bude zakotvovat spolupr\u00e1ci st\u00e1t\u016f v Evrop\u011b. Jak\u00fd je v\u00e1\u0161 c\u00edl pokud jde o akci v\u016f\u010di EU? Jde v\u00e1m o pokus o reformu nebo o rozpad EU, p\u0159\u00edpadn\u011b o vytvo\u0159en\u00ed konfederace?<\/strong><\/p>\n<p style=\"text-align: justify;\">EU nelze reformovat. Z EU nelze vytvo\u0159it demokratickou instituci. EU sm\u011b\u0159uje nevyhnuteln\u011b k nedemokratick\u00e9mu autoritativn\u00edmu re\u017eimu. M\u00e1m v\u00e1\u017en\u00e9 pochybnosti o p\u0159edstav\u00e1ch zakladatel\u016f tohoto projektu. V\u011b\u0159ili, \u017ee odpov\u011bdn\u00e9 a mor\u00e1ln\u00ed jedn\u00e1n\u00ed politik\u016f lze nahradit n\u011bjakou nadn\u00e1rodn\u00ed instituc\u00ed.<\/p>\n<p style=\"text-align: justify;\">Nelze. Francouzi si mus\u00ed st\u00e1le znovu \u0159e\u0161it poku\u0161en\u00ed velmocensk\u00e9ho bezohledn\u00e9ho chov\u00e1n\u00ed sv\u00fdch politik\u016f. N\u011bmci si mus\u00ed sami \u0159e\u0161it sv\u00e9 poku\u0161en\u00ed ovl\u00e1dnout evropsk\u00fd kontinent. V\u0161echny st\u00e1ty mus\u00ed respektovat suverenitu druh\u00fdch st\u00e1t\u016f. \u017d\u00e1dn\u00e1 nadn\u00e1rodn\u00ed instituce to nem\u016f\u017ee nahradit. To, co navrhujeme, je svobodn\u00e1 spolupr\u00e1ce suver\u00e9nn\u00edch a odpov\u011bdn\u00fdch st\u00e1t\u016f.<\/p>\n<p style=\"text-align: justify;\"><strong>Co je podle v\u00e1s nejlep\u0161\u00ed alternativou pro sou\u010dasnou Evropu, respektive Evropskou unii?<\/strong><\/p>\n<p style=\"text-align: justify;\">D\u016fsledn\u00e1 mezivl\u00e1dn\u00ed spolupr\u00e1ce. Umo\u017e\u0148uje zachovat kter\u00fdkoli pozitivn\u00ed prvek dosavadn\u00ed spolupr\u00e1ce v EU. Podobn\u011b, jako jsme b\u011bhem \u0161esti m\u011bs\u00edc\u016f beze zbytku transformovali feder\u00e1ln\u00ed vztah mezi \u010cR a SR do podoby mezivl\u00e1dn\u00ed spolupr\u00e1ce, podobn\u011b je mo\u017en\u00e9 stejn\u011b rychle prom\u011bnit EU. V\u0161e, co EU p\u0159in\u00e1\u0161\u00ed, je mo\u017en\u00e9 uskute\u010dnit bez nedemokratick\u00e9 nadvl\u00e1dy Bruselu.<\/p>\n<p style=\"text-align: justify;\"><strong>Jak by m\u011bl b\u00fdt podle v\u00e1s \u0159e\u0161en obchod v r\u00e1mci Evropy po p\u0159\u00edpadn\u00e9m rozpadu EU? Uv\u00e1d\u00edte, \u017ee nelze vyu\u017e\u00edt mechanismus EFTA\u2026 Pro\u010d?<\/strong><\/p>\n<p style=\"text-align: justify;\">Kdyby 28 st\u00e1t\u016f ode\u0161lo z EU a okam\u017eit\u011b by vstoupily do EFTA, patrn\u011b by do\u0161lo ke zni\u010den\u00ed t\u00e9to instituce. Post-unijn\u00ed st\u00e1ty budou pot\u0159ebovat p\u0159echodn\u00e9 obdob\u00ed na rozs\u00e1hlou deregulaci. Teprve potom bude mo\u017en\u00e9 vytvo\u0159it celoevropskou podobu spolupr\u00e1ce.<\/p>\n<p style=\"text-align: justify;\"><strong>M\u011bla by se vzorem pro potenci\u00e1ln\u00ed \u00fapravu voln\u00e9ho obchodu v r\u00e1mci Evropy st\u00e1t p\u0159\u00edpadn\u00e1 dohoda EU s brexituj\u00edc\u00ed Velkou Brit\u00e1ni\u00ed?<\/strong><\/p>\n<p style=\"text-align: justify;\">Mysl\u00edm, \u017ee \u017e\u00e1dn\u00e1 takov\u00e1 dohoda s Brit\u00e1ni\u00ed nebude. EU vyjedn\u00e1v\u00e1 tak, aby k \u017e\u00e1dn\u00e9 dohod\u011b nedo\u0161lo. Naopak vzorem pro brexit by mohlo b\u00fdt rozd\u011blen\u00ed \u010ceskoslovenska.<\/p>\n<p style=\"text-align: justify;\"><strong>V\u011b\u0159\u00edte v \u201edobrou\u201c obchodn\u00ed dohodu mezi EU a samostatnou Velkou Brit\u00e1ni\u00ed, kter\u00e1 nen\u00ed \u010dlenem EU?<\/strong><\/p>\n<p style=\"text-align: justify;\">Takov\u00e1 dohoda nen\u00ed slo\u017eit\u00e1, sjednat ji je rutinn\u00ed z\u00e1le\u017eitost. Sp\u00ed\u0161 o\u010dek\u00e1v\u00e1m, \u017ee budou platit pravidla WTO. Ale r\u00e1d bych se nechal p\u0159ekvapit, kdyby se obchodn\u00ed dohoda uzav\u0159ela. Bylo by to v z\u00e1jmu obou stran kan\u00e1lu.<\/p>\n<p style=\"text-align: justify;\"><strong>Lidov\u00e9 veto do ka\u017ed\u00e9ho st\u00e1tu<\/strong><\/p>\n<p style=\"text-align: justify;\"><strong>Ve sv\u00e9 iniciativ\u011b ke zru\u0161en\u00ed EU kritizujete centralizovan\u00fd a nedemokratick\u00fd model st\u00e1vaj\u00edc\u00ed Unie, ale sami navrhujete n\u011bkter\u00e9 centr\u00e1ln\u00ed opat\u0159en\u00ed, nap\u0159\u00edklad, aby v cel\u00e9 EU bylo v ka\u017ed\u00e9m st\u00e1tu zavedeno lidov\u00e9 veto. Pro\u010d?<\/strong><\/p>\n<p style=\"text-align: justify;\">Z\u00e1m\u011brn\u011b nenavrhujeme referendum, ale \u0161v\u00fdcarsk\u00e9 lidov\u00e9 veto. Evropsk\u00e1 unie po\u0161kodila demokratick\u00e9 tradice. Lid\u00e9 ztr\u00e1cej\u00ed d\u016fv\u011bru, \u017ee by mohli volbami n\u011bco ovlivnit. Podstatou zastupitelsk\u00e9 demokracie je to, \u017ee volen\u00ed z\u00e1konod\u00e1rci h\u00e1j\u00ed z\u00e1jmy sv\u00fdch voli\u010d\u016f v\u016f\u010di vl\u00e1d\u011b. Pokud nereprezentuj\u00ed sv\u00e9 voli\u010de, maj\u00ed ve \u0160v\u00fdcarsku n\u00e1stroj, z\u00e1chrannou brzdu, jak nedemokratick\u00e9 rozhodnut\u00ed zastavit. To je prav\u00fd protiklad toho, \u010demu se u n\u00e1s \u0159\u00edk\u00e1 referendum \u2013 kdy nahrazujeme rozhodnut\u00ed parlamentu lidov\u00fdm hlasov\u00e1n\u00edm.<\/p>\n<p style=\"text-align: justify;\"><strong>P\u0159ipravujete vznik jak\u00e9si celoevropsk\u00e9 politick\u00e9 strany, jej\u00edm\u017e kl\u00ed\u010dov\u00fdm programov\u00fdm bodem bude zru\u0161en\u00ed EU a vytvo\u0159en\u00ed \u201ealternativy pro Evropu\u201c. \u0158ekn\u011bme, \u017ee tato strana usp\u011bje v p\u0159\u00ed\u0161t\u00edch volb\u00e1ch do Evropsk\u00e9ho parlamentu. Ale jak\u00fd m\u00e1 tento \u00fatok na ovl\u00e1dnut\u00ed EP smysl, kdy\u017e vy s\u00e1m tvrd\u00edte, \u017ee EP o ni\u010dem nerozhoduje\u2026 (<\/strong><strong><em>\u201evoli\u010di mohou volit jak cht\u011bj\u00ed, ale na fungov\u00e1n\u00ed EU v\u00fdsledky nemaj\u00ed V\u016eBEC \u017d\u00c1DN\u00dd VLIV\u201c<\/em><\/strong><strong>)?<\/strong><\/p>\n<p style=\"text-align: justify;\">Evropsk\u00e9 strany existuj\u00ed nez\u00e1visle na na\u0161em projektu, stranu jsme p\u0159ipravovali se z\u00e1stupci dal\u0161\u00edch st\u00e1t\u016f u\u017e dlouho, jenom nyn\u00ed za\u010d\u00edn\u00e1me uva\u017eovat o zm\u011bn\u011b doposud pl\u00e1novan\u00e9ho n\u00e1zvu.\u00a0Netvrd\u00edm, \u017ee EP o ni\u010dem nerozhoduje, tvrd\u00edm, \u017ee nereprezentuje z\u00e1jmy voli\u010d\u016f. Proto \u017e\u00e1dn\u00e9 eurovolby nic neovlivn\u00ed.<\/p>\n<p style=\"text-align: justify;\">Smyslem na\u0161eho spole\u010dn\u00e9ho projektu by m\u011blo b\u00fdt to, \u017ee p\u0159edkl\u00e1d\u00e1me alternativn\u00ed projekt. Pokud by byl takov\u00fd program \u00fasp\u011b\u0161n\u00fd, bude jednoduch\u00e1 dohoda, \u017ee se bude postupovat podle na\u0161\u00ed kapitoly \u201aCo d\u011blat\u2018.<\/p>\n<p style=\"text-align: justify;\"><strong>Mysl\u00edte, \u017ee Evropsk\u00fd parlament hypoteticky ovl\u00e1dnut\u00fd protiunijn\u00edmi silami dok\u00e1\u017ee p\u0159im\u011bt Evropskou komisi k reform\u011b EU \u010di dokonce k rozpu\u0161t\u011bn\u00ed EU?<\/strong><\/p>\n<p style=\"text-align: justify;\">Ne, k tomu se mus\u00ed rozhodnout odpov\u011bdn\u00e9 vl\u00e1dy \u010dlensk\u00fdch zem\u00ed v souladu s v\u016fl\u00ed vlastn\u00edch voli\u010d\u016f.<\/p>\n<p style=\"text-align: justify;\"><strong>V \u010dem je va\u0161e iniciativa Alternativa pro Evropu jin\u00e1, ne\u017e ji\u017e existuj\u00edc\u00ed celoevropsk\u00e1 ENF, tedy Evropa n\u00e1rod\u016f a svobody, veden\u00e1 pan\u00ed Le Penovou?<\/strong><\/p>\n<p style=\"text-align: justify;\">Nev\u00edm p\u0159esn\u011b, co budou navrhovat, m\u00e1m informaci, \u017ee nyn\u00ed pracuj\u00ed na my\u0161lence zcela zru\u0161it Lisabonskou smlouvu a nahradit ji n\u011bjakou jinou smlouvou.<\/p>\n<p style=\"text-align: justify;\"><strong>D\u00e1 se va\u0161e aktivita, tedy snaha o nalezen\u00ed alternativy EU, ch\u00e1pat jako za\u010d\u00e1tek p\u0159edvolebn\u00ed kampan\u011b Svobodn\u00fdch p\u0159ed volbami do Evropsk\u00e9ho parlamentu v roce 2019?<\/strong><\/p>\n<p style=\"text-align: justify;\">To nev\u00edm, Svobodn\u00ed si nyn\u00ed vol\u00ed nov\u00e9 veden\u00ed, a pokud v\u00edm, tak zat\u00edm sm\u011b\u0159uj\u00ed p\u0159edstavy Svobodn\u00fdch pon\u011bkud jin\u00fdm sm\u011brem.<\/p>\n<hr \/>\n<h4><em>V\u00edce se o protiunijn\u00ed iniciativ\u011b \u201eAlternativa pro Evropu\u201c europoslance J. Payna a jeho p\u0159edch\u016fdce P. Macha do\u010dtete ZDE:<\/em><\/h4>\n<h3><a href=\"https:\/\/www.byznysnoviny.cz\/2017\/11\/20\/cesky-europoslanec-jiri-payne-se-rozhodl-zrusit-evropskou-unii-vytvorit-jeji-alternativu\/\">\u010cesk\u00fd europoslanec Ji\u0159\u00ed Payne se rozhodl zru\u0161it Evropskou unii a vytvo\u0159it jej\u00ed alternativu<\/a><\/h3>\n","protected":false},"excerpt":{"rendered":"<p>Byznys noviny &#8211; rozhovor &#8211; Martin Ma\u0148\u00e1k Evropskou unii nelze reformovat, uvedl v rozhovoru europoslanec Ji\u0159\u00ed Payne. Proto spole\u010dn\u011b s Petrem Machem vypracovali pl\u00e1n na zru\u0161en\u00ed Evropsk\u00e9 unie s n\u00e1zvem&#8230; <a class=\"read-more-button\" href=\"https:\/\/www.payne.cz\/WP15\/eu-nelze-reformovat-pokud-by-cesko-uteklo-z-evropske-unie-problemy-evropy-to-nevyresi\/\">\u010c\u00edst v\u00edce &gt;<\/a><\/p>\n","protected":false},"author":2,"featured_media":0,"comment_status":"closed","ping_status":"closed","sticky":false,"template":"","format":"standard","meta":{"ngg_post_thumbnail":0,"_monsterinsights_skip_tracking":false,"_monsterinsights_sitenote_active":false,"_monsterinsights_sitenote_note":"","_monsterinsights_sitenote_category":0,"footnotes":""},"categories":[3,22,16,9],"tags":[6,23,5],"class_list":["post-1483","post","type-post","status-publish","format-standard","hentry","category-clanky","category-eu","category-svobodni","category-zahrpol","tag-dompol","tag-eu","tag-zahrpol"],"_links":{"self":[{"href":"https:\/\/www.payne.cz\/WP15\/wp-json\/wp\/v2\/posts\/1483","targetHints":{"allow":["GET"]}}],"collection":[{"href":"https:\/\/www.payne.cz\/WP15\/wp-json\/wp\/v2\/posts"}],"about":[{"href":"https:\/\/www.payne.cz\/WP15\/wp-json\/wp\/v2\/types\/post"}],"author":[{"embeddable":true,"href":"https:\/\/www.payne.cz\/WP15\/wp-json\/wp\/v2\/users\/2"}],"replies":[{"embeddable":true,"href":"https:\/\/www.payne.cz\/WP15\/wp-json\/wp\/v2\/comments?post=1483"}],"version-history":[{"count":3,"href":"https:\/\/www.payne.cz\/WP15\/wp-json\/wp\/v2\/posts\/1483\/revisions"}],"predecessor-version":[{"id":1487,"href":"https:\/\/www.payne.cz\/WP15\/wp-json\/wp\/v2\/posts\/1483\/revisions\/1487"}],"wp:attachment":[{"href":"https:\/\/www.payne.cz\/WP15\/wp-json\/wp\/v2\/media?parent=1483"}],"wp:term":[{"taxonomy":"category","embeddable":true,"href":"https:\/\/www.payne.cz\/WP15\/wp-json\/wp\/v2\/categories?post=1483"},{"taxonomy":"post_tag","embeddable":true,"href":"https:\/\/www.payne.cz\/WP15\/wp-json\/wp\/v2\/tags?post=1483"}],"curies":[{"name":"wp","href":"https:\/\/api.w.org\/{rel}","templated":true}]}}