{"id":145,"date":"2015-04-30T15:32:57","date_gmt":"2015-04-30T14:32:57","guid":{"rendered":"http:\/\/www.payne.cz\/WP15\/?p=145"},"modified":"2015-06-01T15:18:02","modified_gmt":"2015-06-01T14:18:02","slug":"drivejsi-lasky-cas-nahradi-pravo-na-praci","status":"publish","type":"post","link":"https:\/\/www.payne.cz\/WP15\/drivejsi-lasky-cas-nahradi-pravo-na-praci\/","title":{"rendered":"D\u0159\u00edv\u011bj\u0161\u00ed &#8222;l\u00e1sky \u010das&#8220; nahrad\u00ed &#8222;pr\u00e1vo na pr\u00e1ci&#8220;"},"content":{"rendered":"<p style=\"text-align: justify;\"><span style=\"color: #808080;\"><em>N\u011bkdo slav\u00ed po\u010d\u00e1tek m\u00e1je jako den l\u00e1sky, jin\u00ed d\u00e1vaj\u00ed p\u0159ednost pr\u00e1ci. Ratifikace Lisabonsk\u00e9 smlouvy znamen\u00e1 pro v\u0161echny ob\u010dany b\u00fdval\u00fdch socialistick\u00fdch zem\u00ed velkou zm\u011bnu. T\u00edm dnem toti\u017e znovu z\u00edskaj\u00ed pr\u00e1vo na pr\u00e1ci, kter\u00e9 m\u011bli v dob\u00e1ch komunistick\u00e9 totality. Vyznava\u010di pr\u00e1ce tak znovu zv\u00edt\u011bz\u00ed.<\/em><\/span><\/p>\n<div id=\"attachment_148\" style=\"width: 310px\" class=\"wp-caption alignleft\"><a href=\"http:\/\/www.payne.cz\/WP15\/wp-content\/uploads\/2015\/04\/82067_clanok_foto_869.jpg\"><img loading=\"lazy\" decoding=\"async\" aria-describedby=\"caption-attachment-148\" class=\"wp-image-148 size-medium\" src=\"http:\/\/www.payne.cz\/WP15\/wp-content\/uploads\/2015\/04\/82067_clanok_foto_869-300x225.jpg\" alt=\"82067_clanok_foto_869\" width=\"300\" height=\"225\" \/><\/a><p id=\"caption-attachment-148\" class=\"wp-caption-text\">Ofici\u00e1ln\u00ed materi\u00e1ly Evropsk\u00e9 komise: 50 oblast\u00ed pokroku a miniaturn\u00ed vyd\u00e1n\u00ed Listiny z\u00e1kladn\u00edch pr\u00e1v EU.<\/p><\/div>\n<p style=\"text-align: right;\"><span style=\"color: #008080;\">3.5.2009<\/span><\/p>\n<p style=\"text-align: justify;\">Na zased\u00e1n\u00ed Evropsk\u00e9 rady v Nice 7.12.2000 byla p\u0159ijata \u201eListina z\u00e1kladn\u00edch pr\u00e1v evropsk\u00e9 unie&#8220; zat\u00edm je\u0161t\u011b v pr\u00e1vn\u011b nez\u00e1vazn\u00e9 podob\u011b. Dne 12. prosince 2007 p\u0159i podpisu Lisabonsk\u00e9 smlouvy (M. Topol\u00e1nkem za \u010cR) byla Eurolistina novelizov\u00e1na.<\/p>\n<p style=\"text-align: justify;\">Lisabonsk\u00e1 smlouva u\u010din\u00ed z Eurocharty pr\u00e1vn\u011b z\u00e1vazn\u00fd dokument, kter\u00fd budou muset respektovat ve\u0161ker\u00e9 evropsk\u00e9 instituce, org\u00e1ny i \u010dlensk\u00e9 st\u00e1ty, kter\u00e9 se \u0159\u00edd\u00ed pr\u00e1vem Spole\u010denstv\u00ed. V\u00fdjimkou je pouze Velk\u00e1 Brit\u00e1nie a Polsko, kter\u00fdm se poda\u0159ilo dos\u00e1hnout v\u00fdjimky. Evropsk\u00e1 Listina nesm\u00ed omezit pr\u00e1va, kter\u00e1 \u010dlov\u011bku d\u00e1v\u00e1 n\u00e1rodn\u00ed legislativa, ale pokud n\u011bjak\u00e9 pr\u00e1vo formuluje na evropsk\u00e9 \u00farovni, plat\u00ed nad\u0159azenost evropsk\u00e9 Listiny nad n\u00e1rodn\u00edm \u00fastavn\u00edm pr\u00e1vem.<\/p>\n<p style=\"text-align: justify;\">V \u010dl\u00e1nku 15 se nen\u00e1padn\u011b v odstavci 1 formuluje v\u011bta, kterou dob\u0159e zn\u00e1me z komunistick\u00fdch \u00fastav: \u201eKa\u017ed\u00fd m\u00e1 pr\u00e1vo pracovat&#8220;.<\/p>\n<p style=\"text-align: justify;\">Bude jist\u011b zaj\u00edmav\u00e9 sledovat, jak Evropsk\u00e1 unie v p\u0159\u00edpad\u011b p\u0159ijet\u00ed Lisabonsk\u00e9 smlouvy, toto pr\u00e1vo zajist\u00ed. Aby se Unie vyhnula \u017ealob\u00e1m na nepln\u011bn\u00ed tohoto ustanoven\u00ed, p\u0159edpokl\u00e1d\u00e1m, \u017ee p\u0159ijme s\u00e9rii z\u00e1vazn\u00fdch regulac\u00ed, kter\u00e9 \u010dlensk\u00fdm st\u00e1t\u016fm p\u0159ik\u00e1\u017e\u00ed zajistit pr\u00e1ci pro ka\u017ed\u00e9ho, kdo bude cht\u00edt sv\u00e9 pr\u00e1vo uplatnit. Je to obvykl\u00e1 praxe &#8211; Brusel rozk\u00e1\u017ee, ani\u017e by jej zaj\u00edmalo, co to v \u010dlensk\u00fdch zem\u00edch zp\u016fsob\u00ed.<\/p>\n<p style=\"text-align: justify;\">Jist\u011b nen\u00ed n\u00e1hodou, \u017ee mi to p\u0159ipom\u00edn\u00e1 obdob\u00ed nesvobody, kdy jsem sv\u00e9 \u201apr\u00e1vo na pr\u00e1ci\u2018 musel uplat\u0148ovat v koteln\u011b. Proto si znovu pro\u010d\u00edt\u00e1m Evropskou chartu pr\u00e1v. N\u00e1hodou nen\u00ed ani to, \u017ee EU zn\u00e1 podle nadpisu pouze pr\u00e1va a \u017e\u00e1dn\u00e9 svobody. Zat\u00edm je\u0161t\u011b \u017e\u00e1dn\u00e1 euroregulace nezakazuje mluvit o svobod\u011b, tak\u017ee na\u0161e Listina pr\u00e1v a z\u00e1kladn\u00edch svobod m\u016f\u017ee je\u0161t\u011b n\u011bjakou dobu z\u016fstat Listinou svobod. Na evropsk\u00e9 \u00farovni se v\u0161ak ji\u017e o svobod\u011b nemluv\u00ed. Pr\u00e1va se toti\u017e od svobody v\u00fdznamn\u011b li\u0161\u00ed: pr\u00e1vo znamen\u00e1, \u017ee n\u011bkdo je povinen zajistit pln\u011bn\u00ed. Svobodu prost\u011b m\u00e1m. Polistopadov\u00e9 p\u0159esv\u011bd\u010den\u00ed, \u017ee \u201elid\u00e9 jsou svobodn\u00ed&#8220;, \u017ee svoboda je \u201anezru\u0161iteln\u00e1, neproml\u010diteln\u00e1, nezciziteln\u00e1, nezadateln\u00e1\u2018 (\u010dl\u00e1nek 1 \u010desk\u00e9 Listiny), tak bere za sv\u00e9. Zat\u00edmco na\u0161e Listina \u0159\u00edk\u00e1, \u017ee \u201esvoboda projevu je zaru\u010dena&#8220; (\u010dl. 17 (1)), Eurolistina ji\u017e zn\u00e1 jenom \u201epr\u00e1vo na svobodu&#8220; (\u010dl. 11 (1)). Je docela rozd\u00edl m\u00edt svobodu, nebo m\u00edt pr\u00e1vo na svobodu z\u00e1visl\u00e9 na v\u016fli poskytovatele.<\/p>\n<p style=\"text-align: justify;\">Pro\u010d\u00edt\u00e1m Eurolistinu d\u00e1le. Podle \u010dl\u00e1nku 44 \u201eKa\u017ed\u00fd ob\u010dan Unie a ka\u017ed\u00e1 fyzick\u00e1 osoba s bydli\u0161t\u011bm nebo pr\u00e1vnick\u00e1 osoba se s\u00eddlem v \u010dlensk\u00e9m st\u00e1t\u011b m\u00e1 peti\u010dn\u00ed pr\u00e1vo k Evropsk\u00e9mu parlamentu.&#8220; Pozoruhodn\u00e9. Podle na\u0161\u00ed Listiny \u010dl. 18 se m\u016f\u017eeme peticemi obracet na v\u0161echny st\u00e1tn\u00ed i samospr\u00e1vn\u00e9 org\u00e1ny. Z jak\u00e9ho d\u016fvodu se europetice sm\u011bj\u00ed pos\u00edlat pouze do EP, zat\u00edmco \u017e\u00e1ba na prameni, Evropsk\u00e1 komise, kter\u00e1 nepodl\u00e9h\u00e1 regul\u00e9rn\u00ed politick\u00e9 kontrole, a p\u0159itom disponuje ve\u0161kerou moc\u00ed, se peticemi zab\u00fdvat nebude? To je velk\u00e1 zm\u011bna: i za komunismu jsme sm\u011bli ps\u00e1t petice. S\u00e1m jsem pod r\u016fzn\u00e9 petice posb\u00edral stovky podpis\u016f. Tehdy bylo riskantn\u00ed podepsat, ale v\u011bd\u011bli jsme, \u017ee soudruzi takov\u00e9 podpisov\u00e9 akce vn\u00edmaj\u00ed jako v\u00e1\u017en\u00fd projev ob\u010dansk\u00e9ho nesouhlasu. Te\u010f u\u017e petice ps\u00e1t nebudeme &#8211; dob\u0159e v\u00edme, \u017ee parlament nic ud\u011blat nemus\u00ed, tedy nic neud\u011bl\u00e1, ani ud\u011blat nem\u016f\u017ee. Nesm\u00ed toti\u017e odvolat Komisi jen proto, \u017ee nesouhlas\u00ed s jej\u00ed politikou. A ps\u00e1t petice Komisi se nesm\u00ed!<\/p>\n<p style=\"text-align: justify;\">Napadlo mne, \u017ee by snad pomohlo, kdybychom m\u011bli politick\u00e9 strany, kter\u00e9 budou po\u017eadovat zm\u011bnu n\u011bkter\u00fdch ustanoven\u00ed Lisabonsk\u00e9 smlouvy a Eurolistiny. To je p\u0159ece b\u011b\u017en\u00e1 z\u00e1le\u017eitost ve svobodn\u00e9m demokratick\u00e9m st\u00e1t\u011b, kdy\u017e s n\u011b\u010d\u00edm nesouhlas\u00edm, mohu to zm\u011bnit politickou cestou.<\/p>\n<p style=\"text-align: justify;\">V dob\u00e1ch komunismu to bylo jinak, to jsme museli opozi\u010dn\u00ed politickou \u010dinnost provozovat v podzem\u00ed. Platil toti\u017e pov\u011bstn\u00fd \u010dl\u00e1nek 4 \u00dastavy, podle kter\u00e9ho mus\u00ed m\u00edt Komunistick\u00e1 strana za v\u0161ech okolnost\u00ed vedouc\u00ed \u00falohu. Ka\u017ed\u00fd, kdo to cht\u011bl zm\u011bnit, dopou\u0161t\u011bl se protist\u00e1tn\u00ed \u010dinnosti.<\/p>\n<p style=\"text-align: justify;\">Jak to bude v Unii? Hled\u00e1m. A na\u0161el jsem. V \u010dl\u00e1nku 12 (2) se do\u010dteme: \u201ePolitick\u00e9 strany na \u00farovni Unie p\u0159isp\u00edvaj\u00ed k vyjad\u0159ov\u00e1n\u00ed politick\u00e9 v\u016fle ob\u010dan\u016f Unie.&#8220; Lisabonsk\u00e1 smlouva ze mne proti m\u00e9 v\u016fli a pravd\u011bpodobn\u011b proti v\u016fli v\u011bt\u0161iny obyvatel Unie ud\u011bl\u00e1 ob\u010dana Unie. Referendum, kter\u00e9 by uk\u00e1zalo pravdu o v\u011bt\u0161inov\u00e9m n\u00e1zoru, je pro jistotu po minul\u00fdch zku\u0161enostech s nespolehlivost\u00ed ve\u0159ejn\u00e9ho m\u00edn\u011bn\u00ed ve Franci a Nizozem\u00ed zak\u00e1z\u00e1no. A jako ob\u010dan EU, i kdybych zalo\u017eil n\u011bjakou eurostranu, budu sm\u011bt vyjad\u0159ovat pouze \u201ev\u016fli ob\u010dana Unie&#8220;. Jin\u00fdmi slovy to znamen\u00e1, \u017ee ten, kdo nesouhlas\u00ed s Lisabonskou smlouvou a nesouhlas\u00ed s touto podobou Unie, ji\u017e nesm\u00ed politick\u00fdmi prost\u0159edky po\u017eadovat zm\u011bnu. Je to na v\u011b\u010dn\u00e9 \u010dasy. Kdo bude cht\u00edt zm\u011bnu tohoto ustanoven\u00ed, bude m\u00edt jedinou mo\u017enost prost\u0159ednictv\u00edm cink\u00e1n\u00ed kl\u00ed\u010d\u016f. Pokojn\u00e1 cesta ji\u017e nebude existovat.<\/p>\n<p style=\"text-align: justify;\">Pamatujme si, \u017ee jedn\u00edm z prvn\u00edch po\u017eadavk\u016f, a\u017e zase budeme cht\u00edt svobodu, mus\u00ed b\u00fdt zru\u0161en\u00ed odstavce 2 v \u010dl\u00e1nku 12. Mus\u00edme jen doufat, \u017ee na Komisi bude sta\u010dit cink\u00e1n\u00ed. V\u011b\u0159me, \u017ee se jednou do Evropy znovu vr\u00e1t\u00ed \u201el\u00e1sky \u010das&#8220; a svoboda.<\/p>\n","protected":false},"excerpt":{"rendered":"<p>N\u011bkdo slav\u00ed po\u010d\u00e1tek m\u00e1je jako den l\u00e1sky, jin\u00ed d\u00e1vaj\u00ed p\u0159ednost pr\u00e1ci. Ratifikace Lisabonsk\u00e9 smlouvy znamen\u00e1 pro v\u0161echny ob\u010dany b\u00fdval\u00fdch socialistick\u00fdch zem\u00ed velkou zm\u011bnu. T\u00edm dnem toti\u017e znovu z\u00edskaj\u00ed pr\u00e1vo na&#8230; <a class=\"read-more-button\" href=\"https:\/\/www.payne.cz\/WP15\/drivejsi-lasky-cas-nahradi-pravo-na-praci\/\">\u010c\u00edst v\u00edce &gt;<\/a><\/p>\n","protected":false},"author":2,"featured_media":0,"comment_status":"closed","ping_status":"closed","sticky":false,"template":"","format":"standard","meta":{"ngg_post_thumbnail":0,"_monsterinsights_skip_tracking":false,"_monsterinsights_sitenote_active":false,"_monsterinsights_sitenote_note":"","_monsterinsights_sitenote_category":0,"footnotes":""},"categories":[3,22,16,9],"tags":[23,18,5],"class_list":["post-145","post","type-post","status-publish","format-standard","hentry","category-clanky","category-eu","category-svobodni","category-zahrpol","tag-eu","tag-svobodi","tag-zahrpol"],"_links":{"self":[{"href":"https:\/\/www.payne.cz\/WP15\/wp-json\/wp\/v2\/posts\/145","targetHints":{"allow":["GET"]}}],"collection":[{"href":"https:\/\/www.payne.cz\/WP15\/wp-json\/wp\/v2\/posts"}],"about":[{"href":"https:\/\/www.payne.cz\/WP15\/wp-json\/wp\/v2\/types\/post"}],"author":[{"embeddable":true,"href":"https:\/\/www.payne.cz\/WP15\/wp-json\/wp\/v2\/users\/2"}],"replies":[{"embeddable":true,"href":"https:\/\/www.payne.cz\/WP15\/wp-json\/wp\/v2\/comments?post=145"}],"version-history":[{"count":4,"href":"https:\/\/www.payne.cz\/WP15\/wp-json\/wp\/v2\/posts\/145\/revisions"}],"predecessor-version":[{"id":765,"href":"https:\/\/www.payne.cz\/WP15\/wp-json\/wp\/v2\/posts\/145\/revisions\/765"}],"wp:attachment":[{"href":"https:\/\/www.payne.cz\/WP15\/wp-json\/wp\/v2\/media?parent=145"}],"wp:term":[{"taxonomy":"category","embeddable":true,"href":"https:\/\/www.payne.cz\/WP15\/wp-json\/wp\/v2\/categories?post=145"},{"taxonomy":"post_tag","embeddable":true,"href":"https:\/\/www.payne.cz\/WP15\/wp-json\/wp\/v2\/tags?post=145"}],"curies":[{"name":"wp","href":"https:\/\/api.w.org\/{rel}","templated":true}]}}