{"id":1369,"date":"2017-11-18T01:30:56","date_gmt":"2017-11-18T00:30:56","guid":{"rendered":"http:\/\/www.payne.cz\/WP15\/?p=1369"},"modified":"2020-05-09T14:52:12","modified_gmt":"2020-05-09T13:52:12","slug":"radarova-iniciativa","status":"publish","type":"post","link":"https:\/\/www.payne.cz\/WP15\/radarova-iniciativa\/","title":{"rendered":"Radarov\u00e1 iniciativa"},"content":{"rendered":"<p style=\"text-align: justify;\"><a href=\"http:\/\/www.payne.cz\/WP15\/wp-content\/uploads\/Bez-n\u00e1zvu.png\"><img loading=\"lazy\" decoding=\"async\" class=\"aligncenter size-medium wp-image-1902\" src=\"http:\/\/www.payne.cz\/WP15\/wp-content\/uploads\/Bez-n\u00e1zvu-300x254.png\" alt=\"\" width=\"300\" height=\"254\" srcset=\"https:\/\/www.payne.cz\/WP15\/wp-content\/uploads\/Bez-n\u00e1zvu-300x254.png 300w, https:\/\/www.payne.cz\/WP15\/wp-content\/uploads\/Bez-n\u00e1zvu.png 400w\" sizes=\"auto, (max-width: 300px) 100vw, 300px\" \/><\/a>Radarov\u00e1 iniciativa spo\u010d\u00edvala v dopisu presidentu republiky V\u00e1clavu Havlovi, kter\u00fdm jsem mu navrhnul, abychom \u0159e\u0161ili bezpe\u010dnostn\u00ed rizika \u010cesk\u00e9 republiky prohloubenou bilater\u00e1ln\u00ed spoluprac\u00ed s USA, kter\u00e1 by zahrnovala um\u00edst\u011bn\u00ed radaru jako sou\u010d\u00e1sti komplexn\u00ed protiraketov\u00e9 obrany na na\u0161em \u00fazem\u00ed. P\u0159\u00edlohou dopisu byla studie, popisuj\u00edc\u00ed, jak\u00e1 jsou rizika a jak obrann\u00fd protiraketov\u00fd syst\u00e9m funguje. N\u011bkter\u00e9 podrobnosti o fungov\u00e1n\u00ed protiraketov\u00e9ho syst\u00e9mu jsem shrom\u00e1\u017edil na z\u00e1klad\u011b celosv\u011btov\u00e9 studie otev\u0159en\u00fdch zdroj\u016f k tomuto t\u00e9matu a na z\u00e1klad\u011b vlastn\u00edch v\u00fdpo\u010dt\u016f. Kopii n\u00e1vrhu jsem zaslal v\u0161em ambas\u00e1d\u00e1m \u010dlensk\u00fdch st\u00e1t\u016f NATO a \u010desk\u00e9 vl\u00e1d\u011b.&nbsp;<\/p>\n<p style=\"text-align: justify;\">Kdysi po\u010d\u00e1tkem devades\u00e1t\u00fdch let se n\u00e1s&nbsp;n\u011bkdo ptal, jak\u00e1 je autorita na\u0161eho zahrani\u010dn\u00edho v\u00fdboru. \u010clenov\u00e9 v\u00fdboru vyjmenov\u00e1vali v podstat\u011b \u00fastavn\u00ed kompetence. Tazatel tedy ot\u00e1zku up\u0159esnil: M\u016f\u017eete uv\u00e9st p\u0159\u00edklad, \u017ee by zahrani\u010dn\u00ed v\u00fdbor ovlivnil \u010deskou zahrani\u010dn\u00ed politiku? M\u011bli jsme tehdy jen jeden takov\u00fd p\u0159\u00edpad, po\u017e\u00e1dali jsme toti\u017e, aby ministerstvo p\u0159ipravilo smlouvu o voln\u00e9m obchodu se Slovinskem. Smlouva byla pozd\u011bji podeps\u00e1na a vedla k roz\u0161\u00ed\u0159en\u00ed Visegr\u00e1dsk\u00e9 spolupr\u00e1ce i na dal\u0161\u00ed&nbsp;st\u0159edoevropsk\u00e9&nbsp;zem\u011b. Nau\u010dili jsme se p\u0159em\u00fd\u0161let samostatn\u011b o zahrani\u010dn\u00ed politice.<\/p>\n<p style=\"text-align: justify;\">My\u0161lenka zapojen\u00ed do protiraketov\u00e9 obrany byla mou vlastn\u00ed invenc\u00ed, prokazateln\u011b se p\u0159ed t\u00edm nikde tato my\u0161lenka neobjevila. P\u0159ipadalo mi, \u017ee koncep\u010dn\u00ed dokumenty k na\u0161\u00ed zahrani\u010dn\u00ed a bezpe\u010dnostn\u00ed politice jako\u017e i podobn\u00e9 dokumenty Evropsk\u00e9 unie sice uv\u00e1d\u011bj\u00ed jako hlavn\u00ed riziko \u00fatok balistickou raketou, ale \u017ee toto riziko naprosto ignoruj\u00ed. Tento stav trv\u00e1 do zna\u010dn\u00e9 m\u00edry dodnes. Hledal jsem, jak toto riziko vy\u0159e\u0161it. Objednal jsem si tehdy celosv\u011btovou studii, co se o protiraketov\u00e9 obran\u011b v\u00ed a jak funguje, jako fyzik jsem se pokusil prostudovat alespo\u0148 \u010d\u00e1ste\u010dn\u011b parametry cel\u00e9ho syst\u00e9mu a p\u0159i\u0161el jsem s iniciativou, \u017ee by um\u00edst\u011bn\u00ed radaru na na\u0161em \u00fazem\u00ed umo\u017enilo efektivn\u00ed fungov\u00e1n\u00ed syst\u00e9mu i nad evropsk\u00fdm kontinentem. Uva\u017eoval jsem o um\u00edst\u011bn\u00ed z\u00e1kladny pro odpalov\u00e1n\u00ed interceptor\u016f v Polsku, mezi ob\u011bma body mus\u00ed b\u00fdt z technick\u00fdch d\u016fvod\u016f odstup stovek kilometr\u016f a \u010desk\u00fd politik nem\u016f\u017ee n\u011bco takov\u00e9ho navrhovat jin\u00e9mu st\u00e1tu, byl jsem si v\u0161ak jist, \u017ee Ameri\u010dan\u00e9 dojdou ke stejn\u00e9mu z\u00e1v\u011bru. Mohu odp\u0159is\u00e1hnout, \u017ee se nikde p\u0159ed publikov\u00e1n\u00edm Raketov\u00e9 iniciativy my\u0161lenka um\u00edstit do st\u0159edn\u00ed Evropy radar neobjevila, proto\u017ee jsem m\u011bl tehdy intenzivn\u00ed komunikaci i s p\u0159edstaviteli ozbrojen\u00fdch sil v USA, jsem si jist, \u017ee ani v jejich \u00favah\u00e1ch nikdy tato my\u0161lenka nebyla. O sv\u00e9 iniciativ\u011b jsem s nik\u00fdm ani na diplomatick\u00e9 \u00farovni nehovo\u0159il. V\u011bd\u011bl jsem, \u017ee jako opozi\u010dn\u00ed politik mus\u00edm n\u00e1vrh p\u0159edlo\u017eit tak, aby byl i pro vl\u00e1du Milo\u0161e zemana naprost\u00fdm p\u0159ekvapen\u00edm. Prvn\u00ed, kdo o n\u00e1vrhu v\u011bd\u011bl t\u011bsn\u011b p\u0159ed zve\u0159ejn\u011bn\u00edm, byl m\u016fj syn \u0160imon, kter\u00e9ho jsem po\u017e\u00e1dal, aby mi vytvo\u0159il po\u010d\u00edta\u010dovou animaci zn\u00e1zor\u0148uj\u00edc\u00ed funkci syst\u00e9mu.&nbsp;<\/p>\n<p style=\"text-align: justify;\">Na internetu se nep\u0159esn\u011b p\u00ed\u0161e, \u017ee jsem um\u00edst\u011bn\u00ed radaru podpo\u0159il. Nen\u00ed to pravda. J\u00e1 jsem ho vymyslel. Tak\u00e9 jsem zaznamenal v m\u00e9di\u00edch v\u00fdrok Alexandra Vondry, kdy\u017e se pokou\u0161el tvrdit, \u017ee to byl jeho n\u00e1pad. V\u017edycky jsem si myslel, \u017ee pravicov\u00fd politik nekrade a \u017ee nekrade ani my\u0161lenky, \u0161koda, \u017ee to neplat\u00ed o Vondrovi. K m\u00e9&nbsp; iniciativ\u011b se p\u0159ipojil a\u017e po n\u011bkolika&nbsp;letech.&nbsp;Stejn\u011b tak odm\u00edt\u00e1m tvrzen\u00ed, \u017ee \u0161lo o americkou iniciativu.<\/p>\n<p style=\"text-align: justify;\">Naopak mohu konstatovat, \u017ee V\u00e1clav Havel byl prvn\u00ed, kdo m\u016fj n\u00e1vrh bezprost\u0159edn\u011b po zve\u0159ejn\u011bn\u00ed ve\u0159ejn\u011b podpo\u0159il.&nbsp;<\/p>\n<p style=\"text-align: justify;\">V USA m\u016fj n\u00e1vrh asi t\u0159i roky p\u0159ezkoum\u00e1vali a nakonec se stal sou\u010d\u00e1st\u00ed americk\u00e9 politiky. Byla sjedn\u00e1na smlouva, kter\u00e1 m\u011bla spolupr\u00e1ci umo\u017enit. Pro \u010ceskou republiku by to znamenalo dostat se mezi prvn\u00edmi k informac\u00edm o celosv\u011btov\u00e9 bezpe\u010dnosti. Bylo to podruh\u00e9, co jsem v\u00fdznamn\u011b ovlivnil americkou politiku (poprv\u00e9 to byl n\u00e1vrh, abychom zajistili na\u0161\u00ed bezpe\u010dnost prost\u0159ednictv\u00edm NATO, kter\u00fd jsme iniciovali spole\u010dn\u011b s&nbsp;Pavlem Bratinkou a Danielem Kroupou v&nbsp;z\u00e1\u0159\u00ed 1990, tedy v&nbsp;dob\u011b na\u0161eho plnohodnotn\u00e9ho \u010dlenstv\u00ed ve Var\u0161avsk\u00e9m paktu, to v\u0161ak nebyla moje my\u0161lenka, byla to odv\u00e1\u017en\u00e1 odpov\u011b\u010f na dokumenty Charty 77, kter\u00e1 vstup do NATO z\u00e1sadn\u011b odm\u00edtala.).<\/p>\n<p style=\"text-align: justify;\">My\u0161lenku nakonec tot\u00e1ln\u011b pokazila Topol\u00e1nkova vl\u00e1da, p\u0159edseda vl\u00e1dy Topol\u00e1nek se nikdy nesezn\u00e1mil s t\u00edm, jak protiraketov\u00e1 obrana funguje, nikdy nevystoupil v m\u00e9di\u00edch na soust\u0159ed\u011bnou obhajobu n\u00e1vrhu, pov\u011b\u0159il nep\u0159\u00edli\u0161 kompetentn\u00ed osoby, aby se o projekt starali, smlouvu st\u00e1hnul z parlamentn\u00edho jedn\u00e1n\u00ed, m\u00edsto, aby j\u00ed prosadil\u2026 V\u00fdznamn\u00fd pod\u00edl na tom m\u00e1 i Karel Schwarzenberg, kter\u00fd nesmysln\u011b prohl\u00e1sil, \u017ee n\u00e1s m\u00e1 radar chr\u00e1nit p\u0159ed Rusk\u00fdmi raketami. Z fyzik\u00e1ln\u00edho hlediska je to naprost\u00fd nesmysl, ale nahr\u00e1l t\u00edm rusk\u00e9 propagand\u011b, kter\u00e1 se sna\u017eila n\u00e1vrh zlikvidovat. Rusko pak p\u0159i\u0161lo s tvrzen\u00edm, \u017ee by t\u00edm byla naru\u0161ena glob\u00e1ln\u00ed rovnov\u00e1ha, co\u017e je fyzik\u00e1ln\u011b-technicky tak\u00e9 nesmysl, ob\u011b jadern\u00e9 mocnosti na sebe m\u00ed\u0159ily raketami p\u0159es Pacifik, proto\u017ee je to krat\u0161\u00ed, a ne p\u0159es Atlantik. Z\u00e1rove\u0148 by \u00fato\u010dn\u00e1 raketa m\u011bla v dob\u011b p\u0159eletu nad Evropou p\u0159ibli\u017en\u011b dvan\u00e1ctiminutov\u00fd n\u00e1skok p\u0159ed interceptorem, kter\u00fd by technicky \u00fato\u010dnou raketu nad Pacifikem v\u016fbec nemohl dohonit. Topol\u00e1nek nedok\u00e1zal vzn\u00e9st ani jedin\u00fd argument proti tvrzen\u00ed, \u017ee radar by byl prvn\u00edm c\u00edlem pro n\u011bjak\u00e9ho \u00fato\u010dn\u00edka. Spletl si tehdy radary sleduj\u00edc\u00ed leteck\u00fd provoz, kter\u00e9 skute\u010dn\u011b jsou obvykle snadn\u00fdm c\u00edlem prvn\u00edho \u00faderu, proto\u017ee nep\u0159etr\u017eit\u011b vys\u00edlaj\u00ed paprsek, s t\u00edmto protiraketov\u00fdm radarem, kter\u00fd by se sp\u00ednal na n\u011bkolik&nbsp; minut pouze v okam\u017eiku, kdy u\u017e je \u00fato\u010dn\u00e1 raketa sm\u011b\u0159uj\u00edc\u00ed do Evropy na cest\u011b. Na vypnut\u00fd radar se naopak m\u00ed\u0159\u00ed velmi \u0161patn\u011b a z vojensk\u00e9ho hlediska to ned\u00e1v\u00e1 \u017e\u00e1dn\u00fd smysl &#8211; \u00fato\u010dn\u00edk p\u0159ece v\u00ed, \u017ee mus\u00ed z\u00e1rove\u0148 odp\u00e1lit n\u00e1sobn\u011b v\u00edce \u00fato\u010dn\u00fdch raket, ne\u017e kolik m\u00e1 obrana interceptor\u016f,&nbsp; m\u00e1-li takov\u00fd po\u010det raket, je pro n\u011bj radar naprosto nezaj\u00edmav\u00fd. Protiraketov\u00e1 obrana chr\u00e1n\u00ed pouze proti raket\u00e1m, kter\u00e9 se dostanou do ruky terorist\u016fm, zlot\u0159il\u00fdm st\u00e1t\u016fm, p\u0159\u00edpadn\u011b proti omylem odp\u00e1len\u00e9 raket\u011b. Setkal jsem se dokonce s t\u00edm, jak p\u0159edstavitel Topol\u00e1nkovy vl\u00e1dy nad\u00e1val shrom\u00e1\u017ed\u011bn\u00ed z\u00e1stupc\u016f dot\u010den\u00fdch obc\u00ed. To pak Topol\u00e1nek nemohl po\u010d\u00edtat s podporou n\u00e1vrhu v Parlamentu. Podepsan\u00e1 smlouva nebyla ratifikov\u00e1na na \u010desk\u00e9 stran\u011b a nakonec byl n\u00e1vrh smlouvy americkou stranou sta\u017een. Vysok\u00e9 riziko pro \u010ceskou republiku v\u0161ak nad\u00e1le trv\u00e1.&nbsp;<\/p>\n<p><a href=\"http:\/\/www.payne.cz\/WP15\/hrozi-nam-zasah-balistickou-raketou\/\">Hroz\u00ed n\u00e1m z\u00e1sah balistickou raketou?<\/a>&nbsp;Radarov\u00e1 iniciativa 13.6.2000<br \/>\n<a href=\"http:\/\/www.payne.cz\/WP15\/dopis-presidentu-republiky-vaclavu-havlovi\/\">Dopis presidentu republiky V\u00e1clavu Havlovi<\/a>&nbsp; 13.6.2000<br \/>\n<a href=\"http:\/\/www.payne.cz\/WP15\/cesi-opet-na-krizovatce-dejin\/\">\u010ce\u0161i op\u011bt na k\u0159i\u017eovatce d\u011bjin<\/a>&nbsp;11.8.2006<br \/>\n<a href=\"http:\/\/www.payne.cz\/WP15\/dohoda-mezi-ceskou-republikou-a-spojenymi-staty-americkymi-o-zrizeni-radarove-stanice-protiraketove-obrany-spojenych-statu-v-ceske-republice\/\">Dohoda mezi \u010ceskou republikou a Spojen\u00fdmi st\u00e1ty americk\u00fdmi o z\u0159\u00edzen\u00ed radarov\u00e9 stanice protiraketov\u00e9 obrany Spojen\u00fdch st\u00e1t\u016f v \u010cesk\u00e9 republice<\/a>&nbsp;8.7.2008<\/p>\n<p>&nbsp;<\/p>\n<p>&nbsp;<\/p>\n<p style=\"text-align: right;\"><a href=\"http:\/\/www.payne.cz\/old\/nmd\/radari.htm\">Radarov\u00e1 iniciativa<\/a><\/p>\n","protected":false},"excerpt":{"rendered":"<p>Radarov\u00e1 iniciativa spo\u010d\u00edvala v dopisu presidentu republiky V\u00e1clavu Havlovi, kter\u00fdm jsem mu navrhnul, abychom \u0159e\u0161ili bezpe\u010dnostn\u00ed rizika \u010cesk\u00e9 republiky prohloubenou bilater\u00e1ln\u00ed spoluprac\u00ed s USA, kter\u00e1 by zahrnovala um\u00edst\u011bn\u00ed radaru jako&#8230; <a class=\"read-more-button\" href=\"https:\/\/www.payne.cz\/WP15\/radarova-iniciativa\/\">\u010c\u00edst v\u00edce &gt;<\/a><\/p>\n","protected":false},"author":2,"featured_media":0,"comment_status":"closed","ping_status":"closed","sticky":false,"template":"","format":"standard","meta":{"ngg_post_thumbnail":0,"_monsterinsights_skip_tracking":false,"_monsterinsights_sitenote_active":false,"_monsterinsights_sitenote_note":"","_monsterinsights_sitenote_category":0,"footnotes":""},"categories":[3],"tags":[],"class_list":["post-1369","post","type-post","status-publish","format-standard","hentry","category-clanky"],"_links":{"self":[{"href":"https:\/\/www.payne.cz\/WP15\/wp-json\/wp\/v2\/posts\/1369","targetHints":{"allow":["GET"]}}],"collection":[{"href":"https:\/\/www.payne.cz\/WP15\/wp-json\/wp\/v2\/posts"}],"about":[{"href":"https:\/\/www.payne.cz\/WP15\/wp-json\/wp\/v2\/types\/post"}],"author":[{"embeddable":true,"href":"https:\/\/www.payne.cz\/WP15\/wp-json\/wp\/v2\/users\/2"}],"replies":[{"embeddable":true,"href":"https:\/\/www.payne.cz\/WP15\/wp-json\/wp\/v2\/comments?post=1369"}],"version-history":[{"count":12,"href":"https:\/\/www.payne.cz\/WP15\/wp-json\/wp\/v2\/posts\/1369\/revisions"}],"predecessor-version":[{"id":1904,"href":"https:\/\/www.payne.cz\/WP15\/wp-json\/wp\/v2\/posts\/1369\/revisions\/1904"}],"wp:attachment":[{"href":"https:\/\/www.payne.cz\/WP15\/wp-json\/wp\/v2\/media?parent=1369"}],"wp:term":[{"taxonomy":"category","embeddable":true,"href":"https:\/\/www.payne.cz\/WP15\/wp-json\/wp\/v2\/categories?post=1369"},{"taxonomy":"post_tag","embeddable":true,"href":"https:\/\/www.payne.cz\/WP15\/wp-json\/wp\/v2\/tags?post=1369"}],"curies":[{"name":"wp","href":"https:\/\/api.w.org\/{rel}","templated":true}]}}