{"id":132,"date":"2015-04-30T15:15:57","date_gmt":"2015-04-30T14:15:57","guid":{"rendered":"http:\/\/www.payne.cz\/WP15\/?p=132"},"modified":"2015-06-01T15:31:38","modified_gmt":"2015-06-01T14:31:38","slug":"lisabonskou-smlouvou-skonci-nato","status":"publish","type":"post","link":"https:\/\/www.payne.cz\/WP15\/lisabonskou-smlouvou-skonci-nato\/","title":{"rendered":"Lisabonskou smlouvou skon\u010d\u00ed NATO"},"content":{"rendered":"<p style=\"text-align: right;\"><span style=\"color: #008080;\">24.4.2009<\/span><\/p>\n<p style=\"text-align: justify;\"><span style=\"color: #808080;\"><em>Kdysi jsem se na Stadepu (americk\u00e9 ministerstvo zahrani\u010d\u00ed) p\u0159i n\u011bjak\u00e9m jedn\u00e1n\u00ed ptal, co by se stalo s NATO, kdyby m\u011blo 5 \u010dlen\u016f: USA, Kanadu, Norsko, Turecko a EU. \u201eToho dne skon\u010d\u00ed NATO&#8220;, \u0159ekli mi zcela bez rozm\u00fd\u0161len\u00ed. Tehdy jsem je\u0161t\u011b nech\u00e1pal pro\u010d. Evidentn\u011b to byla ot\u00e1zka d\u00e1vno projednan\u00e1. Je sice mo\u017en\u00e9, \u017ee se n\u00e1zor od t\u00e9 doby nepatrn\u011b zm\u011bnil, ale nevs\u00e1zel bych na to.<\/em><\/span><\/p>\n<div id=\"attachment_134\" style=\"width: 310px\" class=\"wp-caption alignright\"><a href=\"http:\/\/www.payne.cz\/WP15\/wp-content\/uploads\/2015\/04\/81042_clanok_foto_729.jpg\"><img loading=\"lazy\" decoding=\"async\" aria-describedby=\"caption-attachment-134\" class=\"wp-image-134 size-medium\" src=\"http:\/\/www.payne.cz\/WP15\/wp-content\/uploads\/2015\/04\/81042_clanok_foto_729-300x225.jpg\" alt=\"81042_clanok_foto_729\" width=\"300\" height=\"225\" \/><\/a><p id=\"caption-attachment-134\" class=\"wp-caption-text\">Ji\u0159\u00ed Payne a Ondrej Hejma &#8211; ve\u0159ejn\u00e9 \u010dten\u00ed Lisabonsk\u00e9 smlouvy v Praze 19.4.<\/p><\/div>\n<p style=\"text-align: justify;\">Lisabonskou smlouvou p\u0159ech\u00e1zej\u00ed kompetence v obran\u011b z \u010dlensk\u00fdch st\u00e1t\u016f na EU, kdy\u017e nov\u011b \u0159\u00edk\u00e1: \u201eUnie vede spole\u010dnou zahrani\u010dn\u00ed a bezpe\u010dnostn\u00ed politiku.&#8220; Nebo podle \u010dl\u00e1nku 22, odst. 2 p\u00edsm. a) chce Unie \u201echr\u00e1nit sv\u00e9 hodnoty, z\u00e1kladn\u00ed z\u00e1jmy, svou bezpe\u010dnost, nez\u00e1vislost a celistvost&#8220;. Stanov\u00ed se i konkr\u00e9tn\u00ed postupy: \u201eo strategick\u00fdch z\u00e1jmech a c\u00edlech&#8220; rozhoduje Evropsk\u00e1 rada (\u010dl. 22 odst. 1) a to v\u00fdhradn\u011b na n\u00e1vrh vysok\u00e9ho p\u0159edstavitele nebo Komise. Jednotliv\u00fd \u010dlensk\u00fd st\u00e1t tedy nem\u00e1 ani pr\u00e1vo konkr\u00e9tn\u011b nic navrhnout, m\u016f\u017ee jen po\u017eadovat za\u0159azen\u00ed diskuse na po\u0159ad jedn\u00e1n\u00ed Rady. \u010cl\u00e1nek 23 konstatuje, \u017ee pravomoci EU se vztahuj\u00ed na v\u0161echny ot\u00e1zky t\u00fdkaj\u00edc\u00ed se bezpe\u010dnosti. Aby bylo zcela jasno, \u017ee nikdo nesm\u00ed m\u00edt jin\u00fd n\u00e1zor, \u010dl. 23. 3. stanov\u00ed, \u017ee \u201e\u010clensk\u00e9 st\u00e1ty aktivn\u011b a bezv\u00fdhradn\u011b podporuj\u00ed zahrani\u010dn\u00ed a bezpe\u010dnostn\u00ed politiku Unie &#8230; a respektuj\u00ed \u010dinnost Unie v t\u00e9to oblasti.&#8220; a p\u0159ikazuje se, \u017ee \u010dlensk\u00e9 st\u00e1ty se \u201ezdr\u017e\u00ed jak\u00e9hokoli jedn\u00e1n\u00ed, kter\u00e9 je v rozporu se z\u00e1jmy Unie&#8220; (\u010cl. 23 odst. 3).<\/p>\n<p style=\"text-align: justify;\">Severoatlantick\u00e1 smlouva, kter\u00e1 ustanovuje NATO, \u0159\u00edk\u00e1: \u201eKa\u017ed\u00e1 ze smluvn\u00edch stran prohla\u0161uje, \u017ee \u017e\u00e1dn\u00e9 jej\u00ed sou\u010dasn\u00e9 platn\u00e9 mezin\u00e1rodn\u00ed z\u00e1vazky v\u016f\u010di kter\u00e9koli jin\u00e9 smluvn\u00ed stran\u011b nebo kter\u00e9mukoli t\u0159et\u00edmu st\u00e1tu nejsou v rozporu s ustanoven\u00edmi t\u00e9to smlouvy, a zavazuje se, \u017ee nep\u0159ijme \u017e\u00e1dn\u00fd mezin\u00e1rodn\u00ed z\u00e1vazek, kter\u00fd by byl s touto smlouvou v rozporu.&#8220; (\u010dl\u00e1nek 8).<br \/>\nProto\u017ee Lisabonsk\u00e1 smlouva znamen\u00e1 bezv\u00fdhradn\u00fd z\u00e1vazek v oblasti bezpe\u010dnosti v\u016f\u010di t\u0159et\u00ed stran\u011b, kterou je Evropsk\u00e1 unie, p\u0159edstavuje poru\u0161en\u00ed Severoatlantick\u00e9 smlouvy a dnem ratifikace Lisabonsk\u00e9 smlouvy NATO kon\u010d\u00ed.<\/p>\n<p style=\"text-align: justify;\">Lord Ismay, prvn\u00ed gener\u00e1ln\u00ed tajemn\u00edk NATO, kdysi v dob\u00e1ch studen\u00e9 v\u00e1lky charakterizoval podstatu NATO prostou a slavnou fr\u00e1z\u00ed: \u201eto keep the Russians out, the Americans in, and the Germans down.&#8220; Tedy udr\u017eet Rusko mimo Evropu, udr\u017eet americkou p\u0159\u00edtomnost v Evrop\u011b a N\u011bmecko mimo oblast rozhoduj\u00edc\u00edho vlivu. Pokud pou\u017eijeme tuto terminologii na Evropskou unii, m\u016f\u017eeme o EU \u0159\u00edci, \u017ee chce \u201eto keep the Americans out, the Russians in, and the Germans up&#8220;. Tedy vyhnat Ameri\u010dany pry\u010d, prohloubit spolupr\u00e1ci s Ruskem a zajistit N\u011bmecku vedouc\u00ed \u00falohu.<\/p>\n<p style=\"text-align: justify;\">Rozhodnut\u00ed nad\u00e1le si svou bezpe\u010dnost \u0159e\u0161it bez USA bude \u010dlensk\u00e9 st\u00e1ty st\u00e1t nep\u0159edstaviteln\u00e9 pen\u00edze a bude trvat mnoho desetilet\u00ed, ne\u017e dos\u00e1hneme stejn\u00e9 bezpe\u010dnosti, jakou jsme m\u011bli doposud.<br \/>\nNATO a EU jsou konkurenti a nemohou existovat vedle sebe, nesleduj\u00ed stejn\u00e9 z\u00e1jmy, dokonce naopak prosazuj\u00ed z\u00e1jmy protich\u016fdn\u00e9.<\/p>\n<p style=\"text-align: justify;\">Jean Monnet,autor mocensk\u00e9ho syst\u00e9mu EU pop\u00edraj\u00edc\u00edho demokratick\u00e9 z\u00e1sady, jinak \u0159e\u010deno syst\u00e9mu s neodstraniteln\u00fdm demokratick\u00fdm deficitem, kdysi napsal: \u201ePln\u011b jsem si uv\u011bdomil s\u00edlu st\u00e1tu, kter\u00fd m\u016f\u017ee \u0159\u00edci ne mezin\u00e1rodn\u00edmu org\u00e1nu, jen\u017e nem\u00e1 \u017e\u00e1dnou nadn\u00e1rodn\u00ed moc. Dobr\u00e1 v\u016fle nesta\u010d\u00ed, je t\u0159eba m\u00edt mezin\u00e1rodn\u00ed z\u00e1kony a instituce, je t\u0159eba p\u0159ekonat mezin\u00e1rodn\u00ed egoismus a zru\u0161it pr\u00e1vo n\u00e1rodn\u00edho veta, kter\u00e9 je jeho nejhlub\u0161\u00ed p\u0159\u00ed\u010dinou.&#8220; Vedl nesmi\u0159iteln\u00fd boj proti suverenit\u011b evropsk\u00fdch st\u00e1t\u016f a Lisabonsk\u00e1 smlouva zavr\u0161\u00ed jeho totalitn\u00ed vizi st\u00e1t\u016f bez suverenity.<\/p>\n<p style=\"text-align: justify;\">Lisabonskou smlouvou kon\u010d\u00ed epocha demokracie v Evrop\u011b, kon\u010d\u00ed NATO, kter\u00e9 si kladlo za c\u00edl \u201eposilov\u00e1n\u00ed sv\u00fdch svobodn\u00fdch instituc\u00ed&#8220; a \u201elep\u0161\u00ed porozum\u011bn\u00ed z\u00e1sad\u00e1m, na nich\u017e jsou tyto instituce zalo\u017eeny&#8220;, ochranu suverenity sv\u00fdch \u010dlen\u016f. Lisabonsk\u00e1 smlouva t\u011bmto z\u00e1sad\u00e1m odporuje, nejenom textem smlouvy, ale samotnou svou podstatou. Proto nem\u016f\u017ee vedle sebe existovat NATO a EU po ratifikaci t\u00e9to smlouvy.<\/p>\n<p style=\"text-align: justify;\">Hodnotov\u00e9 syst\u00e9my t\u011bchto dvou instituc\u00ed jsou nejenom jin\u00e9, ale jsou protich\u016fdn\u00e9. Spole\u010dn\u00e1 obrana m\u00e1 smysl jedin\u011b tam, kde st\u00e1ty sd\u00edlej\u00ed stejn\u00e9 hodnoty a maj\u00ed stejn\u00e1 rizika. Deset let na\u0161eho \u010dlenstv\u00ed v NATO bude pat\u0159it k nejkr\u00e1sn\u011bj\u0161\u00edm obdob\u00edm na\u0161ich d\u011bjin.<\/p>\n","protected":false},"excerpt":{"rendered":"<p>24.4.2009 Kdysi jsem se na Stadepu (americk\u00e9 ministerstvo zahrani\u010d\u00ed) p\u0159i n\u011bjak\u00e9m jedn\u00e1n\u00ed ptal, co by se stalo s NATO, kdyby m\u011blo 5 \u010dlen\u016f: USA, Kanadu, Norsko, Turecko a EU. \u201eToho&#8230; <a class=\"read-more-button\" href=\"https:\/\/www.payne.cz\/WP15\/lisabonskou-smlouvou-skonci-nato\/\">\u010c\u00edst v\u00edce &gt;<\/a><\/p>\n","protected":false},"author":2,"featured_media":0,"comment_status":"closed","ping_status":"closed","sticky":false,"template":"","format":"standard","meta":{"ngg_post_thumbnail":0,"_monsterinsights_skip_tracking":false,"_monsterinsights_sitenote_active":false,"_monsterinsights_sitenote_note":"","_monsterinsights_sitenote_category":0,"footnotes":""},"categories":[10,3,22,24,16,9],"tags":[6,12,11,18,5],"class_list":["post-132","post","type-post","status-publish","format-standard","hentry","category-obrana","category-clanky","category-eu","category-nato","category-svobodni","category-zahrpol","tag-dompol","tag-nato","tag-obrana","tag-svobodi","tag-zahrpol"],"_links":{"self":[{"href":"https:\/\/www.payne.cz\/WP15\/wp-json\/wp\/v2\/posts\/132","targetHints":{"allow":["GET"]}}],"collection":[{"href":"https:\/\/www.payne.cz\/WP15\/wp-json\/wp\/v2\/posts"}],"about":[{"href":"https:\/\/www.payne.cz\/WP15\/wp-json\/wp\/v2\/types\/post"}],"author":[{"embeddable":true,"href":"https:\/\/www.payne.cz\/WP15\/wp-json\/wp\/v2\/users\/2"}],"replies":[{"embeddable":true,"href":"https:\/\/www.payne.cz\/WP15\/wp-json\/wp\/v2\/comments?post=132"}],"version-history":[{"count":5,"href":"https:\/\/www.payne.cz\/WP15\/wp-json\/wp\/v2\/posts\/132\/revisions"}],"predecessor-version":[{"id":768,"href":"https:\/\/www.payne.cz\/WP15\/wp-json\/wp\/v2\/posts\/132\/revisions\/768"}],"wp:attachment":[{"href":"https:\/\/www.payne.cz\/WP15\/wp-json\/wp\/v2\/media?parent=132"}],"wp:term":[{"taxonomy":"category","embeddable":true,"href":"https:\/\/www.payne.cz\/WP15\/wp-json\/wp\/v2\/categories?post=132"},{"taxonomy":"post_tag","embeddable":true,"href":"https:\/\/www.payne.cz\/WP15\/wp-json\/wp\/v2\/tags?post=132"}],"curies":[{"name":"wp","href":"https:\/\/api.w.org\/{rel}","templated":true}]}}