{"id":1304,"date":"2017-09-14T10:24:29","date_gmt":"2017-09-14T09:24:29","guid":{"rendered":"http:\/\/www.payne.cz\/WP15\/?p=1304"},"modified":"2017-11-28T00:07:40","modified_gmt":"2017-11-27T23:07:40","slug":"chaoticka-evropa","status":"publish","type":"post","link":"https:\/\/www.payne.cz\/WP15\/chaoticka-evropa\/","title":{"rendered":"Chaotick\u00e1 Evropa"},"content":{"rendered":"<p style=\"text-align: right;\"><a href=\"http:\/\/www.payne.cz\/WP15\/chaotic-europe\/\">Chaotic Europe &#8211; English<\/a><\/p>\n<p style=\"text-align: justify;\">Brit\u00e1nie odch\u00e1z\u00ed z\u00a0Unie a p\u0159edstavitel\u00e9 kontinent\u00e1ln\u00ed Evropy nezvl\u00e1daj\u00ed sv\u00e9 emoce a nech\u00e1vaj\u00ed se strhnout pocitem uk\u0159ivd\u011bnosti\u00a0<em>(\u201ati Britov\u00e9 n\u00e1m to kaz\u00ed\u2018<\/em>), poku\u0161en\u00edm odvety\u00a0<em>(\u201amy jim uk\u00e1\u017eeme\u2018<\/em>), v\u011bdom\u00edm povinnosti exempl\u00e1rn\u011b potrestat\u00a0<em>(\u201av\u017edy\u0165 Unie je tak dokonal\u00e1\u2018<\/em>), aby u\u017e nikoho nikdy nenapadlo odch\u00e1zet.<\/p>\n<p style=\"text-align: justify;\">Zn\u00e1me ty pocity z\u00a0doby, kdy se schylovalo k\u00a0rozd\u011blen\u00ed \u010deskoslovensk\u00e9 federace. Pamatujeme, j<img decoding=\"async\" class=\"img-responsive js-lazy alignright\" src=\"https:\/\/cloudia.hnonline.sk\/r740x\/3ad5b602ba413f0e60e6732e4f6b2878.jpg?default=hn-default\" alt=\"Richard Sul\u00edk: Angela Merkelov\u00e1, hlavn\u00fd chaotik E\u00da\" width=\"740\" data-original=\"https:\/\/cloudia.hnonline.sk\/r740x\/3ad5b602ba413f0e60e6732e4f6b2878.jpg?default=hn-default\" data-mobile=\"https:\/\/cloudia.hnonline.sk\/r300x\/3ad5b602ba413f0e60e6732e4f6b2878.jpg?default=hn-default\" \/>ak bylo d\u016fle\u017eit\u00e9 nepodl\u00e9hat emoc\u00edm, proto\u017ee na\u0161\u00edm c\u00edlem bylo, abychom mohli m\u00edt za dvacet let dobr\u00e9 sousedsk\u00e9 vztahy. Museli jsme b\u00fdt velkorys\u00ed a pragmati\u010dt\u00ed, aby se to povedlo.<\/p>\n<p style=\"text-align: justify;\">Evropsk\u00e1 komise se pustila do vyjedn\u00e1v\u00e1n\u00ed a je z\u0159ejm\u00e9, \u017ee sv\u00e9 emoce nekontroluje. Touha po odplat\u011b v\u00edt\u011bz\u00ed nad rozvahou. Jako prvn\u00ed bod jedn\u00e1n\u00ed za\u0159adila komise \u00fapravu postaven\u00ed ob\u010dan\u016f EU na \u00fazem\u00ed Velk\u00e9 Brit\u00e1nie po rozchodu. Vybrala si nejslo\u017eit\u011bj\u0161\u00ed t\u00e9ma, kter\u00e9 zablokuje jak\u00fdkoli pozitivn\u00ed postup p\u0159i vyjedn\u00e1v\u00e1n\u00ed. Ji\u017e nyn\u00ed je z\u0159ejm\u00e9, \u017ee je skoro nemo\u017en\u00e9 sjednat a ratifikovat ve v\u0161ech \u010dlensk\u00fdch st\u00e1tech smlouvu o rozluce z\u00a0\u010dasov\u00fdch d\u016fvod\u016f (\u010ceskoslovensko si pravidla rozchodu ur\u010dilo formou feder\u00e1ln\u00edho z\u00e1kona.) Pokud britsk\u00e1 premi\u00e9rka Theresa Mayov\u00e1 od po\u010d\u00e1tku neslibuje snadnou dohodu. Spr\u00e1vn\u011b odhadla nep\u0159\u00e1telsk\u00e9 emoce na stran\u011b evropsk\u00fdch politik\u016f. Bylo by od n\u00ed nezodpov\u011bdn\u00e9 slibovat dohodu, proto\u017ee\u00a0by potom p\u0159i\u0161lo\u00a0hlubok\u00e9\u00a0zklam\u00e1n\u00ed z\u00a0nedohody.<\/p>\n<p style=\"text-align: justify;\">Evropsk\u00e1 unie chce Brit\u00e1nii potrestat. Nen\u00ed jasn\u00e9 za co. Pr\u00e1vo opustit spolupr\u00e1ci je p\u0159ece zakotveno v\u00a0Lisabonsk\u00e9 smlouv\u011b. K\u00a0tradi\u010dn\u00edm pr\u00e1vn\u00edm a mor\u00e1ln\u00edm tradic\u00edm Evropy pat\u0159\u00ed to, \u017ee nikdo nesm\u00ed b\u00fdt trest\u00e1n za to, \u017ee vyu\u017e\u00edv\u00e1 sv\u00e9ho pr\u00e1va. Na tomto p\u0159\u00edkladu se ukazuje, jak je Evropsk\u00e1 unie vzd\u00e1len\u00e1 evropsk\u00fdm hodnot\u00e1m, jak neum\u00ed jednat demokraticky a odpov\u011bdn\u011b. Jak vzd\u00e1len\u00e1 je j\u00ed pot\u0159ebn\u00e1 velkorysost.<\/p>\n<p style=\"text-align: justify;\">Jedn\u00e1n\u00ed sklouz\u00e1v\u00e1 do sc\u00e9n\u00e1\u0159e rozpadu Jugosl\u00e1vie. Proto\u017ee se\u00a0Slovinsko\u00a0v\u00a0roce 1990 v\u00a0referendu rozhodlo opustit Jugosl\u00e1vskou federaci, m\u011blo b\u00fdt potrest\u00e1no vysl\u00e1n\u00edm jugosl\u00e1vsk\u00fdch vojensk\u00fdch sil, a tak\u00e9 v\u0161emo\u017en\u00fdmi obstrukcemi. O m\u00e1lo pozd\u011bji se stejn\u00fd sc\u00e9n\u00e1\u0159 opakoval v\u00a0p\u0159\u00edpad\u011b odchodu Chorvatska. P\u0159i rozpadu Jugosl\u00e1vie p\u0159ev\u00e1\u017eila touha po odplat\u011b:\u00a0<u>co nejv\u00edce po\u0161kodit odch\u00e1zej\u00edc\u00ed st\u00e1t i za cenu, \u017ee po\u0161kod\u00edme sami sebe<\/u>.<\/p>\n<p style=\"text-align: justify;\">\u010ceskoslovensk\u00fd sc\u00e9n\u00e1\u0159\u00a0<u>usiloval o minimalizaci ztr\u00e1t<\/u>. B\u011bhem n\u011bkolika m\u011bs\u00edc\u016f byla feder\u00e1ln\u00ed spolupr\u00e1ce (mnohem slo\u017eit\u011bj\u0161\u00ed ne\u017e je \u010dlenstv\u00ed v EU) transformov\u00e1na do podoby bilater\u00e1ln\u00edch smluv. Za\u010d\u00ednali jsme jednoduch\u00fdmi probl\u00e9my a postupovali k\u00a0t\u011bm obt\u00ed\u017en\u011bj\u0161\u00edm. Vzr\u016fstaj\u00edc\u00ed po\u010det dohod vytv\u00e1\u0159el pozitivn\u011bj\u0161\u00ed atmosf\u00e9ru a odstra\u0148oval nejistotu.<\/p>\n<p style=\"text-align: justify;\">Pro\u010d postupuje Evropsk\u00e1 unie opa\u010dn\u011b? Proto\u017ee nad\u0159azuje sv\u00e9 propagandistick\u00e9 c\u00edle pragmatick\u00e9mu politick\u00e9mu \u0159e\u0161en\u00ed. Na tomto p\u0159\u00edpad\u011b se ukazuje, jak hlubok\u00fd je demokratick\u00fd deficit Evropsk\u00e9 unie. Je jist\u00e9, \u017ee se pot\u0159ebujeme dohodnout minim\u00e1ln\u011b na voln\u00e9m obchod\u011b. Jakmile by do\u0161lo k\u00a0dohod\u011b o obchodu, mohly by b\u00fdt ob\u011b strany p\u0159i vyjedn\u00e1v\u00e1n\u00ed velkorysej\u0161\u00ed v\u00a0jin\u00fdch ot\u00e1zk\u00e1ch. Z\u00a0jak\u00e9ho d\u016fvodu odkl\u00e1d\u00e1 Unie jedn\u00e1n\u00ed o obchodn\u00edch vztaz\u00edch a\u017e na konec? Statis\u00edce ob\u010dan\u016f \u010dlensk\u00fdch zem\u00ed pracuj\u00ed ve firm\u00e1ch, kter\u00e9 exportuj\u00ed do Brit\u00e1nie, je jich podstatn\u011b v\u00edce, ne\u017e na britsk\u00e9 stran\u011b. Pracovn\u00ed m\u00edsta t\u011bchto lid\u00ed jsou jedn\u00e1n\u00edm Evropsk\u00e9 komise zpochybn\u011bna. Nam\u00edsto posilov\u00e1n\u00ed d\u016fv\u011bry a jistoty Evropsk\u00e1 komise vytv\u00e1\u0159\u00ed pochybnosti a nejistotu t\u00edm, \u017ee odkl\u00e1d\u00e1 toto t\u00e9ma a\u017e na konec. Unie si bere tyto ob\u010dany jako rukojm\u00ed. Na Evropsk\u00e9 stran\u011b kan\u00e1lu tak bude mo\u017en\u00e1 nezam\u011bstnan\u00fdch v\u00edce, ne\u017e za kan\u00e1lem.<\/p>\n<p style=\"text-align: justify;\">\u010cesk\u00e1 republika exportuje do Brit\u00e1nie v\u00edce, ne\u017e dov\u00e1\u017e\u00ed. Jedn\u00e1 se o p\u00e1t\u00e9ho a n\u011bkdy \u010dtvrt\u00e9ho nejv\u011bt\u0161\u00edho obchodn\u00edho partnera \u010cesk\u00e9 republiky. Exportujeme zbo\u017e\u00ed za v\u00a0objemu 200 miliard korun ro\u010dn\u011b. \u010cesk\u00e1 vl\u00e1da patrn\u011b spol\u00e9h\u00e1 na to, \u017ee m\u00e1me n\u00edzkou nezam\u011bstnanost, tak\u017ee budou-li zam\u011bstnanci t\u011bchto firem propu\u0161t\u011bni, mo\u017en\u00e1 najdou brzy novou pr\u00e1ci. P\u0159esto se domn\u00edv\u00e1m, \u017ee povinnost\u00ed \u010desk\u00fdch politik\u016f je h\u00e1jit z\u00e1jmy pr\u00e1v\u011b t\u011bch firem, kter\u00e9 s\u00a0Brit\u00e1ni\u00ed obchoduj\u00ed a spolupracuj\u00ed. M\u011bli bychom po\u017eadovat, aby Evropsk\u00e1 komise zm\u011bnila taktiku vyjedn\u00e1v\u00e1n\u00ed.<\/p>\n<p style=\"text-align: center;\"><iframe loading=\"lazy\" src=\"\/\/www.youtube.com\/embed\/fC2vGYcIYhw\" width=\"560\" height=\"314\" allowfullscreen=\"allowfullscreen\"><\/iframe><\/p>\n","protected":false},"excerpt":{"rendered":"<p>Chaotic Europe &#8211; English Brit\u00e1nie odch\u00e1z\u00ed z\u00a0Unie a p\u0159edstavitel\u00e9 kontinent\u00e1ln\u00ed Evropy nezvl\u00e1daj\u00ed sv\u00e9 emoce a nech\u00e1vaj\u00ed se strhnout pocitem uk\u0159ivd\u011bnosti\u00a0(\u201ati Britov\u00e9 n\u00e1m to kaz\u00ed\u2018), poku\u0161en\u00edm odvety\u00a0(\u201amy jim uk\u00e1\u017eeme\u2018), v\u011bdom\u00edm povinnosti&#8230; <a class=\"read-more-button\" href=\"https:\/\/www.payne.cz\/WP15\/chaoticka-evropa\/\">\u010c\u00edst v\u00edce &gt;<\/a><\/p>\n","protected":false},"author":2,"featured_media":0,"comment_status":"closed","ping_status":"closed","sticky":false,"template":"","format":"standard","meta":{"ngg_post_thumbnail":0,"_monsterinsights_skip_tracking":false,"_monsterinsights_sitenote_active":false,"_monsterinsights_sitenote_note":"","_monsterinsights_sitenote_category":0,"footnotes":""},"categories":[3,22,9],"tags":[],"class_list":["post-1304","post","type-post","status-publish","format-standard","hentry","category-clanky","category-eu","category-zahrpol"],"_links":{"self":[{"href":"https:\/\/www.payne.cz\/WP15\/wp-json\/wp\/v2\/posts\/1304","targetHints":{"allow":["GET"]}}],"collection":[{"href":"https:\/\/www.payne.cz\/WP15\/wp-json\/wp\/v2\/posts"}],"about":[{"href":"https:\/\/www.payne.cz\/WP15\/wp-json\/wp\/v2\/types\/post"}],"author":[{"embeddable":true,"href":"https:\/\/www.payne.cz\/WP15\/wp-json\/wp\/v2\/users\/2"}],"replies":[{"embeddable":true,"href":"https:\/\/www.payne.cz\/WP15\/wp-json\/wp\/v2\/comments?post=1304"}],"version-history":[{"count":5,"href":"https:\/\/www.payne.cz\/WP15\/wp-json\/wp\/v2\/posts\/1304\/revisions"}],"predecessor-version":[{"id":1423,"href":"https:\/\/www.payne.cz\/WP15\/wp-json\/wp\/v2\/posts\/1304\/revisions\/1423"}],"wp:attachment":[{"href":"https:\/\/www.payne.cz\/WP15\/wp-json\/wp\/v2\/media?parent=1304"}],"wp:term":[{"taxonomy":"category","embeddable":true,"href":"https:\/\/www.payne.cz\/WP15\/wp-json\/wp\/v2\/categories?post=1304"},{"taxonomy":"post_tag","embeddable":true,"href":"https:\/\/www.payne.cz\/WP15\/wp-json\/wp\/v2\/tags?post=1304"}],"curies":[{"name":"wp","href":"https:\/\/api.w.org\/{rel}","templated":true}]}}