{"id":1298,"date":"2017-08-28T09:06:30","date_gmt":"2017-08-28T08:06:30","guid":{"rendered":"http:\/\/www.payne.cz\/WP15\/?p=1298"},"modified":"2017-08-28T09:06:30","modified_gmt":"2017-08-28T08:06:30","slug":"politicka-hantyrka","status":"publish","type":"post","link":"https:\/\/www.payne.cz\/WP15\/politicka-hantyrka\/","title":{"rendered":"Politick\u00e1 hant\u00fdrka"},"content":{"rendered":"<p style=\"text-align: justify;\"><span style=\"color: #008000;\"><strong>Politick\u00fd slovn\u00ed\u010dek<\/strong><\/span><\/p>\n<p style=\"text-align: right;\"><span style=\"color: #008000;\">28.8.2017<\/span><\/p>\n<p style=\"text-align: justify;\"><span style=\"color: #008000;\"><strong>Arogantn\u00ed <\/strong><\/span>\u2013 O politick\u00e9m protivn\u00edkovi se n\u011bkdy \u0159\u00edk\u00e1, \u017ee je arogantn\u00ed. Mysl\u00ed se t\u00edm pohrdav\u00fd p\u0159\u00edstup k druh\u00fdm lidem, n\u011bkdy tak\u00e9 sebev\u011bdom\u00e9 vystupov\u00e1n\u00ed, sebejist\u00fd politik p\u0159esv\u011bd\u010den\u00fd o spr\u00e1vnosti sv\u00e9ho p\u0159esv\u011bd\u010den\u00ed. Jak tedy vypad\u00e1 nearogantn\u00ed \u010dlov\u011bk. Je to politik, kter\u00fd neprosazuje my\u0161lenky, o kter\u00fdch je p\u0159esv\u011bd\u010den, politik kter\u00fd d\u00e1 v\u00edce na to, co cht\u011bj\u00ed ostatn\u00ed, ne\u017e co s\u00e1m pova\u017euje za spr\u00e1vn\u00e9. O\u010dek\u00e1v\u00e1me-li, \u017ee politik m\u00e1 b\u00fdt c\u00edlev\u011bdom\u00fd, d\u016fsledn\u00fd, pevn\u00fd\u00a0 v z\u00e1sad\u00e1ch, \u017ee m\u00e1 tah na br\u00e1nu, nezb\u00fdv\u00e1 ne\u017e p\u0159ijmout i to, \u017ee n\u011bkomu p\u0159ipad\u00e1 takov\u00e9 vystupov\u00e1n\u00ed arogantn\u00ed.<\/p>\n<p style=\"text-align: justify;\"><span style=\"color: #008000;\"><strong>\u00da\u010delov\u00fd<\/strong><\/span> &#8211; Kdy\u017e n\u011bkdo n\u011bkoho kritizuje, st\u00e1v\u00e1 se \u010dasto, \u017ee ten kritizovan\u00fd ozna\u010d\u00ed kritiku za \u00fa\u010delovou. Patrn\u011b se domn\u00edv\u00e1, \u017ee t\u00edm kritiku zpochybn\u00ed. U\u017e jste n\u011bkdy vid\u011bli \u010dlov\u011bka, kter\u00fd jedn\u00e1 ne-\u00fa\u010delov\u011b? Musel by vypadat jako bl\u00e1zen. Lid\u00e9, kdy\u017e n\u011bco d\u011blaj\u00ed, kdy\u017e se o n\u011bco sna\u017e\u00ed, kdy\u017e vyv\u00edjej\u00ed n\u011bjak\u00e9 \u00fasil\u00ed, sleduj\u00ed t\u00edm v\u017edycky ur\u010dit\u00fd c\u00edl. Politik, kter\u00fd jedn\u00e1 bez\u00fa\u010deln\u011b je hlup\u00e1k. Stejn\u011b tak je hlup\u00e1k, kdo si mysl\u00ed, \u017ee nam\u00edsto v\u011bcn\u00e9 odpov\u011bdi m\u00e1 smysl ozna\u010dovat kritiku za \u00fa\u010delovou.<\/p>\n<p style=\"text-align: justify;\"><span style=\"color: #008000;\"><strong>Prosp\u011bch\u00e1\u0159 <\/strong><\/span>\u2013 Jak v\u00a0politice, tak v\u00a0b\u011b\u017en\u00e9m \u017eivot\u011b, potk\u00e1me prosp\u011bch\u00e1\u0159e velmi \u010dasto, pozn\u00e1 se podle toho, \u017ee sleduje jedin\u00fd \u00fa\u010del \u2013 sv\u016fj prosp\u011bch.<\/p>\n<p style=\"text-align: justify;\"><span style=\"color: #008000;\"><strong>P\u0159ijmout politickou odpov\u011bdnost<\/strong><\/span> \u2013 Pozoruhodn\u00e9 jsou vyt\u00e1\u010dky politika, kter\u00fd oznamuje, za jak\u00fdch podm\u00ednek p\u0159ijme n\u011bkdy v\u00a0budoucnu politickou odpov\u011bdnost. N\u011bjak se mu nechce p\u0159\u00edmo \u0159\u00edci, \u017ee odstupuje. Domn\u00edv\u00e1 se, \u017ee t\u00edm z\u00edsk\u00e1 trochu \u010dasu a t\u0159eba se kauza do t\u00e9 doby n\u011bjak oslab\u00ed a nebude muset odstoupit. Ale on t\u00edm z\u00e1rove\u0148 \u0159\u00edk\u00e1: doposud jsem jako politik jednal nezodpov\u011bdn\u011b. Ale te\u010f se to zm\u011bn\u00ed! Mnohem \u00factyhodn\u011bj\u0161\u00ed jsou politikov\u00e9, kte\u0159\u00ed nekli\u010dkuj\u00ed, neboj\u00ed se \u0159\u00edci, \u017ee z n\u011bjak\u00fdch d\u016fvod\u016f odch\u00e1zej\u00ed, kte\u0159\u00ed si nenech\u00e1vaj\u00ed zadn\u00ed vr\u00e1tka.\u00a0Demis\u00ed se nevyhro\u017euje, demise se pod\u00e1v\u00e1.<\/p>\n<p style=\"text-align: justify;\"><span style=\"color: #008000;\"><strong>Populistick\u00fd<\/strong><\/span> &#8211; Zaj\u00edmav\u00e9 je, jak se v posledn\u00ed dob\u011b rozmohlo ozna\u010dovat kdekoho za populistu. Znamen\u00e1 to, \u017ee jin\u00ed politikov\u00e9, ti spr\u00e1vn\u011bj\u0161\u00ed, jsou nepopulist\u00e9? Skoro se zd\u00e1, \u017ee nepopulistick\u00e1 politika je ta jedin\u00e1 spr\u00e1vn\u00e1 a \u017e\u00e1douc\u00ed. Nepopulisti\u010dt\u00ed poslanci a sen\u00e1to\u0159i se p\u0159idali na stranu vl\u00e1dy. M\u00edsto aby h\u00e1jili z\u00e1jmy voli\u010d\u016f, h\u00e1j\u00ed zcela nepopulisticky a nepopul\u00e1rn\u011b z\u00e1jmy vl\u00e1dy proti ob\u010dan\u016fm. Vrcholem nepopulistick\u00e9 politiky byli komunisti\u010dt\u00ed poslanci za totality, kte\u0159\u00ed ostentativn\u011b h\u00e1jili z\u00e1jmy komunistick\u00e9ho veden\u00ed proti ob\u010dan\u016fm. Parlament je instituce ur\u010den\u00e1 na sebeobranu ob\u010dan\u016f proti vl\u00e1d\u011b. Latinsk\u00e9 slovo \u201apopulus\u2018 znamen\u00e1 lid. Podstatou demokratick\u00e9ho z\u0159\u00edzen\u00ed je to, \u017ee politik nen\u00ed vl\u00e1dce, ale slu\u017eebn\u00edk, latinsky ministr. Demokratick\u00fd politik komunikuje s ob\u010dany, aby byl schopen h\u00e1jit jejich z\u00e1jmy. Pokorn\u011b p\u0159izn\u00e1v\u00e1, \u017ee nev\u00ed v ka\u017ed\u00e9 situaci, co je pro v\u0161eobecn\u00e9 blaho dobr\u00e9, a proto naslouch\u00e1 ob\u010dan\u016fm. N\u011bkdo m\u016f\u017ee m\u00edt takov\u00e9ho politika za populistu. Zato politik, kter\u00fd v\u00a0tomto smyslu nen\u00ed populista, kter\u00fd vl\u00e1dne bez ohledu na lidi, nen\u00ed demokrat.<\/p>\n<p style=\"text-align: justify;\"><span style=\"color: #008000;\"><strong>Zpolitizovat<\/strong><\/span> &#8211; Ob\u010das n\u011bkter\u00fd politik prohl\u00e1s\u00ed, \u017ee se n\u011bjak\u00fd probl\u00e9m zpolitizoval. Jak se vlastn\u011b rozhoduje? Odborn\u011b nebo expertn\u011b se rozhoduje tam, kde um\u00edme optimalizovat podle jednoho nebo dvou jednoduch\u00fdch krit\u00e9ri\u00ed. Odborn\u00edk prost\u011b vypo\u010d\u00edt\u00e1 nejkrat\u0161\u00ed nebo nejlevn\u011bj\u0161\u00ed zp\u016fsob, jak postavit n\u011bjakou silnici, a m\u00e1me \u0159e\u0161en\u00ed. To dok\u00e1\u017ee ka\u017ed\u00fd absolvent st\u0159edn\u00ed \u0161koly. Mnoh\u00e1 rozhodnut\u00ed ve ve\u0159ejn\u00e9 oblasti je mo\u017en\u00e9 rozhodnout odborn\u011b a nen\u00ed d\u016fvod, aby do toho zasahovali politikov\u00e9. Takov\u00e9 v\u011bci maj\u00ed p\u0159enechat \u00fa\u0159edn\u00edk\u016fm. Politicky se v\u0161ak mus\u00ed rozhodnout ve v\u011bcech, kde je mo\u017enost\u00ed mnoho a nem\u00e1me podle \u010deho optimalizovat. Ne\u0159e\u0161iteln\u00fd v\u00fdb\u011br n\u011bjak\u00e9 varianty se ale vy\u0159e\u0161\u00ed, pokud zvol\u00edme jednu konkr\u00e9tn\u00ed politickou filosofii (b\u011bda hnut\u00edm, kter\u00e9 \u017e\u00e1dnou filosofii nemaj\u00ed). Proto se konaj\u00ed volby, abychom n\u011bjakou filosofii vybrali. Proto o politick\u00fdch ot\u00e1zk\u00e1ch mus\u00ed rozhodovat politikov\u00e9 politicky. Kdy\u017e si politik st\u011b\u017euje, \u017ee se zpolitizovalo n\u011bco, o \u010dem m\u00e1 rozhodnout, vlastn\u011b t\u00edm \u0159\u00edk\u00e1, \u017ee a\u017e doposud nepochopil smysl politiky.<\/p>\n<p style=\"text-align: justify;\"><span style=\"color: #008000;\"><strong>Nesyst\u00e9mov\u00fd<\/strong><\/span> &#8211;\u00a0 Politikov\u00e9 ozna\u010d\u00ed n\u00e1vrh za nesyst\u00e9mov\u00fd, kdy\u017e cht\u011bj\u00ed n\u011bjak\u00fd n\u00e1vrh zam\u00edtnout, ale nechce se jim podrobn\u011b prob\u00edrat, v\u00a0\u010dem je \u0161patn\u00fd. Nebo p\u0159\u00edpadn\u011b nejsou schopni vysv\u011btlit, v\u00a0\u010dem je \u0161patn\u00fd. Dobr\u00fd politik vyjmenuje, v\u00a0\u010dem je n\u00e1vrh \u0161patn\u00fd a na z\u00e1v\u011br navrhne lep\u0161\u00ed \u0159e\u0161en\u00ed. Zda je to syst\u00e9mov\u00e9 \u0159e\u0161en\u00ed, to nemus\u00ed \u0159\u00edkat, to si ka\u017ed\u00fd posoud\u00ed s\u00e1m.<\/p>\n<p style=\"text-align: justify;\"><span style=\"color: #008000;\"><strong>Protikorup\u010dn\u00ed<\/strong><\/span> \u2013 Stalo se zvykem, \u017ee v\u0161ichni bojuj\u00ed proti korupci. Jist\u011b chv\u00e1lyhodn\u00e9 \u00fasil\u00ed. Asi se domn\u00edvaj\u00ed, \u017ee korupci zcela vym\u00fdt\u00ed. A a\u017e nebude korupce, bude co? Nejsp\u00ed\u0161 vakuum, proto\u017ee s\u00a0korupc\u00ed asi budou odstran\u011bni i v\u0161ichni lid\u00e9. Co je c\u00edlem korupce? Aby to v\u00a0n\u011bjak\u00e9 sout\u011b\u017ei nevyhr\u00e1l ten nejlep\u0161\u00ed. Kdy\u017e dlouhodob\u011b likvidujeme ty nejlep\u0161\u00ed, je z\u0159ejm\u00e9, \u017ee na to nakonec doplat\u00edme v\u0161ichni \u2013 i ti korup\u010dn\u00edci. Co kdyby politikov\u00e9 m\u00edsto boje proti korupci za\u010dali bojovat o n\u011bco pozitivn\u00edho \u2013 o f\u00e9rovou a spravedlivou sout\u011b\u017e. Ostatn\u011b nejen politikov\u00e9 \u2013 co kdyby se k\u00a0n\u00ed vr\u00e1tili i sportovci.<\/p>\n<p style=\"text-align: justify;\"><span style=\"color: #008000;\"><strong>Protekce <\/strong><\/span>\u2013 Odvozeno z\u00a0latinsk\u00e9ho slova \u201aprotectio\u2018 \u2013 ochrana. Podobn\u011b jako korupce se pokou\u0161\u00ed omezit f\u00e9rovou sout\u011b\u017e, protekce usiluje p\u0159i v\u00fdb\u011bru osob, aby nejschopn\u011bj\u0161\u00edho nahradil kamar\u00e1d, p\u0159\u00edbuzn\u00fd, spojenec, chr\u00e1n\u011bnec. Protekce je vlastn\u011b korupce v\u00a0personalistice. Mnohdy ten mocn\u011bj\u0161\u00ed o\u010dek\u00e1v\u00e1 podobn\u00e9 zach\u00e1zen\u00ed se sebou sam\u00fdm v\u00a0n\u011bjak\u00e9 \u00fapln\u011b jin\u00e9 situaci jako protihodnotu \u2013 asi jako v\u00a0p\u00edsni\u010dce Zkratky od Ivana Ml\u00e1dka. N\u011bkdy se podstat\u011b t\u00e9to politick\u00e9 praktiky \u0159\u00edk\u00e1 \u201aj\u00e1 na br\u00e1chu, br\u00e1cha na mn\u011b\u2018.<\/p>\n<p style=\"text-align: justify;\"><span style=\"color: #008000;\"><strong>Solidarita<\/strong><\/span> \u2013 Sl\u016fvko solidarita je asi jedno z\u00a0nejzneu\u017e\u00edvan\u011bj\u0161\u00edch slov v politice. Poch\u00e1z\u00ed z\u00a0latinsk\u00e9ho slova \u201asolidus\u2018, co\u017e znamen\u00e1 pevn\u00fd. A skute\u010dn\u011b, \u0159\u00edm\u0161t\u00ed legion\u00e1\u0159i vyz\u00fdvali sv\u00e9 slab\u0161\u00ed kolegy, aby byli solid\u00e1rn\u00ed \u2013 aby v\u00edce tr\u00e9novali, posilovali a prost\u011b aby v\u0161emo\u017en\u011b p\u0159idali, proto\u017ee pak bude legie solidn\u00ed, pevn\u00e1. Slovo solidarita se pou\u017e\u00edv\u00e1 k\u00a0zamaskov\u00e1n\u00ed n\u00e1vrh\u016f, kter\u00e9 maj\u00ed za c\u00edl n\u011bkomu n\u011bco sebrat nebo n\u011bkoho sankcemi p\u0159inutit, aby n\u011bco n\u011bkomu \u201adobrovoln\u011b\u2018 dal. Obhajuje se t\u00edm hlavn\u011b to, \u017ee st\u00e1t ob\u010dan\u016fm bere a potom vyvolen\u00fdm d\u00e1v\u00e1. Ve skute\u010dnosti to, co je projevem lidskosti, se naz\u00fdv\u00e1 charita. Tak\u00e9 to poch\u00e1z\u00ed z\u00a0latiny, slovo \u201acaritas\u2018 znamen\u00e1 vz\u00e1cn\u00fd a znamen\u00e1 i ob\u011btavou l\u00e1sku. Prost\u011b n\u011bkdo vid\u00ed druh\u00e9ho \u010dlov\u011bka v\u00a0nouzi a ten je mu n\u00e1hle natolik vz\u00e1cn\u00fd, \u017ee pro n\u011bj n\u011bco dobr\u00e9ho ud\u011bl\u00e1. To nen\u00ed solidarita, to je lidskost. Takov\u00e9 jedn\u00e1n\u00ed zu\u0161lech\u0165uje srdce. To se o solidarit\u011b ned\u00e1 \u0159\u00edci, ta sp\u00ed\u0161 vyvol\u00e1v\u00e1 vzdor. Na\u0161t\u011bst\u00ed se ukazuje, \u017ee navzdory solidarit\u011b, um\u00edme b\u00fdt velkorys\u00ed, kdy\u017e je nap\u0159\u00edklad pot\u0159eba ud\u011blat sb\u00edrku na pomoc v\u00a0ne\u0161t\u011bst\u00ed. Navzdory solidarit\u011b existuje charita mezi sousedy, p\u0159\u00e1teli, zn\u00e1m\u00fdmi a bl\u00edzk\u00fdmi.<\/p>\n<p style=\"text-align: justify;\"><span style=\"color: #008000;\"><strong>Nekompromisn\u00ed<\/strong><\/span> \u2013 Nekompromisn\u00ed politik se neum\u00ed domluvit. Mysl\u00ed se t\u00edm, \u017ee je pov\u00fd\u0161en\u00fd, nafoukan\u00fd a zpupn\u00fd. Patrn\u011b si p\u0159ej\u00ed politiky schopn\u00e9 kompromis\u016f ti, kdo kritizuj\u00ed nekompromisnost. Politiky ohebn\u00e9, bezz\u00e1sadov\u00e9, p\u0159evl\u00e9kaj\u00edc\u00ed pl\u00e1\u0161\u0165 podle toho, odkud fouk\u00e1 v\u00edtr. Nezn\u00e1m politika, kter\u00fd by byl za v\u0161ech okolnost\u00ed nekompromisn\u00ed, ka\u017ed\u00fd politik mus\u00ed n\u011bkdy d\u011blat kompromisy, ale zn\u00e1m mnoho politik\u016f, kte\u0159\u00ed jsou kompromisn\u00ed \u2013 dohodnou se s\u00a0k\u00fdmkoli na \u010demkoli. T\u011bm se n\u011bkdy tak\u00e9 \u0159\u00edk\u00e1, \u017ee jsou bezz\u00e1sadov\u00ed nebo bezp\u00e1te\u0159n\u00ed.<\/p>\n<p style=\"text-align: justify;\"><span style=\"color: #008000;\"><strong>Pragmatick\u00fd<\/strong><\/span> \u2013 Slovo pragmatick\u00fd se v\u00a0politice pou\u017e\u00edv\u00e1 v\u00a0mnoha odst\u00ednech od toho, co je praktick\u00e9, co funguje, co se osv\u011bd\u010dilo, co je prosp\u011b\u0161n\u00e9, a\u017e po jedn\u00e1n\u00ed, kter\u00e9 sleduje jen sv\u016fj vlastn\u00ed prosp\u011bch, dokonce n\u011bkdy i ve smyslu \u00faslov\u00ed \u201a\u00fa\u010del sv\u011bt\u00ed prost\u0159edky\u2018.<\/p>\n<p style=\"text-align: justify;\"><span style=\"color: #008000;\"><strong>Oportunismus<\/strong><\/span> \u2013 Poch\u00e1z\u00ed z\u00a0latinsk\u00e9ho slova \u201aopportunus\u2018 &#8211; p\u0159\u00edzniv\u00fd, kter\u00fdm \u0159\u00edm\u0161t\u00ed n\u00e1mo\u0159n\u00edci ozna\u010dovali p\u0159\u00edzniv\u00fd v\u00edtr, kter\u00fd zanese lo\u010f a\u017e do p\u0159\u00edstavu (\u201aportus\u2018 \u2013 p\u0159\u00edstav). Oportunismus (oportunismus neboli konjukturalismus) je mezi politiky velmi obl\u00edben\u00fd. Je kombinac\u00ed bezz\u00e1sadovosti a prosp\u011bch\u00e1\u0159stv\u00ed. Oportunista dok\u00e1\u017ee dlouho nen\u00e1padn\u011b vy\u010dk\u00e1vat, potla\u010d\u00ed v\u00a0sob\u011b respekt k\u00a0jak\u00fdmkoli z\u00e1sad\u00e1m, tak\u017ee se st\u00e1v\u00e1 skoro neviditeln\u00fdm. Nikomu nevad\u00ed \u2013 proto\u017ee nic neprosazuje a o nic neusiluje. <em>\u201eJ\u00e1 netvrd\u00edm ani tak, ani opak, ale na m\u00e1 slova stejn\u011b jednou dojde.\u201c<\/em> Vy\u010dk\u00e1v\u00e1. A\u017e se dostav\u00ed p\u0159\u00edle\u017eitost. Zavane v\u00edtr, politik se probud\u00ed a vyu\u017eije p\u0159\u00edle\u017eitost ve sv\u016fj prosp\u011bch \u2013 t\u0159eba v\u00a0novou, v\u00fdznamn\u011bj\u0161\u00ed a l\u00e9pe placenou funkci. Dramaticky prohl\u00e1s\u00ed: <em>\u201eJ\u00e1 to p\u0159ece \u0159\u00edkal! J\u00e1 to v\u017edycky v\u011bd\u011bl!\u201c<\/em> Oportunista se bez jak\u00fdchkoli z\u00e1sad \u0159\u00edd\u00ed podle pr\u016fzkum\u016f ve\u0159ejn\u00e9ho m\u00edn\u011bn\u00ed a \u0159\u00edk\u00e1, co se chce sly\u0161et. Okam\u017eit\u00fd \u00fasp\u011bch (jeho vlastn\u00ed) je nad\u0159azen\u00fd dlouhodob\u00fdm d\u016fsledk\u016fm. V\u017edycky je v\u010das na stran\u011b t\u011bch, kdo pr\u00e1v\u011b vyhr\u00e1vaj\u00ed. Pamatuji jednoho politika, kter\u00fd cel\u00e9 volebn\u00ed obdob\u00ed v\u00a0Parlamentu prokazateln\u011b proml\u010del. A proto byl do n\u00e1sleduj\u00edc\u00edch voleb svou stranou vysl\u00e1n jako krajsk\u00fd l\u00eddr.<\/p>\n<p style=\"text-align: justify;\"><span style=\"color: #008000;\"><strong>Trvale udr\u017eiteln\u00fd \u017eivot<\/strong><\/span> \u2013 N\u011bkte\u0159\u00ed politikov\u00e9 bez uzard\u011bn\u00ed slibuj\u00ed to, po \u010dem lid\u00e9 odjak\u017eiva tou\u017e\u00ed \u2013 nesmrtelnost. Jak se \u0159\u00edk\u00e1 v\u00a0kostele \u201aa\u017e na v\u011bky v\u011bk\u016f\u2018.\u00a0 Je smutn\u00e9, \u017ee jim to mnoz\u00ed v\u011b\u0159\u00ed.<\/p>\n<p style=\"text-align: justify;\"><span style=\"color: #008000;\"><strong>Trvale udr\u017eiteln\u00fd rozvoj<\/strong><\/span> \u2013 Jin\u00ed politikov\u00e9 slibuj\u00ed alespo\u0148 trvale udr\u017eiteln\u00fd rozvoj. Domn\u00edvaj\u00ed se, \u017ee je mo\u017en\u00e9 odhlasovat neplatnost p\u0159\u00edrodn\u00edch z\u00e1kon\u016f. Teorie termodynamiky toti\u017e jasn\u011b \u0159\u00edk\u00e1, \u017ee v\u0161e, cel\u00fd vesm\u00edr, jednou skon\u010d\u00ed tepelnou smrt\u00ed. Nezadr\u017eiteln\u011b. Trvale udr\u017eiteln\u00fd rozvoj prost\u011b nelze zajistit. P\u0159\u00edroda je kone\u010dn\u00e1, t\u011b\u017eko uv\u011b\u0159it, \u017ee by politika mohla b\u00fdt nekone\u010dn\u00e1. Mnohdy by mo\u017en\u00e1 bylo pokorn\u011bj\u0161\u00ed slibovat, \u017ee se alespo\u0148 na n\u011bjakou dobu pokus\u00edme udr\u017eet st\u00e1vaj\u00edc\u00ed stav. Mo\u017en\u00e1 si mnoz\u00ed ani nep\u0159ej\u00ed bezuzdn\u00fd rozvoj, sta\u010dil by jim m\u00edrn\u00fd pokrok.<\/p>\n<p style=\"text-align: justify;\"><span style=\"color: #008000;\"><strong>V\u011bt\u0161inov\u00e1 pravda<\/strong><\/span> \u2013 Pozoruhodn\u00e9 je, kdy\u017e se pravda zji\u0161\u0165uje v\u011bt\u0161inou. Politikov\u00e9 jsou u\u017e natolik otup\u011bl\u00ed v\u00a0d\u016fsledku stovek a tis\u00edc\u016f hlasov\u00e1n\u00ed, \u017ee jim p\u0159ipad\u00e1 norm\u00e1ln\u00ed v\u011bt\u0161inov\u011b odhlasovat pravdu. Zapom\u00edn\u00e1 se p\u0159i tom, \u017ee jeden m\u016f\u017ee m\u00edt pravdu, zat\u00edmco v\u0161ichni ostatn\u00ed se m\u00fdl\u00ed. A v\u00a0d\u011bjin\u00e1ch se to nejednou stalo. Mimochodem, proto\u017ee p\u0159edem nev\u00edme, kdo je ten jeden, kter\u00fd m\u00e1 pravdu, je moudr\u00e9 m\u00edt \u00factu k\u00a0jinakosti, k\u00a0\u010dlov\u011bku, kter\u00fd to v\u00a0dobr\u00e9 v\u00ed\u0159e vid\u00ed \u00fapln\u011b jinak, ne\u017e j\u00e1.<\/p>\n<p style=\"text-align: justify;\"><span style=\"color: #008000;\"><strong>Radikalismus<\/strong><\/span> \u2013 \u010dasto se pou\u017e\u00edv\u00e1 ve stejn\u00e9m smyslu jako extremismus, jako zp\u016fsob nesmi\u0159iteln\u00e9ho prosazov\u00e1n\u00ed politick\u00fdch c\u00edl\u016f a z\u00e1sadn\u00edch zm\u011bn bez ohledu na platn\u00e1 pravidla, bez ohledu na druh\u00e9 lidi, jako uva\u017eov\u00e1n\u00ed zpochyb\u0148uj\u00edc\u00ed v\u0161e doposud platn\u00e9. Ale p\u016fvodn\u00ed smysl slova radik\u00e1ln\u00ed vych\u00e1z\u00ed z\u00a0latinsk\u00e9ho slova \u201aradix\u2018, co\u017e znamen\u00e1 ko\u0159en. Radik\u00e1ln\u00ed uva\u017eov\u00e1n\u00ed jde tedy ke ko\u0159enu v\u011bci, k\u00a0podstat\u011b v\u011bci. Radik\u00e1ln\u00ed my\u0161len\u00ed lze tedy p\u0159ipisovat nap\u0159\u00edklad Janu Husovi. J\u00edt ke ko\u0159enu v\u011bci nemus\u00ed b\u00fdt \u0161patn\u00e9, ale rozvrat v\u0161ech dosavadn\u00edch hodnot neb\u00fdv\u00e1 dobr\u00fdm za\u010d\u00e1tkem. Opakem radikalismu je konzervativn\u00ed uva\u017eov\u00e1n\u00ed, kter\u00e9 zjednodu\u0161en\u011b zast\u00e1v\u00e1 p\u0159esv\u011bd\u010den\u00ed, \u017ee ka\u017ed\u00e1 zm\u011bna je k\u00a0hor\u0161\u00edmu. Radik\u00e1ln\u00ed konzervativec by nejrad\u011bji zastavil i \u010das.<\/p>\n<p style=\"text-align: justify;\"><strong><span style=\"color: #008000;\">Perli\u010dka na z\u00e1v\u011br:<\/span><\/strong> Pamatuji situaci, kdy jeden politik naprosto v\u00e1\u017en\u011b navrhoval: \u201aHlasujme, zda je na\u0161e posledn\u00ed hlasov\u00e1n\u00ed platn\u00e9.\u2018 To se d\u00e1 d\u011blat na v\u011bky v\u011bk\u016f!<\/p>\n<p>&nbsp;<\/p>\n<p>&nbsp;<\/p>\n<p>&nbsp;<\/p>\n<p>&nbsp;<\/p>\n<p>&nbsp;<\/p>\n","protected":false},"excerpt":{"rendered":"<p>Politick\u00fd slovn\u00ed\u010dek 28.8.2017 Arogantn\u00ed \u2013 O politick\u00e9m protivn\u00edkovi se n\u011bkdy \u0159\u00edk\u00e1, \u017ee je arogantn\u00ed. Mysl\u00ed se t\u00edm pohrdav\u00fd p\u0159\u00edstup k druh\u00fdm lidem, n\u011bkdy tak\u00e9 sebev\u011bdom\u00e9 vystupov\u00e1n\u00ed, sebejist\u00fd politik p\u0159esv\u011bd\u010den\u00fd o&#8230; <a class=\"read-more-button\" href=\"https:\/\/www.payne.cz\/WP15\/politicka-hantyrka\/\">\u010c\u00edst v\u00edce &gt;<\/a><\/p>\n","protected":false},"author":2,"featured_media":0,"comment_status":"closed","ping_status":"closed","sticky":false,"template":"","format":"standard","meta":{"ngg_post_thumbnail":0,"_monsterinsights_skip_tracking":false,"_monsterinsights_sitenote_active":false,"_monsterinsights_sitenote_note":"","_monsterinsights_sitenote_category":0,"footnotes":""},"categories":[3,13,26],"tags":[6],"class_list":["post-1298","post","type-post","status-publish","format-standard","hentry","category-clanky","category-dompol","category-politicka-etika","tag-dompol"],"_links":{"self":[{"href":"https:\/\/www.payne.cz\/WP15\/wp-json\/wp\/v2\/posts\/1298","targetHints":{"allow":["GET"]}}],"collection":[{"href":"https:\/\/www.payne.cz\/WP15\/wp-json\/wp\/v2\/posts"}],"about":[{"href":"https:\/\/www.payne.cz\/WP15\/wp-json\/wp\/v2\/types\/post"}],"author":[{"embeddable":true,"href":"https:\/\/www.payne.cz\/WP15\/wp-json\/wp\/v2\/users\/2"}],"replies":[{"embeddable":true,"href":"https:\/\/www.payne.cz\/WP15\/wp-json\/wp\/v2\/comments?post=1298"}],"version-history":[{"count":2,"href":"https:\/\/www.payne.cz\/WP15\/wp-json\/wp\/v2\/posts\/1298\/revisions"}],"predecessor-version":[{"id":1300,"href":"https:\/\/www.payne.cz\/WP15\/wp-json\/wp\/v2\/posts\/1298\/revisions\/1300"}],"wp:attachment":[{"href":"https:\/\/www.payne.cz\/WP15\/wp-json\/wp\/v2\/media?parent=1298"}],"wp:term":[{"taxonomy":"category","embeddable":true,"href":"https:\/\/www.payne.cz\/WP15\/wp-json\/wp\/v2\/categories?post=1298"},{"taxonomy":"post_tag","embeddable":true,"href":"https:\/\/www.payne.cz\/WP15\/wp-json\/wp\/v2\/tags?post=1298"}],"curies":[{"name":"wp","href":"https:\/\/api.w.org\/{rel}","templated":true}]}}