{"id":1262,"date":"2016-11-02T00:43:35","date_gmt":"2016-11-01T23:43:35","guid":{"rendered":"http:\/\/www.payne.cz\/WP15\/?p=1262"},"modified":"2016-11-02T01:41:41","modified_gmt":"2016-11-02T00:41:41","slug":"deklarace-bezvyhradne-loajality","status":"publish","type":"post","link":"https:\/\/www.payne.cz\/WP15\/deklarace-bezvyhradne-loajality\/","title":{"rendered":"Deklarace bezv\u00fdhradn\u00e9 loajality"},"content":{"rendered":"<p style=\"text-align: justify;\"><img loading=\"lazy\" decoding=\"async\" class=\" wp-image-1267 alignright\" src=\"http:\/\/www.payne.cz\/WP15\/wp-content\/uploads\/Gh\u00e1nd\u00ed.jpg\" alt=\"ghandi\" width=\"239\" height=\"286\" srcset=\"https:\/\/www.payne.cz\/WP15\/wp-content\/uploads\/Gh\u00e1nd\u00ed.jpg 500w, https:\/\/www.payne.cz\/WP15\/wp-content\/uploads\/Gh\u00e1nd\u00ed-250x300.jpg 250w\" sizes=\"auto, (max-width: 239px) 100vw, 239px\" \/>Stalo se zvykem podzimn\u00ed sez\u00f3ny diskutovat o tom, zda bylo spr\u00e1vn\u00e9 vyd\u00e1vat deklaraci loajality v\u016f\u010di komunistick\u00e9 \u010c\u00edn\u011b prost\u0159ednictv\u00edm v\u0161ech nejvy\u0161\u0161\u00edch \u00fastavn\u00edch funkcion\u00e1\u0159\u016f. Proto\u017ee m\u00e1me sv\u00e9 zku\u0161enosti s komunistick\u00fdm re\u017eimem, bylo by asi spr\u00e1vn\u011bj\u0161\u00ed naz\u00fdvat onen dokument deklarac\u00ed p\u0159edposranosti (omlouv\u00e1m se za to slovo, ale je to terminus technicus popisuj\u00edc\u00ed jist\u00fd druh chov\u00e1n\u00ed v\u00a0dob\u011b komunistick\u00e9ho re\u017eimu).<\/p>\n<p style=\"text-align: justify;\">Probl\u00e9m je ale jinde. \u0160patn\u00fd byl n\u00e1pad budovat strategick\u00e9 partnerstv\u00ed s\u00a0nedemokratick\u00fdm re\u017eimem. \u010c\u00edna nen\u00ed f\u00e9rov\u00fd hr\u00e1\u010d. P\u0159edstava, o kter\u00e9 mnoz\u00ed pochybovali u\u017e p\u0159i jej\u00edm zve\u0159ejn\u011bn\u00ed, \u017ee \u010c\u00edna u n\u00e1s bude investovat a zam\u011bstn\u00e1 jinak nezam\u011bstnateln\u00e9 nezam\u011bstnan\u00e9 u n\u00e1s, byla dost naivn\u00ed. \u010c\u00edna nen\u00ed dobrodinec, nem\u00e1 \u017e\u00e1dn\u00fd d\u016fvod d\u011blat u n\u00e1s dobr\u00e9 skutky. Z\u00a0hlediska objemu investic m\u016f\u017eeme konstatovat, \u017ee sl\u00edben\u00e9 investice jsou v\u00edcem\u00e9n\u011b zanedbateln\u00e9. Ve\u00a0vz\u00e1jemn\u00e9m obchodu m\u00e1me zna\u010dnou nerovnov\u00e1hu, ale od pon\u00ed\u017een\u00e9ho partnerstv\u00ed se ani neo\u010dek\u00e1val vliv na obchodn\u00ed bilanci.<\/p>\n<p style=\"text-align: justify;\">Obchodn\u00edci tak\u00e9 dob\u0159e v\u011bd\u00ed, \u017ee v\u00a0\u010c\u00edn\u011b plat\u00ed doktr\u00edna jeden st\u00e1t a dva syst\u00e9my. P\u0159elo\u017eeno: v\u00a0\u010c\u00edn\u011b si ka\u017ed\u00e1 z\u00a0provinci\u00ed m\u016f\u017ee do zna\u010dn\u00e9 m\u00edry d\u011blat svou obchodn\u00ed a investi\u010dn\u00ed politiku. Nen\u00ed \u017e\u00e1dn\u00fd d\u016fvod, abychom navazovali ekonomickou spolupr\u00e1ci na centr\u00e1ln\u00ed \u00farovni, proto\u017ee pr\u00e1v\u011b tam je koncentrov\u00e1na komunistick\u00e1 ideologie a s\u00a0jistotou lze o\u010dek\u00e1vat, \u017ee spolupr\u00e1ce je pouze z\u00e1st\u011brkou pro \u0161pion\u00e1\u017e. Svou hypot\u00e9zu jsem formuloval v\u00a0b\u0159eznu (http:\/\/www.payne.cz\/WP15\/potemkinova-vesnice\/), ani\u017e bych tu\u0161il, \u017ee o p\u00e1r m\u011bs\u00edc\u016f pozd\u011bji ji potvrd\u00ed v\u00fdro\u010dn\u00ed zpr\u00e1va BIS.<\/p>\n<p style=\"text-align: justify;\">Probl\u00e9m spat\u0159uji v\u00a0tom, \u017ee nefunguje zahrani\u010dn\u00ed v\u00fdbor Sn\u011bmovny. Ten by m\u011bl ve\u0159ejn\u011b projednat koncep\u010dn\u00ed dokumenty t\u00fdkaj\u00edc\u00ed se zahrani\u010dn\u00ed politiky, m\u011bl by umo\u017enit ob\u010dan\u016fm, aby se k\u00a0nim vyj\u00e1d\u0159ili. To je posl\u00e1n\u00ed poslanc\u016f \u2013 reprezentovat z\u00e1jmy voli\u010d\u016f. Pro\u0161el jsem v\u0161echna usnesen\u00ed zahrani\u010dn\u00edho v\u00fdboru v\u00a0tomto volebn\u00edm obdob\u00ed. Ani jedno ze 160 usnesen\u00ed se net\u00fdk\u00e1 koncepce zahrani\u010dn\u00ed politiky. V\u00fdbor si ani jednou nevy\u017e\u00e1dal od ministerstva p\u0159edlo\u017een\u00ed jak\u00e9hokoliv dokumentu k\u00a0zahrani\u010dn\u00ed politice. \u010cinnost v\u00fdboru lze posoudit ne podle toho, \u017ee v\u0161e, co mu bylo p\u0159edlo\u017eeno, schv\u00e1lil, ale podle toho, zda existuj\u00ed p\u0159\u00edklady, kdy z\u00e1sadn\u011b ovlivnil a usm\u011brnil vl\u00e1dn\u00ed politiku a zejm\u00e9na ministerstvo zahrani\u010d\u00ed. M\u016f\u017eeme konstatovat, \u017ee neexistuje \u017e\u00e1dn\u00e9 usnesen\u00ed, kter\u00e9 by mohlo jakkoli politiku ministerstva ovlivnit. Ani v\u00a0pozitivn\u00edm ani v\u00a0negativn\u00edm smyslu. V\u00fdbor odm\u00e1val v\u0161e, co mu vl\u00e1da p\u0159edlo\u017eila, \u010dinnost ministerstva se ani nepokusil ovlivnit, zato se hodn\u011b v\u011bnoval sv\u00fdm zahrani\u010dn\u00edm v\u00fdjezd\u016fm. Nikterak se neobt\u011b\u017eoval sv\u00e9 n\u00e1kladn\u00e9 cesty od\u016fvodnit, neexistuje \u017e\u00e1dn\u00e1 koncepce zahrani\u010dn\u00edch aktivit v\u00fdboru ani Sn\u011bmovny. Mysl\u00edm, \u017ee voli\u010di by m\u011bli tento fakt vz\u00edt v\u00a0\u00favahu p\u0159i p\u0159\u00ed\u0161t\u00edch volb\u00e1ch a p\u0159ed volbami se pod\u00edvat na seznam \u010dlen\u016f v\u00fdboru.<\/p>\n<p style=\"text-align: justify;\">Ministerstvo zahrani\u010d\u00ed celkem pohodln\u011b p\u0159ijalo za sv\u00e9, \u017ee je neomezen\u00fdm p\u00e1nem zahrani\u010dn\u00ed politiky, \u017ee si m\u016f\u017ee d\u011blat, co chce. P\u0159itom pr\u00e1v\u011b Parlament m\u00e1 b\u00fdt pro vl\u00e1du n\u00e1strojem, kter\u00fd z\u00a0vl\u00e1dn\u00edch extravaganc\u00ed vy\u0161krt\u00e1 v\u0161e, co nelze obh\u00e1jit p\u0159ed voli\u010di. Pr\u00e1v\u011b Parlament m\u00e1 b\u00fdt m\u00edstem, kde se zahrani\u010dn\u00ed politika projedn\u00e1v\u00e1.<\/p>\n<p style=\"text-align: justify;\">M\u00e9dia rovn\u011b\u017e pohodln\u011b kritizuj\u00ed kdeco, ale absolutn\u00ed nefunk\u010dnosti \u00fastavn\u00edho org\u00e1nu si nev\u0161imnou. Proto k\u0159ik, \u017ee je nyn\u00ed nutn\u00e9 jednor\u00e1zov\u011b projednat \u010dty\u0159prohl\u00e1\u0161en\u00ed bezv\u00fdhradn\u00e9 loajality a\u0165 u\u017e ze strany m\u00e9di\u00ed nebo ze strany n\u011bkter\u00fdch poslanc\u016f, vyzn\u00edv\u00e1 dost nep\u0159esv\u011bd\u010div\u011b. Parlament se nezaj\u00edm\u00e1 o n\u00e1zory ob\u010dan\u016f a proto je ani nedok\u00e1\u017ee h\u00e1jit v\u016f\u010di vl\u00e1d\u011b. Proto vyzn\u00edv\u00e1 sou\u010dasn\u00e1 iniciativa dost pokrytecky.<\/p>\n<p style=\"text-align: justify;\">Poj\u010fme se tedy pokusit formulovat alespo\u0148 n\u011bkter\u00e9 prvky na\u0161\u00ed zahrani\u010dn\u00ed politiky. Pot\u0159ebujeme zejm\u00e9na obchodovat. \u00a0Pokud jde o \u010c\u00ednu, obchod se d\u011bl\u00e1 na \u00farovni provinci\u00ed. M\u011bli bychom si vybrat provincii, kter\u00e1 je pro n\u00e1s zaj\u00edmav\u00e1, a tam bychom m\u011bli navazovat kontakty a tam bychom mohli opravdu p\u0159isp\u011bt k\u00a0prohlouben\u00ed obchodn\u00edch vztah\u016f. Na n\u011b by mohla navazovat i investi\u010dn\u00ed spolupr\u00e1ce, nikoli jednostrann\u00e1. P\u0159ipome\u0148me si, \u017ee \u0160kodovka m\u00e1 v\u00a0\u010c\u00edn\u011b sv\u00e9 investice a nemusela p\u0159i tom \u010dekat na n\u011bjak\u00e9 prezidentsk\u00e9 tane\u010dky. Prost\u011b to jde i bez podl\u00e9z\u00e1n\u00ed na centr\u00e1ln\u00ed \u00farovni. Dokonce naopak, trouf\u00e1m si tvrdit, \u017ee spolupr\u00e1ce deklarovan\u00e1 na centr\u00e1ln\u00ed \u00farovni s\u00a0mnoha st\u00e1ty u\u017e uk\u00e1zala, \u017ee byla zbyte\u010dn\u00e1, proto\u017ee na n\u00ed nic nenavazovalo.<\/p>\n<p style=\"text-align: justify;\">Pokud se vl\u00e1da a prezident rozhodli kamar\u00e1dit se s\u00a0komunisty, trv\u00e1m jako ob\u010dan na tom, \u017ee mus\u00ed po\u017eadovat sta\u017een\u00ed v\u0161ech \u010d\u00ednsk\u00fdch \u0161pion\u016f z na\u0161eho \u00fazem\u00ed. Co je to za partnerstv\u00ed, kdy\u017e je doprov\u00e1zeno rejdy vojensk\u00fdch a pr\u016fmyslov\u00fdch \u0161pion\u016f? Co je to za partnerstv\u00ed, kdy\u017e mus\u00edme zvy\u0161ovat rozpo\u010det tajn\u00fdch slu\u017eeb, abychom se tomuto partnerstv\u00ed mohli alespo\u0148 trochu br\u00e1nit? V\u00a0takov\u00e9 atmosf\u00e9\u0159e se p\u0159irozen\u011b nab\u00edz\u00ed hypot\u00e9za, \u017ee ve\u0161ker\u00e9 slibovan\u00e9 investice jsou pouze sou\u010d\u00e1st\u00ed t\u00e9to \u0161pion\u00e1\u017en\u00ed hry.<\/p>\n<p style=\"text-align: justify;\">O\u010dek\u00e1val bych, \u017ee opozi\u010dn\u00ed strany budou deklarovat, \u017ee jsou rozhodnuty strategick\u00e9 partnerstv\u00ed s \u010c\u00ednou neprodlen\u011b ukon\u010dit. \u010c\u00edna nen\u00ed \u0159\u00ed\u0161\u00ed st\u0159edu \u010desk\u00e9 zahrani\u010dn\u00ed politiky. Pro \u010desk\u00e9 ob\u010dany nem\u00e1 valn\u00fd v\u00fdznam a cena, kterou bychom za to m\u011bli zaplatit, je nesmysln\u011b vysok\u00e1. Pokud by se \u010c\u00edna cht\u011bla st\u00e1t \u0159\u00ed\u0161\u00ed st\u0159edu cel\u00e9ho sv\u011bta, musela by se nap\u0159ed nau\u010dit chovat jako f\u00e9rov\u00fd partner. Strategicky \u0159e\u010deno: m\u016f\u017eeme si po\u010dkat na lep\u0161\u00ed \u010dasy v \u010c\u00ednsk\u00e9 politice.<\/p>\n<p style=\"text-align: justify;\">Maj\u00ed-li \u010d\u00edn\u0161t\u00ed komunist\u00e9 komunistick\u00e9 p\u0159edstavy o spolupr\u00e1ci, m\u011bli bychom se obr\u00e1tit k\u00a0jin\u00fdm partner\u016fm. Zejm\u00e9na k\u00a0t\u011bm, kte\u0159\u00ed jsou schopni hr\u00e1t f\u00e9rovou hru. Pokud zahrani\u010dn\u00ed v\u00fdbor nem\u00e1 \u017e\u00e1dn\u00fd n\u00e1pad, navrhnul bych prohlouben\u00ed spolupr\u00e1ce s\u00a0Indi\u00ed. Je to zem\u011b, kter\u00e1 kdysi pat\u0159ila k\u00a0britsk\u00e9 korun\u011b, krom\u011b ekonomick\u00e9 spolupr\u00e1ce bychom se od mnoh\u00fdch Ind\u016f, nap\u0159\u00edklad t\u011bch, kte\u0159\u00ed maj\u00ed britsk\u00e9 \u0161koly, mohli u\u010dit, jak se slu\u0161n\u011b chovat. A \u00factu k\u00a0jejich filosofick\u00e9mu a duchovn\u00edmu mysliteli, kter\u00fd ovlivnil i Masaryka, n\u00e1m nebudou vyt\u00fdkat. A kdy\u017e se p\u0159estaneme strategicky p\u0159\u00e1telit s\u00a0\u010c\u00ednsk\u00fdmi komunisty, mo\u017en\u00e1, \u017ee si p\u0159\u00ed\u0161t\u011b dalajl\u00e1ma, kter\u00fd se z\u0159ekl politick\u00fdch aktivit, op\u011bt ud\u011bl\u00e1 \u010das na sch\u016fzku na hrad\u011b a t\u0159eba vnukne n\u011bjak\u00e9 moudr\u00e9 sp\u00e1sn\u00e9 duchovn\u00ed my\u0161lenky i sou\u010dasn\u00e9mu prezidentovi.<\/p>\n","protected":false},"excerpt":{"rendered":"<p>Stalo se zvykem podzimn\u00ed sez\u00f3ny diskutovat o tom, zda bylo spr\u00e1vn\u00e9 vyd\u00e1vat deklaraci loajality v\u016f\u010di komunistick\u00e9 \u010c\u00edn\u011b prost\u0159ednictv\u00edm v\u0161ech nejvy\u0161\u0161\u00edch \u00fastavn\u00edch funkcion\u00e1\u0159\u016f. Proto\u017ee m\u00e1me sv\u00e9 zku\u0161enosti s komunistick\u00fdm re\u017eimem, bylo&#8230; <a class=\"read-more-button\" href=\"https:\/\/www.payne.cz\/WP15\/deklarace-bezvyhradne-loajality\/\">\u010c\u00edst v\u00edce &gt;<\/a><\/p>\n","protected":false},"author":2,"featured_media":0,"comment_status":"closed","ping_status":"closed","sticky":false,"template":"","format":"standard","meta":{"ngg_post_thumbnail":0,"_monsterinsights_skip_tracking":false,"_monsterinsights_sitenote_active":false,"_monsterinsights_sitenote_note":"","_monsterinsights_sitenote_category":0,"footnotes":""},"categories":[3,26,9],"tags":[5],"class_list":["post-1262","post","type-post","status-publish","format-standard","hentry","category-clanky","category-politicka-etika","category-zahrpol","tag-zahrpol"],"_links":{"self":[{"href":"https:\/\/www.payne.cz\/WP15\/wp-json\/wp\/v2\/posts\/1262","targetHints":{"allow":["GET"]}}],"collection":[{"href":"https:\/\/www.payne.cz\/WP15\/wp-json\/wp\/v2\/posts"}],"about":[{"href":"https:\/\/www.payne.cz\/WP15\/wp-json\/wp\/v2\/types\/post"}],"author":[{"embeddable":true,"href":"https:\/\/www.payne.cz\/WP15\/wp-json\/wp\/v2\/users\/2"}],"replies":[{"embeddable":true,"href":"https:\/\/www.payne.cz\/WP15\/wp-json\/wp\/v2\/comments?post=1262"}],"version-history":[{"count":5,"href":"https:\/\/www.payne.cz\/WP15\/wp-json\/wp\/v2\/posts\/1262\/revisions"}],"predecessor-version":[{"id":1270,"href":"https:\/\/www.payne.cz\/WP15\/wp-json\/wp\/v2\/posts\/1262\/revisions\/1270"}],"wp:attachment":[{"href":"https:\/\/www.payne.cz\/WP15\/wp-json\/wp\/v2\/media?parent=1262"}],"wp:term":[{"taxonomy":"category","embeddable":true,"href":"https:\/\/www.payne.cz\/WP15\/wp-json\/wp\/v2\/categories?post=1262"},{"taxonomy":"post_tag","embeddable":true,"href":"https:\/\/www.payne.cz\/WP15\/wp-json\/wp\/v2\/tags?post=1262"}],"curies":[{"name":"wp","href":"https:\/\/api.w.org\/{rel}","templated":true}]}}