{"id":1242,"date":"2016-07-01T07:34:31","date_gmt":"2016-07-01T06:34:31","guid":{"rendered":"http:\/\/www.payne.cz\/WP15\/?p=1242"},"modified":"2016-07-01T10:03:20","modified_gmt":"2016-07-01T09:03:20","slug":"ceskoslovenska-nebo-jugoslavska-cesta-pri-brexitu","status":"publish","type":"post","link":"https:\/\/www.payne.cz\/WP15\/ceskoslovenska-nebo-jugoslavska-cesta-pri-brexitu\/","title":{"rendered":"\u010ceskoslovensk\u00e1 nebo jugosl\u00e1vsk\u00e1 cesta p\u0159i brexitu"},"content":{"rendered":"<p style=\"text-align: justify;\"><img loading=\"lazy\" decoding=\"async\" class=\"size-medium wp-image-1244 alignright\" src=\"http:\/\/www.payne.cz\/WP15\/wp-content\/uploads\/brexit-1-559x317-300x170.jpg\" alt=\"brexit-1-559x317\" width=\"300\" height=\"170\" srcset=\"https:\/\/www.payne.cz\/WP15\/wp-content\/uploads\/brexit-1-559x317-300x170.jpg 300w, https:\/\/www.payne.cz\/WP15\/wp-content\/uploads\/brexit-1-559x317.jpg 559w\" sizes=\"auto, (max-width: 300px) 100vw, 300px\" \/>Po britsk\u00e9m referendu o brexitu se rozpoutala v\u00a0na\u0161ich m\u00e9di\u00edch nez\u0159\u00edzen\u00e1 kamapa\u0148, kter\u00e1 jednostrann\u011b vykresluje zast\u00e1nce brexitu jako vy\u0161inut\u00e9 extr\u00e9misty a d\u011bl\u00e1 z\u00a0nich hlup\u00e1ky. Nezaregistroval jsem \u00favahy o tom, \u017ee p\u0159\u00ed\u010dinou je od po\u010d\u00e1tku \u0161patn\u00fd a nereformovateln\u00fd model integrace, \u017ee p\u0159\u00ed\u010dinou je \u00famysln\u00fd vlekl\u00fd demokratick\u00fd deficit, \u017ee p\u0159\u00ed\u010dinou je arogantn\u00ed regulace v\u0161eho mo\u017en\u00e9ho i nemo\u017en\u00e9ho \u2013 od \u017e\u00e1rovek, pomaz\u00e1nkov\u00e9ho m\u00e1sla, rumu, vysava\u010d\u016f a\u017e po chystan\u00e9 omezen\u00ed splachovac\u00ed kapcity na WC, kter\u00e9 bylo nyn\u00ed pozastaveno, proto\u017ee obyvatel\u00e9 evropsk\u00fdch st\u00e1t\u016f u\u017e maj\u00ed euronesmysl\u016f po krk. Ob\u010das n\u011bkdo podotkne, \u017ee nyn\u00ed bude pot\u0159eba Unii n\u011bjak \u201ereformovat\u201c, ov\u0161em nikdo nem\u00e1 sebemen\u0161\u00ed tu\u0161en\u00ed, jak a co zm\u011bnit. O tom, \u017ee hlavn\u00ed probl\u00e9m je demokratick\u00fd deficit, co\u017e je eufemismus maskuj\u00edc\u00ed nedemokratick\u00e9 fungov\u00e1n\u00ed evropsk\u00e9 nadstruktury, se z\u00a0na\u0161ich m\u00e9di\u00ed nedozv\u00edme. Zjednodu\u0161en\u011b \u0159e\u010deno, ob\u010dan\u00e9 \u010dlensk\u00fdch st\u00e1t\u016f nemaj\u00ed vliv na to, co se v\u00a0EU d\u011bje, ale m\u00e9dia to \u00fasp\u011b\u0161n\u011b zatajuj\u00ed.<\/p>\n<p style=\"text-align: justify;\">Britsk\u00e9 rozhodnut\u00ed vystoupit z\u00a0EU nen\u00ed hloup\u00fdm rozmarem, ale v\u00e1\u017enou polemikou nad t\u00edm, \u017ee n\u00e1kladn\u00e9 p\u0159erozd\u011blov\u00e1n\u00ed dotac\u00ed nen\u00ed dostate\u010dn\u00fdm politick\u00fdm programem, \u017ee projekt evropsk\u00e9 integrace byl od po\u010d\u00e1tku \u0161patn\u011b koncipov\u00e1n a podle v\u0161eho dokonce \u00famysln\u011b.<\/p>\n<p style=\"text-align: justify;\">Model evropsk\u00e9 integrace v\u00a0dne\u0161n\u00ed podob\u011b byl z\u00e1m\u011brn\u011b navr\u017een Jeanem Monnetem tak, aby nekontrolovanou moc z\u00edskali \u00fa\u0159edn\u00edci a aby nebylo mo\u017en\u00e9 \u00famysln\u00fd demokratick\u00fd deficit odstranit. D\u00e1 se to dok\u00e1zat z\u00a0jeho pozn\u00e1mek a korespondece. Ka\u017ed\u00fd, kdo trochu porozum\u011bl mo\u017enostem, jak uspo\u0159\u00e1dat ve\u0159ejnou spr\u00e1vu, potvrd\u00ed, \u017ee neexistuje \u017e\u00e1dn\u00fd mysliteln\u00fd p\u0159echod od st\u00e1vaj\u00edc\u00edho modelu integrace k\u00a0n\u011bjak\u00e9mu nov\u00e9mu, kter\u00fd by odstranil demokratick\u00fd deficit a kter\u00fd by umo\u017e\u0148oval dal\u0161\u00ed v\u00fdvoj.<\/p>\n<p style=\"text-align: justify;\">Evropsk\u00e1 unie je dnes v\u00a0podobn\u00e9 slep\u00e9 uli\u010dce, jako bylo \u010ceskoslovensko na podzim v\u00a0roce 1991. K\u00a0funguj\u00edc\u00ed federaci neexistovala \u017e\u00e1dn\u00e1 cesta, utopick\u00e1 vize dvojdomku byla jen p\u0159eludem, pokra\u010dov\u00e1n\u00ed stavu by znamenalo hospod\u00e1\u0159sk\u00fd rozvrat, nejistota by eskalovala nap\u011bt\u00ed. Jedinou mo\u017enost\u00ed bylo pokojn\u00e9 a pokud mo\u017eno \u00fastavn\u00ed rozd\u011blen\u00ed. Rychl\u00e9 rozd\u011blen\u00ed p\u0159ede\u0161lo r\u016fstu nap\u011bt\u00ed a konflikt\u016fm. Evropsk\u00e1 unie sn\u00ed o tom, \u017ee existuje n\u011bjak\u00fd osmadvacetidomek. Tomu se p\u0159i na\u0161ich zku\u0161enostech mus\u00edme sm\u00e1t. Osmadvacetidomek neexistuje, stejn\u011b jako se nepoda\u0159ilo naj\u00edt ani sebemen\u0161\u00ed n\u00e1znak existence dvojdomku.<\/p>\n<p style=\"text-align: justify;\">Obecn\u011b plat\u00ed, \u017ee p\u0159echod od konfederativn\u00ed spolupr\u00e1ce st\u00e1t\u016f k\u00a0federaci je proces bolestiv\u00fd a nesnadn\u00fd. D\u011bjiny USA n\u00e1m ukazuj\u00ed, \u017ee cesta k\u00a0federalismu vede p\u0159es ukrutnou ob\u010danskou v\u00e1lku. Jen\u017ee tehdy byl st\u00e1t jednoduchou hra\u010dkou proti tomu, co mus\u00ed st\u00e1t zaji\u0161\u0165ovat dnes. Nen\u00ed sebemen\u0161\u00ed d\u016fvod domn\u00edvat se, \u017ee by se mohlo poda\u0159it naj\u00edt za slo\u017eit\u011bj\u0161\u00edch podm\u00ednek pokojn\u011bj\u0161\u00ed cestu.<\/p>\n<p style=\"text-align: justify;\">Ov\u0161em opa\u010dn\u00fd proces, rozd\u011blen\u00ed, \u010di vystoupen\u00ed z\u00a0Unie m\u00e1 tak\u00e9 sv\u00e1 rizika. Vzpome\u0148me, jak do\u0161lo k\u00a0rozpadu Jugosl\u00e1vie. Jako prvn\u00ed vyhl\u00e1silo Slovinsko lidov\u00e9 hlasov\u00e1n\u00ed o vystoupen\u00ed z\u00a0Jugosl\u00e1vie v\u00a0prosinci 1990. Z\u00a0dost nesmysln\u00fdch d\u016fvod\u016f m\u011blo k\u00a0vystoupen\u00ed doj\u00edt a\u017e po p\u016fl roce. Pak se odd\u011blen\u00ed Slovinska odlo\u017eilo o dal\u0161\u00ed t\u0159i m\u011bs\u00edce. Pr\u00e1v\u011b oddalov\u00e1n\u00ed byla z\u00e1sadn\u00ed chyba. Nejistota trvaj\u00edc\u00ed skoro rok vedla k\u00a0vyhrocen\u00ed emoc\u00ed a nakonec do\u0161lo k\u00a0t\u00fddenn\u00ed v\u00e1lce. Proces se opakoval v\u00a0p\u0159\u00edpad\u011b Chorvatska, ale to u\u017e byla v\u00e1lka mnohem del\u0161\u00ed a hor\u0161\u00ed. Na p\u0159\u00edkladech rozpadu Sov\u011btsk\u00e9ho Svazu a Jugosl\u00e1vie je mo\u017en\u00e9 uk\u00e1zat, \u017ee okam\u017eit\u00e9 a rozhodn\u00e9 rozd\u011blen\u00ed prob\u00edh\u00e1 mnohem pokojn\u011bji ne\u017e v\u00a0p\u0159\u00edpadech vlekl\u00e9 nejistoty mezi rozhodnut\u00edm a jeho proveden\u00edm.<\/p>\n<p style=\"text-align: justify;\">Britov\u00e9 jsou pov\u011bt\u0161inou velice slu\u0161n\u00ed lid\u00e9, ale i tak se ukazuje, \u017ee perspektiva dvoulet\u00e9ho \u010dek\u00e1n\u00ed a nejistoty je tou nejhor\u0161\u00ed variantou, jakou si lze p\u0159edstavit. Po cel\u00e9 dva roky bude eskalovat nap\u011bt\u00ed mezi t\u011bmi, kte\u0159\u00ed si brexit p\u0159\u00e1li a t\u011bmi, kdo jej necht\u011bli. Jestli\u017ee se ji\u017e nyn\u00ed objevuje verb\u00e1ln\u00ed napad\u00e1n\u00ed p\u0159ist\u011bhovalc\u016f, je jist\u00e9, \u017ee za dva roky budou tyto emoce mnohn\u00e1sobn\u011b nebezpe\u010dn\u011bj\u0161\u00ed. Nech\u00e1pu autory Lisabonsk\u00e9 smlouvy, kte\u0159\u00ed dvouletou legisvakanci pro referendum o vystoupen\u00ed z\u00a0Unie vymysleli. Pravd\u011bpodobn\u011b si p\u0159\u00e1li, aby vystoupen\u00ed z\u00a0Unie bylo doprov\u00e1zeno utrpen\u00edm, rozvratem, devastac\u00ed hodnot, p\u0159\u00edpadn\u011b i n\u00e1sil\u00edm. Nebo byli neuv\u011b\u0159iteln\u011b hloup\u00ed a nevzd\u011blan\u00ed. Zkusme si vzpomenout, kdo psal n\u00e1vrh evropsk\u00e9 \u00fastavy, ze kter\u00e9 nepatrn\u00fdm pro\u0161krt\u00e1n\u00edm vznikla Lisabonsk\u00e1 smlouva!<\/p>\n<p style=\"text-align: justify;\">Projevy xenofobie nejsou d\u016fsledkem brexitu, jsou d\u016fsledkem nap\u011bt\u00ed, kter\u00e9 politika Evropsk\u00e9 unie vytv\u00e1\u0159\u00ed a kter\u00e9 v\u00a0sob\u011b lid\u00e9 potla\u010duj\u00ed, proto\u017ee upadaj\u00ed do pocit\u016f beznad\u011bje, kdy\u017e na evroskou politiku nemaj\u00ed \u017e\u00e1dn\u00fd vliv a p\u0159itom jsou z\u00a0t\u00e9to politiky up\u0159\u00edmn\u011b n\u011b\u0161\u0165astn\u00ed. Britsk\u00e9 referendum pouze uvolnilo s\u00edly, kter\u00e9 evropsk\u00e1 realita dusila v\u00a0lidsk\u00e9 psychice. St\u00e1tnost a patriotismus nen\u00ed p\u0159e\u017eitek, jak se to pokou\u0161\u00ed po l\u00e9ta l\u00ed\u010dit unijn\u00ed propaganda, svrchovanost a st\u00e1tnost je hluboce psychologicky zakotven\u00e1 s\u00edla, co\u017e mimochodem dob\u0159e popsal Carl Gustav Jung. Dlouhodob\u00e9 potla\u010dov\u00e1n\u00ed nakonec vede k\u00a0uvoln\u011bn\u00ed destruktivn\u00edch sil. Jung popisuje universitn\u00edho profesora, kter\u00fd m\u00e1 jinak velmi m\u00edrumilovnou povahu, ale za jist\u00fdch okolnost\u00ed se dopou\u0161t\u00ed jedn\u00e1n\u00ed, jako t\u0159eba v\u00e1\u0161niv\u00e9ho vol\u00e1n\u00ed po likvidaci \u017eid\u016f, se kter\u00fdm by vlastn\u011b s\u00e1m o sob\u011b za norm\u00e1ln\u00edch okolnost\u00ed v\u016fbec nesouhlasil.<\/p>\n<p style=\"text-align: justify;\">Nen\u00e1vistn\u00e9 emoce se ale uvolnily i na stran\u011b \u00fa\u0159edn\u00edk\u016f a politik\u016f v\u00a0Bruselu, ov\u0161em proti Brit\u00e1nii. Na tyto emoce nasko\u010dila m\u00e9dia svou jednostrannou propagandou. Ji\u017e nyn\u00ed summit Brit\u016fm jednomysln\u011b vzk\u00e1zal, \u017ee nemohou po\u010d\u00edtat s\u00a0\u017e\u00e1dn\u00fdmi v\u00fdhodami, \u017ee jedn\u00e1n\u00ed budou slo\u017eit\u00e1 a zdlouhav\u00e1. To je nejhor\u0161\u00ed zp\u016fsob, jak mohli zareagovat. Odveta. P\u0159esn\u011b tak za\u010d\u00ednala v\u00e1lka v\u00a0Jugosl\u00e1vii.<\/p>\n<p style=\"text-align: justify;\">Proto\u017ee jsme tehdy prostudovali velice podrobn\u011b chyby doprov\u00e1zej\u00edc\u00ed rozpad Sov\u011btsk\u00e9ho Svazu a Jugosl\u00e1vie, v\u011bd\u011bli jsme, \u017ee p\u0159i d\u011blen\u00ed \u010ceskoslovenska bude nutn\u00e1 velkorysost p\u0159eshuj\u00edc\u00ed v\u0161echny na\u0161e p\u0159edstvy, pokud chceme zachovat dobr\u00e9 vztahy mezi \u010ceskou republikou a Slovenskem. Dnes si trouf\u00e1m tvrdit, \u017ee se to povedlo a \u017ee se to vyplatilo. I kdy\u017e jsme n\u011bkdy zat\u00ednali zuby. V\u017edycky jsme si p\u0159ipom\u00ednali, \u017ee sebemen\u0161\u00ed revan\u0161ismus se nevyplat\u00ed ob\u011bma stran\u00e1m.<\/p>\n<p style=\"text-align: justify;\">Proto z\u016fst\u00e1v\u00e1 rozum st\u00e1t z\u00a0nezodpov\u011bdn\u00e9ho jednomysln\u00e9ho vyj\u00e1d\u0159en\u00ed rady p\u0159edsed\u016f vl\u00e1d, \u017ee Brit\u00e1nie m\u016f\u017ee o\u010dek\u00e1vat odvetu. P\u0159itom mus\u00ed b\u00fdt ka\u017ed\u00e9mu jasn\u00e9, \u017ee sebemen\u0161\u00ed pokus o odvetu p\u0159inese \u0161kody utrp\u011bn\u00ed ob\u011bma stran\u00e1m. Pr\u00e1v\u011b tato prvn\u00ed ofici\u00e1ln\u00ed reakce EU ukazuje, jak n\u011b\u0161\u0165asn\u00e1 je politika, kterou EU prov\u00e1d\u00ed, a je i d\u016fvodem, aby dal\u0161\u00ed zem\u011b co nejrychleji Brit\u00e1nii n\u00e1sledovaly. Jedin\u00e9, \u010deho t\u00edm Brusel dos\u00e1hne je to, \u017ee integrace bude rychleji a rychleji ztr\u00e1cet podporu ob\u010dan\u016f.<\/p>\n<p style=\"text-align: justify;\">Rozdlen\u00ed \u010deskoslovensk\u00e9 federace bylo n\u00e1ro\u010dn\u00e9, ale zvl\u00e1dnuteln\u00e9. Nedo\u0161lo k\u00a0dramatick\u00fdm probl\u00e9m\u016fm.\u00a0 Vystoupen\u00ed z\u00a0Unie je nesrovnateln\u011b snadn\u011bj\u0161\u00ed. Nevznikaj\u00ed \u017e\u00e1dn\u00e9 nov\u00e9 subjekty mezin\u00e1rodn\u00edho pr\u00e1va, nep\u00ed\u0161e se \u00fastava, nemus\u00ed vznikat nov\u00e9 \u00fastavn\u00ed po\u0159\u00e1dky, ne\u0159e\u0161\u00ed se sukcese v\u00a0mezin\u00e1rodn\u00edch organisac\u00edch. R\u00e9torika bruselsk\u00fdch byrokrat\u016f, kter\u00e1 stra\u0161\u00ed, jak budou jedn\u00e1n\u00ed slo\u017eit\u00e1, je jenom dal\u0161\u00edm potvrzen\u00edm revan\u0161istick\u00fdch emoc\u00ed.<\/p>\n<p style=\"text-align: justify;\">Z\u00e1jem obou stran p\u0159i jedn\u00e1n\u00ed je z\u0159ejm\u00fd: brit\u0161t\u00ed studenti na \u0161kol\u00e1ch v\u00a0EU si p\u0159ej\u00ed d\u00e1l studovat za stejn\u00fdch podm\u00ednek, evrop\u0161t\u00ed studenti na britsk\u00fdch \u0161kol\u00e1ch si tak\u00e9 p\u0159ej\u00ed studovat d\u00e1l. Je povinnost\u00ed politik\u016f zapomenout na odvetu a rychle podepsat smlouvu, kter\u00e1 p\u0159evede evropskou legislativu v\u00a0oblasti \u0161kolstv\u00ed do podoby mezivl\u00e1dn\u00ed smlouvy. Stejn\u011b tak je tomu ve v\u011bd\u011b, v\u00a0kultu\u0159e, &#8230; evropsk\u00e9 i britsk\u00e9 firmy si p\u0159ej\u00ed d\u00e1l obchodovat a spolupracovat. Nen\u00ed pravda, \u017ee neexistuje \u017e\u00e1dn\u00fd pr\u00e1vn\u00ed r\u00e1mec \u2013 existuj\u00ed z\u00e1vazn\u00e9 dokumenty WTO (Sv\u011btov\u00e9 obchodn\u00ed organizace) a OECD, kter\u00e9 mus\u00ed respektovat EU navzdory sv\u00fdm revan\u0161istick\u00fdm tendenc\u00edm. Pro vyjedn\u00e1v\u00e1n\u00ed ale zcela nesporn\u011b plat\u00ed: \u010c\u00edm v\u00edce bude EU komplikovat brexit, t\u00edm v\u00edce poroste odpor v\u016f\u010di n\u00ed. Nejen v\u00a0Brit\u00e1nii, ale i ve v\u0161ech \u010dlensk\u00fdch zem\u00edch.<\/p>\n<p style=\"text-align: justify;\">Politikov\u00e9 EU a Brusel maj\u00ed dv\u011b mo\u017enosti: Zvolit si jugosl\u00e1vskou nebo \u010deskoslovenskou cestu.\u00a0 Zat\u00edm to ale sp\u00ed\u0161 vypad\u00e1 na cestu jugosl\u00e1vskou.<\/p>\n","protected":false},"excerpt":{"rendered":"<p>Po britsk\u00e9m referendu o brexitu se rozpoutala v\u00a0na\u0161ich m\u00e9di\u00edch nez\u0159\u00edzen\u00e1 kamapa\u0148, kter\u00e1 jednostrann\u011b vykresluje zast\u00e1nce brexitu jako vy\u0161inut\u00e9 extr\u00e9misty a d\u011bl\u00e1 z\u00a0nich hlup\u00e1ky. Nezaregistroval jsem \u00favahy o tom, \u017ee p\u0159\u00ed\u010dinou&#8230; <a class=\"read-more-button\" href=\"https:\/\/www.payne.cz\/WP15\/ceskoslovenska-nebo-jugoslavska-cesta-pri-brexitu\/\">\u010c\u00edst v\u00edce &gt;<\/a><\/p>\n","protected":false},"author":1,"featured_media":0,"comment_status":"closed","ping_status":"closed","sticky":false,"template":"","format":"standard","meta":{"ngg_post_thumbnail":0,"_monsterinsights_skip_tracking":false,"_monsterinsights_sitenote_active":false,"_monsterinsights_sitenote_note":"","_monsterinsights_sitenote_category":0,"footnotes":""},"categories":[3,22,9],"tags":[23,5],"class_list":["post-1242","post","type-post","status-publish","format-standard","hentry","category-clanky","category-eu","category-zahrpol","tag-eu","tag-zahrpol"],"_links":{"self":[{"href":"https:\/\/www.payne.cz\/WP15\/wp-json\/wp\/v2\/posts\/1242","targetHints":{"allow":["GET"]}}],"collection":[{"href":"https:\/\/www.payne.cz\/WP15\/wp-json\/wp\/v2\/posts"}],"about":[{"href":"https:\/\/www.payne.cz\/WP15\/wp-json\/wp\/v2\/types\/post"}],"author":[{"embeddable":true,"href":"https:\/\/www.payne.cz\/WP15\/wp-json\/wp\/v2\/users\/1"}],"replies":[{"embeddable":true,"href":"https:\/\/www.payne.cz\/WP15\/wp-json\/wp\/v2\/comments?post=1242"}],"version-history":[{"count":4,"href":"https:\/\/www.payne.cz\/WP15\/wp-json\/wp\/v2\/posts\/1242\/revisions"}],"predecessor-version":[{"id":1248,"href":"https:\/\/www.payne.cz\/WP15\/wp-json\/wp\/v2\/posts\/1242\/revisions\/1248"}],"wp:attachment":[{"href":"https:\/\/www.payne.cz\/WP15\/wp-json\/wp\/v2\/media?parent=1242"}],"wp:term":[{"taxonomy":"category","embeddable":true,"href":"https:\/\/www.payne.cz\/WP15\/wp-json\/wp\/v2\/categories?post=1242"},{"taxonomy":"post_tag","embeddable":true,"href":"https:\/\/www.payne.cz\/WP15\/wp-json\/wp\/v2\/tags?post=1242"}],"curies":[{"name":"wp","href":"https:\/\/api.w.org\/{rel}","templated":true}]}}