{"id":124,"date":"2015-04-30T15:07:04","date_gmt":"2015-04-30T14:07:04","guid":{"rendered":"http:\/\/www.payne.cz\/WP15\/?p=124"},"modified":"2015-06-01T15:36:57","modified_gmt":"2015-06-01T14:36:57","slug":"titan-ktery-pozira-co-stvoril","status":"publish","type":"post","link":"https:\/\/www.payne.cz\/WP15\/titan-ktery-pozira-co-stvoril\/","title":{"rendered":"Tit\u00e1n, kter\u00fd po\u017e\u00edr\u00e1, co stvo\u0159il"},"content":{"rendered":"<div id=\"attachment_127\" style=\"width: 164px\" class=\"wp-caption alignleft\"><a href=\"http:\/\/www.payne.cz\/WP15\/wp-content\/uploads\/2015\/04\/Goya.jpg\"><img loading=\"lazy\" decoding=\"async\" aria-describedby=\"caption-attachment-127\" class=\"wp-image-127 \" src=\"http:\/\/www.payne.cz\/WP15\/wp-content\/uploads\/2015\/04\/Goya.jpg\" alt=\"Kronos\" width=\"154\" height=\"275\" \/><\/a><p id=\"caption-attachment-127\" class=\"wp-caption-text\">Francisco Jose de Goya y Lucientes: &#8222;Kronos po\u017e\u00edraj\u00edc\u00ed sv\u00e9 dite&#8220;<\/p><\/div>\n<p style=\"text-align: right;\"><span style=\"color: #008080;\">19.4.2009<\/span><\/p>\n<p style=\"text-align: justify;\"><span style=\"color: #808080;\"><em>\u0160rotovn\u00e9, ekologick\u00e9 dan\u011b, recykla\u010dn\u00ed poplatky vytv\u00e1\u0159ej\u00ed z EU Tit\u00e1na, kter\u00fd co vytvo\u0159\u00ed, to zni\u010d\u00ed.<\/em><\/span><\/p>\n<p style=\"text-align: justify;\">V \u0159eck\u00e9 mytologii tit\u00e1nsk\u00fd b\u016fh Kronos, b\u016fh chaosu, po\u017e\u00edral sv\u00e9 vlastn\u00ed d\u011bti. Je symbolem sebezni\u010den\u00ed. Evropsk\u00e9 st\u00e1ty se p\u0159edh\u00e1n\u011bj\u00ed v zav\u00e1d\u011bn\u00ed \u0161rotovn\u00e9ho. Cht\u011bj\u00ed t\u00edm povzbudit ekonomick\u00fd r\u016fst. Statistick\u00e1 m\u011b\u0159\u00edtka \u00fasp\u011b\u0161nosti se \u00fasp\u011b\u0161n\u011b po\u017e\u00edvaj\u00ed jako d\u016fkaz \u010dasto protich\u016fdn\u00fdch tvrzen\u00ed. Plat\u00ed to i o \u0161rotovn\u00e9m. D\u00edky zbyte\u010dn\u011b se\u0161rotovan\u00fdm aut\u016fm se budou muset vyrobit jin\u00e1. Statistiky vyk\u00e1\u017e\u00ed r\u016fst v\u00fdroby i spot\u0159eby. Vytvo\u0159en\u00e1 hodnota, spole\u010dn\u00e9 bohatstv\u00ed, se v\u0161ak p\u0159\u00edli\u0161 nezv\u011bt\u0161\u00ed, n\u00e1klady a d\u016fsledky spojen\u00e9 s v\u00fdrobou nov\u00fdch aut budou soum\u011b\u0159iteln\u00e9 s \u00fadajn\u00fdm p\u0159\u00ednosem spo\u010d\u00edvaj\u00edc\u00edm v omlazen\u00ed vozov\u00e9ho parku.<\/p>\n<p style=\"text-align: justify;\">Obl\u00edben\u00e1 p\u00edse\u0148 prvn\u00edho \u010desk\u00e9ho presidenta Ach synku, synku &#8230; m\u00e1 prostou z\u00e1pletku: otec po\u017eaduje od sv\u00e9ho syna, ze kter\u00e9ho chce m\u00edt dobr\u00e9ho hospod\u00e1\u0159e, aby nechal opravit kole\u010dko, kter\u00e9 pot\u0159ebuje k pr\u00e1ci. Neu\u010d\u00ed ho, aby porouchan\u00fd n\u00e1stroj vyhodil a nahradil nov\u00fdm, sna\u017e\u00ed se ho odnau\u010dit zp\u016fsobu uva\u017eov\u00e1n\u00ed, \u017ee star\u00e9 je nejl\u00e9pe vyhodit. Chce, aby se syn nau\u010dil co nejl\u00e9pe vyu\u017e\u00edvat statky, kter\u00e9 vytvo\u0159ily d\u0159\u00edv\u011bj\u0161\u00ed generace.<\/p>\n<p style=\"text-align: justify;\">Tit\u00e1nsk\u00e9 chov\u00e1n\u00ed Evropsk\u00e9 unie m\u016f\u017eeme vid\u011bt u\u017e \u0159adu let. Nap\u0159\u00edklad od zaveden\u00ed dvoulet\u00e9 z\u00e1ru\u010dn\u00ed lh\u016fty ji\u017e nemus\u00ed v\u00fdrobce zaji\u0161\u0165ovat opravy sv\u00fdch v\u00fdrobk\u016f, co\u017e d\u0159\u00edv e b\u00fdvalo v mnoha zem\u00edch b\u011b\u017en\u00e9. K \u010demu to vede? Spot\u0159ebi\u010d, kter\u00fd si zakoup\u00edte, se po dvou letech a dvou m\u011bs\u00edc\u00edch neopraviteln\u011b rozpadne. Zkuste zaj\u00edt do opravny, dozv\u00edte se, \u017ee nem\u00e1te jinou mo\u017enost, ne\u017e star\u00fd v\u00fdrobek, u kter\u00e9ho jste si v lep\u0161\u00edm p\u0159\u00edpad\u011b ji\u017e p\u0159edplatili se\u0161rotov\u00e1n\u00ed, d\u00e1t ekologicky zlikvidovat a koupit si nov\u00fd.<\/p>\n<p style=\"text-align: justify;\">\u0160rotovac\u00ed a recyklovac\u00ed firmy vykazuj\u00ed rostouc\u00ed obrat, podle statistik stoup\u00e1 produkce, vytv\u00e1\u0159ej\u00ed se nov\u00e1 pracovn\u00ed m\u00edsta. Roste spot\u0159eba energi\u00ed a roste spot\u0159eba surovin. Tlak na vyu\u017e\u00edv\u00e1n\u00ed recyklovan\u00fdch hmot a ekologick\u00e9 dan\u011b na energie se sna\u017e\u00ed tento r\u016fst zpomalit. Recyklace p\u0159edplacen\u00e1 ji\u017e p\u0159i koupi v\u00fdrobku \u0161\u00edlen\u00fd kolob\u011bh urychluje. Vyr\u00e1b\u011bt a ni\u010dit, heslo dne. Objem vytvo\u0159en\u00fdch hodnot v\u0161ak neroste &#8211; nekvalitn\u00ed v\u00fdrobky nahrazujeme stejn\u011b nekvalitn\u00edmi. Statistiky zat\u00edm vytv\u00e1\u0159ej\u00ed dojem, \u017ee ekonomika Evropsk\u00e9 unie funguje, proto\u017ee se neode\u010d\u00edt\u00e1, co bylo zbyte\u010dn\u011b se\u0161rotov\u00e1no. Jen\u017ee ona sp\u00ed\u0161 zaost\u00e1v\u00e1. Glob\u00e1ln\u00ed recese prohlubov\u00e1n\u00ed probl\u00e9m\u016f urychluje.<\/p>\n<p style=\"text-align: justify;\">N\u011bkoho mo\u017en\u00e1 p\u0159ekvap\u00ed \u00fadaje, podle kter\u00fdch za ka\u017ed\u00fdch p\u011bt let pobytu st\u00e1tu v evropsk\u00e9m r\u00e1ji kles\u00e1 r\u016fst p\u0159ibli\u017en\u011b o jedno procento.<\/p>\n<p style=\"text-align: justify;\">Ach synku, synku &#8230; Kdybychom se tak nau\u010dili hospoda\u0159it. V norm\u00e1ln\u00edm politick\u00e9m syst\u00e9mu by vl\u00e1da s takovouto politikou musela d\u00e1vno odej\u00edt, nedo\u017eila by se ani \u0159\u00e1dn\u00e9ho konce sv\u00e9ho volebn\u00edho obdob\u00ed. Evropsk\u00e1 komise v d\u016fsledku sv\u00e9 neodvolatelnosti m\u016f\u017ee takto p\u016fsobit cel\u00e1 desetilet\u00ed.<\/p>\n<p style=\"text-align: justify;\">Ut\u011b\u0161ovat n\u00e1s m\u016f\u017ee z\u00e1v\u011br antick\u00e9 legendy: Kronovy d\u011bti se nakonec vzbou\u0159ily proti sv\u00e9mu otci. Po desetidenn\u00ed v\u00e1lce pod veden\u00edm nesmrteln\u00e9ho Dia sv\u00e9ho otce p\u0159emohly.<\/p>\n","protected":false},"excerpt":{"rendered":"<p>19.4.2009 \u0160rotovn\u00e9, ekologick\u00e9 dan\u011b, recykla\u010dn\u00ed poplatky vytv\u00e1\u0159ej\u00ed z EU Tit\u00e1na, kter\u00fd co vytvo\u0159\u00ed, to zni\u010d\u00ed. V \u0159eck\u00e9 mytologii tit\u00e1nsk\u00fd b\u016fh Kronos, b\u016fh chaosu, po\u017e\u00edral sv\u00e9 vlastn\u00ed d\u011bti. Je symbolem sebezni\u010den\u00ed&#8230;. <a class=\"read-more-button\" href=\"https:\/\/www.payne.cz\/WP15\/titan-ktery-pozira-co-stvoril\/\">\u010c\u00edst v\u00edce &gt;<\/a><\/p>\n","protected":false},"author":2,"featured_media":0,"comment_status":"closed","ping_status":"closed","sticky":false,"template":"","format":"standard","meta":{"ngg_post_thumbnail":0,"_monsterinsights_skip_tracking":false,"_monsterinsights_sitenote_active":false,"_monsterinsights_sitenote_note":"","_monsterinsights_sitenote_category":0,"footnotes":""},"categories":[3,22,16,9],"tags":[23,18,5],"class_list":["post-124","post","type-post","status-publish","format-standard","hentry","category-clanky","category-eu","category-svobodni","category-zahrpol","tag-eu","tag-svobodi","tag-zahrpol"],"_links":{"self":[{"href":"https:\/\/www.payne.cz\/WP15\/wp-json\/wp\/v2\/posts\/124","targetHints":{"allow":["GET"]}}],"collection":[{"href":"https:\/\/www.payne.cz\/WP15\/wp-json\/wp\/v2\/posts"}],"about":[{"href":"https:\/\/www.payne.cz\/WP15\/wp-json\/wp\/v2\/types\/post"}],"author":[{"embeddable":true,"href":"https:\/\/www.payne.cz\/WP15\/wp-json\/wp\/v2\/users\/2"}],"replies":[{"embeddable":true,"href":"https:\/\/www.payne.cz\/WP15\/wp-json\/wp\/v2\/comments?post=124"}],"version-history":[{"count":6,"href":"https:\/\/www.payne.cz\/WP15\/wp-json\/wp\/v2\/posts\/124\/revisions"}],"predecessor-version":[{"id":772,"href":"https:\/\/www.payne.cz\/WP15\/wp-json\/wp\/v2\/posts\/124\/revisions\/772"}],"wp:attachment":[{"href":"https:\/\/www.payne.cz\/WP15\/wp-json\/wp\/v2\/media?parent=124"}],"wp:term":[{"taxonomy":"category","embeddable":true,"href":"https:\/\/www.payne.cz\/WP15\/wp-json\/wp\/v2\/categories?post=124"},{"taxonomy":"post_tag","embeddable":true,"href":"https:\/\/www.payne.cz\/WP15\/wp-json\/wp\/v2\/tags?post=124"}],"curies":[{"name":"wp","href":"https:\/\/api.w.org\/{rel}","templated":true}]}}