{"id":1211,"date":"2015-08-31T10:24:09","date_gmt":"2015-08-31T09:24:09","guid":{"rendered":"http:\/\/www.payne.cz\/WP15\/?p=1211"},"modified":"2015-08-31T15:42:32","modified_gmt":"2015-08-31T14:42:32","slug":"s-nami-do-evropy-2","status":"publish","type":"post","link":"https:\/\/www.payne.cz\/WP15\/s-nami-do-evropy-2\/","title":{"rendered":"S n\u00e1mi do Evropy"},"content":{"rendered":"<p style=\"text-align: justify;\">Je to jen poh\u00e1dka, ale poh\u00e1dky m\u00edvaj\u00ed ponau\u010den\u00ed.\u00a0Poh\u00e1dka o ko\u0159enech masov\u00e9 migrace aneb m\u016f\u017eeme si za to sami.<\/p>\n<p style=\"text-align: justify;\"><span style=\"color: #008080;\">Tak\u00e9 sledujete z\u00e1vody politik\u016f, kte\u0159\u00ed kritizuj\u00ed neschopnost EU poradit si p\u0159\u00edchodem uprchl\u00edk\u016f? Ka\u017ed\u00fd z\u00a0nich nakonec prohl\u00e1s\u00ed, \u017ee je pot\u0159eba \u0159e\u0161it p\u0159\u00ed\u010diny, \u017ee n\u00e1sledky efektivn\u011b zastavit nedovedeme. Ale \u017e\u00e1dn\u00fd z\u00a0nich u\u017e se rad\u011bji nezab\u00fdv\u00e1 \u00favahou, kdo kde a kdy n\u011bco zanedbal, \u017ee se probl\u00e9m tak rozrostl. \u017d\u00e1dn\u00fd z\u00a0politik\u016f ne\u0159\u00edk\u00e1: dvacet let v\u00edme, o t\u00e9to hrozb\u011b, ale nic jsme neud\u011blali. Abychom pochopili ko\u0159eny, kter\u00e9 plod\u00ed masovou migraci, abychom si uv\u011bdomili, \u017ee jsme si to cel\u00e9 zp\u016fsobili sami, zkusme si p\u0159edstavit skupinku bedu\u00edn\u016f p\u0159ed rokem n\u011bkde na bl\u00edzk\u00e9m V\u00fdchod\u011b, kte\u0159\u00ed sed\u00ed ve\u010der kolem ohn\u011b a pov\u00eddaj\u00ed si. Nebo <span style=\"color: #008000;\">mo\u017en\u00e1<\/span> n\u011bkde na severn\u00edm pob\u0159e\u017e\u00ed Afriky sed\u00ed a bafaj\u00ed z\u00a0vodn\u00ed d\u00fdmky. Nebo nejl\u00e9pe v\u00a0kav\u00e1rn\u011b v\u00a0Dama\u0161ku.\u00a0<\/span><\/p>\n<div id=\"attachment_1212\" style=\"width: 460px\" class=\"wp-caption aligncenter\"><a href=\"http:\/\/www.payne.cz\/WP15\/wp-content\/uploads\/vodni-dymky-1.jpg\"><img loading=\"lazy\" decoding=\"async\" aria-describedby=\"caption-attachment-1212\" class=\"wp-image-1212 size-full\" src=\"http:\/\/www.payne.cz\/WP15\/wp-content\/uploads\/vodni-dymky-1.jpg\" alt=\"kavarna\" width=\"450\" height=\"337\" srcset=\"https:\/\/www.payne.cz\/WP15\/wp-content\/uploads\/vodni-dymky-1.jpg 450w, https:\/\/www.payne.cz\/WP15\/wp-content\/uploads\/vodni-dymky-1-300x225.jpg 300w\" sizes=\"auto, (max-width: 450px) 100vw, 450px\" \/><\/a><p id=\"caption-attachment-1212\" class=\"wp-caption-text\">Zdroj: Internet<\/p><\/div>\n<p style=\"text-align: justify;\"><em>\u201eTak\u00e9 v\u00e1s tak \u0161tve nadutost Evropan\u016f? Mysl\u00ed si, \u017ee jsou vrcholem lidsk\u00fdch d\u011bjin. Dokonce maj\u00ed takov\u00e9 p\u0159\u00edslov\u00ed: p\u00fdcha p\u0159edch\u00e1z\u00ed p\u00e1d,\u201c<\/em>\u00a0nadhod\u00ed Ahmed, kter\u00e9ho v\u0161ichni uzn\u00e1vaj\u00ed jako l\u00eddra.<\/p>\n<p style=\"text-align: justify;\"><em>\u201eAle v\u016fbec se podle toho ne\u0159\u00edd\u00ed,\u201c<\/em>\u00a0hned se p\u0159id\u00e1 D\u017eemal.\u00a0<em>\u201eMysl\u00ed si, \u017ee budou panovat nav\u017edy.\u201c<\/em><\/p>\n<p style=\"text-align: justify;\">V\u017edy nad\u0161en\u00fd J\u00fasuf si povzdechne:\u00a0<em>\u201eBylo by dobr\u00e9 zmocnit se jejich bohatstv\u00ed, ale na to nem\u00e1me dost tank\u016f.\u201c<\/em><\/p>\n<p style=\"text-align: justify;\"><em>\u201eNepov\u00eddej takov\u00e9 hlouposti, J\u00fasufe, na Evropu nesta\u010d\u00ed tanky, maj\u00ed lep\u0161\u00ed zbran\u011b, ne\u017e na jak\u00e9 se my kdy vzm\u016f\u017eeme,\u201c<\/em>\u00a0umrav\u0148uje ho Ahmed sed\u00edc\u00ed pod reklamou na Coca-colu.<\/p>\n<p style=\"text-align: justify;\">Na to reaguje Mustafa:\u00a0<em>\u201eM\u00e1me m\u00e1lo \u010dasu, za dva t\u0159i roky za\u010dne Evropa jezdit na elekt\u0159inu m\u00edsto na naftu a na\u0161i bohat\u00ed brat\u0159i zchudnou. Kdo n\u00e1m pak koup\u00ed zbran\u011b? Kdo se postar\u00e1 o na\u0161e d\u011bti?\u201c\u00a0<\/em><\/p>\n<p style=\"text-align: justify;\">P\u0159em\u00fd\u0161liv\u00fd Masud hned vzru\u0161en\u011b kombinuje:\u00a0<em>\u201eUva\u017euji, \u017ee zbran\u011bmi bychom nikdy ni\u010deho nedos\u00e1hli. I kdy\u017e k\u00a0n\u011bjak\u00e9 raket\u011b se jist\u011b dostaneme, je to jen ot\u00e1zka \u010dasu. Ale i tak, po desetilet\u00ed a mo\u017en\u00e1 po stalet\u00ed budou m\u00edt v\u00a0Evrop\u011b a v\u00a0USA lep\u0161\u00ed zbran\u011b, ne\u017e my. Mus\u00edme hledat jinou mo\u017enost!\u201c<\/em><\/p>\n<p style=\"text-align: justify;\">J\u00fasuf mu sk\u00e1\u010de do \u0159e\u010di:\u00a0<em>\u201eSe\u017eeneme balistickou raketu a jadernou hlavici a pak si budeme diktovat podm\u00ednky.\u201c<\/em><\/p>\n<p style=\"text-align: justify;\">Masud ho op\u011bt opravuje:<em>\u00a0\u201eJ\u00fasufe, raketa dolet\u00ed od n\u00e1s tak nanejv\u00fd\u0161 do Prahy, do Bratislavy nebo do V\u00eddn\u011b. V\u00edde\u0148 je neutr\u00e1ln\u00ed, Bratislava je moc mal\u00e1, Praha je z\u00a0nich nejzaj\u00edmav\u011bj\u0161\u00ed, ale i tu by spojenci ob\u011btovali.\u00a0J\u00e1 hled\u00e1m n\u011bjakou mo\u017enost zcela jin\u00e9ho druhu.\u201c<\/em><\/p>\n<p style=\"text-align: justify;\">F\u00e1r\u00fak si pot\u00e1hne z\u00a0vodn\u00ed d\u00fdmky a komentuje:\u00a0<em>\u201eNa v\u0161echno jsou p\u0159ipraven\u00ed, je ni\u010d\u00edm nep\u0159ekvap\u00ed\u0161.\u201c<\/em><\/p>\n<p style=\"text-align: justify;\">Masud vyfoukne kou\u0159 a zaduman\u011b pov\u00edd\u00e1:\u00a0<em>\u201eMus\u00edme je porazit jejich vlastn\u00edm strachem.\u201c<\/em>Potom vyt\u00e1hne z\u00a0mo\u0161ny leto\u0161n\u00ed typ po\u010d\u00edta\u010de MacBook Pro 15 a chv\u00edli baf\u00e1 z\u00a0d\u00fdmky a hled\u00e1 na internetu.<em>\u00a0\u201eJejich nejv\u011bt\u0161\u00ed slabost\u00ed je to, \u017ee nemaj\u00ed v\u00edru. Pro n\u00e1s je slovo n\u011bco podobn\u00e9ho jako v\u011bc, jako k\u00e1men.\u00a0Pro n\u011b v\u00a0Evrop\u011b nem\u00e1 slovo \u017e\u00e1dnou cenu. Nedodr\u017euj\u00ed sv\u00e9 vlastn\u00ed z\u00e1kony, poru\u0161uj\u00ed dan\u00e9 slovo, sami nev\u011bd\u00ed, \u010demu maj\u00ed v\u011b\u0159it.\u201c<\/em><\/p>\n<p style=\"text-align: justify;\">F\u00e1r\u00fak ale okam\u017eit\u011b pochybuje:<em>\u00a0\u201eV\u017edy\u0165 Evropa je k\u0159es\u0165ansk\u00fd kontinent, jak to \u017ee nemaj\u00ed v\u00edru?\u201c<\/em><\/p>\n<p style=\"text-align: justify;\"><em>\u201eMaj\u00ed c\u00edrkve, kter\u00fdm nikdo nev\u011b\u0159\u00ed, m\u00edsto slu\u017eby shroma\u017e\u010fuj\u00ed bohatstv\u00ed. Mluv\u00ed o ob\u011bti, ale nikoho k\u00a0ob\u011bti nep\u0159esv\u011bd\u010d\u00ed. M\u00edsto v\u00edry \u0161\u00ed\u0159\u00ed propagandu\u201c<\/em>, vysv\u011btluje Masud.<\/p>\n<p style=\"text-align: justify;\"><em>\u201eV k\u0159es\u0165anstv\u00ed maj\u00ed sedm smrteln\u00fdch h\u0159\u00edch\u016f. Ka\u017ed\u00fd z\u00a0nich dok\u00e1\u017ee zni\u010dit \u010dlov\u011bka i civilizaci. Jsou to p\u00fdcha, hn\u011bv, z\u00e1vist, smilstvo, ob\u017eerstv\u00ed, lenost, lakomstv\u00ed. M\u00e1\u0161 pocit, \u017ee existuje jeden jedin\u00fd z\u00a0nich, kter\u00fdm by Evropan\u00e9 netrp\u011bli? Jak\u00e9 je to n\u00e1bo\u017eenstv\u00ed, kter\u00e9 bezmocn\u011b z\u00edr\u00e1 na to, jak se smrteln\u00e9 h\u0159\u00edchy \u0161\u00ed\u0159\u00ed?\u201c\u00a0<\/em>dopl\u0148uje vzd\u011blan\u00fd Masud.<\/p>\n<p style=\"text-align: justify;\"><em>\u201eNa\u0161e n\u00e1bo\u017eenstv\u00ed je pevn\u00e9, brzy ovl\u00e1dneme i Evropu. Na\u0161e v\u00edra je \u017eiv\u00e1, All\u00e1h je svat\u00fd.\u00a0Jak se \u0159\u00edk\u00e1 v\u00a0arab\u0161tin\u011b: \u201aJsou znalosti z\u00a0knih, ale je tak\u00e9 znalost chuti\u2018,\u201c<\/em>\u00a0deklaruje Mustafa.<\/p>\n<p style=\"text-align: justify;\">Masud souhlas\u00ed:<em>\u00a0\u201eMaj\u00ed jen znalosti z\u00a0knih, v\u00edru nikdy neokusili. Je na\u0161\u00edm posl\u00e1n\u00edm p\u0159in\u00e9st jim pravou v\u00edru.\u201c\u00a0<\/em>A d\u00e1l hled\u00e1 na internetu, v\u00a0kav\u00e1rn\u011b je toti\u017e bezdr\u00e1tov\u00e9 p\u0159ipojen\u00ed.<\/p>\n<p style=\"text-align: justify;\">Hasan usrkuje vychladlou k\u00e1vu s\u00a0kardamomem, pokyvuje hlavou a dod\u00e1v\u00e1:<em>\u00a0\u201eBez v\u00edry zv\u00edt\u011bz\u00ed korupce. Zni\u010d\u00ed sami sebe. Pro n\u00e1s je slovo stejn\u011b d\u016fle\u017eit\u00e9 jako v\u011bc. J\u00e1 je\u0161t\u011b doned\u00e1vna v\u011b\u0159il, \u017ee kdy\u017e se Evropsk\u00e1 unie vlo\u017eila do na\u0161\u00ed v\u00e1lky s Ba\u0161\u00e1rem al-Asadem, kdy\u017e n\u00e1m dali slovo, \u017ee n\u00e1m opravdu pom\u016f\u017ee, ale oni zradili v\u0161echny nad\u011bje, kter\u00e9 v\u00a0n\u00e1s vyvolali. Nikdo u\u017e tady nem\u00e1 nad\u011bji, nikdo u\u017e Evrop\u011b ned\u016fv\u011b\u0159uje.\u201c\u00a0<\/em><\/p>\n<p style=\"text-align: justify;\">Ahmed smutn\u011b p\u0159ikyvuje:<em>\u00a0\u201eM\u00e1\u0161 pravdu Hasane, \u00fapln\u011b stejn\u011b naslibovali podporu Ukrajinc\u016fm a pak jim nepomohli. Tis\u00edc a jeden p\u0159edpis pro n\u00e1s i pro Ukrajinu zavedli, abychom nemohli prod\u00e1vat na\u0161e zbo\u017e\u00ed na jejich trhu. Uzav\u0159eli se jako pevnost. U\u017e ani s\u00a0Ruskem neobchoduj\u00ed.\u201c<\/em><\/p>\n<p style=\"text-align: justify;\"><em>\u201eV\u0161ak tak\u00e9 tis\u00edce uprchl\u00edk\u016f ut\u00edkaj\u00ed z\u00a0Ukrajiny do Evropy\u201c<\/em>, dopl\u0148uje Hasan.<\/p>\n<p style=\"text-align: justify;\">Pauzu p\u0159eru\u0161\u00ed vzru\u0161en\u00fd Masud\u016fv hlas:<em>\u00a0\u201eU\u017e to m\u00e1m! Vmyslel jsem to! Poraz\u00edme je jejich vlastn\u00edm strachem. U\u017e v\u00edc ne\u017e dvacet let se Evropa boj\u00ed masov\u00e9 migra\u010dn\u00ed vlny, \u017ee p\u0159ijdou miliony uprchl\u00edk\u016f a \u017ee tak skon\u010d\u00ed evropsk\u00e1 civilizace. Maj\u00ed to ve sv\u00fdch bezpe\u010dnostn\u00edch strategi\u00edch, tak t\u0159eba tady m\u00e1m \u010deskou strategii z\u00a0roku 2011.\u201c<\/em>\u00a0Ukazuje na displej po\u010d\u00edta\u010de a pokra\u010duje:<em>\u00a0\u201eP\u00ed\u0161ou tady v bod\u011b 24: \u201aNad\u00e1le porostou bezpe\u010dnostn\u00ed dopady demografick\u00fdch zm\u011bn. Probl\u00e9my spojen\u00e9 s chudobou a nedostatkem z\u00e1kladn\u00edch pot\u0159eb a slu\u017eeb v regionech s vysok\u00fdm a rychl\u00fdm n\u00e1r\u016fstem populace mohou v\u00fdrazn\u011b zv\u00fd\u0161it pravd\u011bpodobnost v\u00fdskytu extremismu, kriminality, lok\u00e1ln\u00edch ozbrojen\u00fdch konflikt\u016f a masov\u00e9 nekontrolovateln\u00e9 migrace.\u2018 Toho se opravdu boj\u00ed. A skute\u010dnost je mnohem hor\u0161\u00ed, ne\u017e jak si ji p\u0159edstavovali. Sami neposlouchaj\u00ed sv\u00e1 vlastn\u00ed slova. Boj\u00ed se, dvacet let m\u011bli \u010das se p\u0159ipravit, ale nic neud\u011blali. Naopak, zru\u0161ili hranice a ud\u011blali si Schengensk\u00fd syst\u00e9m cestov\u00e1n\u00ed bez kontroly. Nepochopili, \u017ee je doba stav\u011bn\u00ed plot\u016f a ne ru\u0161en\u00ed hranic. Vym\u011bnili voln\u00e9 cestov\u00e1n\u00ed za to, \u017ee ka\u017ed\u00fd st\u00e1t bude m\u00edt nav\u00edc sou\u010det probl\u00e9m\u016f v\u0161ech ostatn\u00edch st\u00e1t\u016f. Na vn\u011bj\u0161\u00ed hranici bude sou\u010det probl\u00e9m\u016f tak velk\u00fd, \u017ee to nikdo nedok\u00e1\u017ee zvl\u00e1dnout. Jejich prolhan\u00ed politikov\u00e9 jim zapomn\u011bli vysv\u011btlit, \u017ee takov\u00fd syst\u00e9m m\u016f\u017ee fungovat za jedin\u00e9ho p\u0159edpokladu: \u017ee jsou p\u0159ipraveni st\u0159\u00edlet po lidech, kte\u0159\u00ed ileg\u00e1ln\u011b p\u0159ekro\u010d\u00ed hranici. A to v\u00a0Evrop\u011b nikdy neud\u011blaj\u00ed, maj\u00ed sv\u00e9 teorie o lidsk\u00fdch pr\u00e1vech a nechaj\u00ed se kv\u016fli nim i zni\u010dit. Kdy\u017e vyvol\u00e1me masovou migra\u010dn\u00ed vlnu, dostane se Evropa do pasti. Bu\u010f budou muset zradit sv\u00e9 vlastn\u00ed ide\u00e1ly a p\u0159estat respektovat lidsk\u00e1 pr\u00e1va, pak pou\u017eij\u00ed proti imigrant\u016fm n\u00e1sil\u00ed, slzn\u00fd plyn, obu\u0161ky, v\u011bzen\u00ed, ostnat\u00e9 dr\u00e1ty a tak \u2026 a to u\u017e jim nezbyde v\u016fbec \u017e\u00e1dn\u00e1 hodnota, a bez hodnot syst\u00e9m tis\u00edce a jednoho p\u0159edpisu dlouho nevydr\u017e\u00ed. Nebo se pokus\u00ed uprchl\u00edky p\u0159ijmout, ale na to nesta\u010d\u00ed ekonomicky. Budou p\u0159ich\u00e1zet dal\u0161\u00ed a dal\u0161\u00ed z\u00e1stupy. Poperou se nakonec mezi sebou a budou slab\u00ed. Ti pohostinn\u00ed, kte\u0159\u00ed by cht\u011bli uprchl\u00edk\u016fm pom\u00e1hat, se budou odvol\u00e1vat na k\u0159es\u0165ansk\u00e9 hodnoty. Budou plan\u011b moralizovat: mus\u00edme jim pom\u00e1hat, mus\u00edme zachovat na\u0161e hodnoty, mus\u00edme, mus\u00edme, mus\u00edme \u2026 Ale jejich hodnoty u\u017e d\u00e1vno neexistuj\u00ed. Dobr\u00e9 skutky se p\u0159ece d\u011blaj\u00ed z\u00a0vlastn\u00edch pen\u011bz a osobn\u011b, pak otv\u00edraj\u00ed cestu do nebe. Kdy\u017e za\u010dne dobr\u00e9 skutky d\u011blat st\u00e1t, je to jeho konec. A ti pohostinn\u00ed ale nebudou volat po tom, aby jednotliv\u00e9 rodiny pomohly, budou volat po tom, aby pom\u00e1hal st\u00e1t, proto\u017ee jejich srdce ztvrdlo a zaho\u0159klo. A \u010d\u00edm v\u00edc budou volat, aby pomohl st\u00e1t, t\u00edm v\u00edce zni\u010d\u00ed ko\u0159eny k\u0159es\u0165ansk\u00e9 v\u00edry. M\u00e1me je v\u00a0pasti!\u201c<\/em>\u00a0vol\u00e1 Masud nad\u0161en\u011b.<\/p>\n<p style=\"text-align: justify;\">Skeptick\u00fd F\u00e1r\u00fak \u0159\u00edk\u00e1:\u00a0<em>\u201e A jak chce\u0161 vyvolat masovou migra\u010dn\u00ed vlnu? Vytiskne\u0161 n\u00e1borov\u00e9 let\u00e1ky, zalo\u017e\u00ed\u0161 cestovn\u00ed agenturu, nebo jak?\u201c<\/em><\/p>\n<p style=\"text-align: justify;\"><em>\u201eOboj\u00ed,\u201c<\/em>\u00a0kontruje Masud,\u00a0<em>\u201em\u00edsto let\u00e1k\u016f n\u00e1m sta\u010d\u00ed esemeska od ka\u017ed\u00e9ho, o koho se dob\u0159e postarali, s\u00a0pozv\u00e1n\u00edm, aby tak\u00e9 p\u0159ijeli, rozeslan\u00e1 v\u0161em kamar\u00e1d\u016fm a zn\u00e1m\u00fdm. Tis\u00edce lid\u00ed se dobrovoln\u011b zvednou a p\u016fjdou do Evropy.\u201c<\/em><\/p>\n<p style=\"text-align: justify;\"><em>\u201eA jak se tam dostanou?\u201c<\/em>\u00a0pt\u00e1 se F\u00e1r\u00fak.<\/p>\n<p style=\"text-align: justify;\"><em>\u201eTo je ta cestovn\u00ed agentura. Stovky na\u0161ich dobrovoln\u00edk\u016f budou organizovat p\u0159echod p\u0159es mo\u0159e a p\u0159es hranice do Evropy. Dob\u0159e si p\u0159i tom vyd\u011blaj\u00ed, zkorumpuj\u00ed celn\u00edky, policisty a \u00fa\u0159edn\u00edky, to nebude probl\u00e9m\u201c<\/em>\u00a0up\u0159es\u0148uje Masud.<\/p>\n<p style=\"text-align: justify;\"><em>\u201eA co kdy\u017e se n\u011bkter\u00e9 nepoda\u0159\u00ed zkorumpovat, co kdy\u017e n\u011bjac\u00ed zkorumpovan\u00ed zrad\u00ed na\u0161e dobrovoln\u00edky jako zradili svou vlastn\u00ed zemi a co kdy\u017e p\u0159i tom tis\u00edce na\u0161inc\u016f p\u0159ijdou o \u017eivot?\u201c<\/em>\u00a0zase pochybuje F\u00e1r\u00fak.<\/p>\n<p style=\"text-align: justify;\"><em>\u201eNastanou takov\u00e9 p\u0159\u00edpady, fotografie takov\u00fdch se dostanou do televize, do novin, cel\u00fd sv\u011bt si bude zv\u011bdav\u011b prohl\u00ed\u017eet fotografie a z\u00e1b\u011bry mrtv\u00fdch a trp\u00edc\u00edch. N\u011bkte\u0159\u00ed si s\u00a0nimi po\u0159\u00edd\u00ed selfies. A tak je\u0161t\u011b v\u00edce poroste jejich strach. Ti, kte\u0159\u00ed zem\u0159ou v\u00a0All\u00e1hov\u011b v\u011bci, budou spaseni, a kv\u016fli jejich smrti se k\u0159es\u0165an\u00e9 poh\u00e1daj\u00ed, bratr proti bratru. Ne\u017e se domluv\u00ed, budou uprchl\u00edk\u016f miliony,\u201c d<\/em>\u00e1l rozv\u00edj\u00ed svou vizi Masud.<\/p>\n<p style=\"text-align: justify;\"><em>\u201eD\u00edky brat\u0159e, na\u0161el jsi slabiny k\u0159es\u0165ansk\u00e9 civilizace. M\u00e1\u0161 pravdu, \u017ee je v\u00a0pasti. Letos budou uprchl\u00edk\u016f jen statis\u00edce, ale p\u0159\u00ed\u0161t\u00ed rok to u\u017e budou miliony.\u201c<\/em><\/p>\n<p style=\"text-align: justify;\">Energick\u00fd Hasan u\u017e dr\u017e\u00ed v\u00a0ruce sv\u016fj mobil a rozes\u00edl\u00e1 zpr\u00e1vy. Praktick\u00fd Mustafa u\u017e vymyslel heslo:\u00a0<strong><em>\u201aS\u00a0n\u00e1mi do Evropy!\u2018<\/em><\/strong><strong>\u00a0<\/strong>Ahmed postupn\u011b obejme jednoho po druh\u00e9m a ka\u017ed\u00e9mu po\u0161ept\u00e1:\u00a0<em>\u201eJdi a ud\u011blej, co jsi sly\u0161el.\u201c<\/em><\/p>\n","protected":false},"excerpt":{"rendered":"<p>Je to jen poh\u00e1dka, ale poh\u00e1dky m\u00edvaj\u00ed ponau\u010den\u00ed.\u00a0Poh\u00e1dka o ko\u0159enech masov\u00e9 migrace aneb m\u016f\u017eeme si za to sami. Tak\u00e9 sledujete z\u00e1vody politik\u016f, kte\u0159\u00ed kritizuj\u00ed neschopnost EU poradit si p\u0159\u00edchodem uprchl\u00edk\u016f?&#8230; <a class=\"read-more-button\" href=\"https:\/\/www.payne.cz\/WP15\/s-nami-do-evropy-2\/\">\u010c\u00edst v\u00edce &gt;<\/a><\/p>\n","protected":false},"author":2,"featured_media":0,"comment_status":"closed","ping_status":"closed","sticky":false,"template":"","format":"standard","meta":{"ngg_post_thumbnail":0,"_monsterinsights_skip_tracking":false,"_monsterinsights_sitenote_active":false,"_monsterinsights_sitenote_note":"","_monsterinsights_sitenote_category":0,"footnotes":""},"categories":[3],"tags":[],"class_list":["post-1211","post","type-post","status-publish","format-standard","hentry","category-clanky"],"_links":{"self":[{"href":"https:\/\/www.payne.cz\/WP15\/wp-json\/wp\/v2\/posts\/1211","targetHints":{"allow":["GET"]}}],"collection":[{"href":"https:\/\/www.payne.cz\/WP15\/wp-json\/wp\/v2\/posts"}],"about":[{"href":"https:\/\/www.payne.cz\/WP15\/wp-json\/wp\/v2\/types\/post"}],"author":[{"embeddable":true,"href":"https:\/\/www.payne.cz\/WP15\/wp-json\/wp\/v2\/users\/2"}],"replies":[{"embeddable":true,"href":"https:\/\/www.payne.cz\/WP15\/wp-json\/wp\/v2\/comments?post=1211"}],"version-history":[{"count":4,"href":"https:\/\/www.payne.cz\/WP15\/wp-json\/wp\/v2\/posts\/1211\/revisions"}],"predecessor-version":[{"id":1218,"href":"https:\/\/www.payne.cz\/WP15\/wp-json\/wp\/v2\/posts\/1211\/revisions\/1218"}],"wp:attachment":[{"href":"https:\/\/www.payne.cz\/WP15\/wp-json\/wp\/v2\/media?parent=1211"}],"wp:term":[{"taxonomy":"category","embeddable":true,"href":"https:\/\/www.payne.cz\/WP15\/wp-json\/wp\/v2\/categories?post=1211"},{"taxonomy":"post_tag","embeddable":true,"href":"https:\/\/www.payne.cz\/WP15\/wp-json\/wp\/v2\/tags?post=1211"}],"curies":[{"name":"wp","href":"https:\/\/api.w.org\/{rel}","templated":true}]}}