{"id":1126,"date":"2015-06-08T02:59:51","date_gmt":"2015-06-08T01:59:51","guid":{"rendered":"http:\/\/www.payne.cz\/WP15\/?p=1126"},"modified":"2015-06-08T08:48:29","modified_gmt":"2015-06-08T07:48:29","slug":"vystoupeni-ke-zprave-jana-kavana-o-postupu-negociaci-s-eu","status":"publish","type":"post","link":"https:\/\/www.payne.cz\/WP15\/vystoupeni-ke-zprave-jana-kavana-o-postupu-negociaci-s-eu\/","title":{"rendered":"Vystoupen\u00ed ke zpr\u00e1v\u011b Jana Kavana o postupu negociac\u00ed s EU"},"content":{"rendered":"<p style=\"text-align: right;\"><span style=\"color: #008080;\">2.3.2001<\/span><\/p>\n<p style=\"text-align: justify;\">D\u00e1my a p\u00e1nov\u00e9, v\u00e1\u017een\u00e1 Sn\u011bmovno. Ponechme stranou sebechv\u00e1lu, kterou n\u00e1s zahrnul ministr p\u0159i sv\u00e9m vystoupen\u00ed zde ve sn\u011bmovn\u011b, kde celkem sedmkr\u00e1t pou\u017eil superlativ\u016f v hodnocen\u00ed sv\u00e9 pr\u00e1ce. Polo\u017eme si v\u0161ak ot\u00e1zku\u00a0<strong>&#8211; je ta sebechv\u00e1la ministra zahrani\u010d\u00ed opr\u00e1vn\u011bn\u00e1, pravdiv\u00e1, objektivn\u00ed a podlo\u017een\u00e1?<\/strong>\u00a0Dovolte, abych se nad t\u00edmto zamyslel.<\/p>\n<p style=\"text-align: justify;\"><strong>\u00a0<\/strong>Za prv\u00e9,\u00a0<strong>co se vlastn\u011b odehr\u00e1v\u00e1 mezi \u010ceskou republikou a Evropskou uni\u00ed?<\/strong>\u00a0Budu citovat z projevu pana ministra<em>: &#8222;V o\u010dek\u00e1v\u00e1n\u00ed t\u00e9to f\u00e1ze p\u0159istoupila vl\u00e1da s p\u0159edstihem k procesu, na jeho\u017e prozat\u00edmn\u00edm konci je aktualizace mand\u00e1tu pro jedn\u00e1n\u00ed.&#8220;<\/em>\u00a0D\u00e1le ve sv\u00e9m vystoupen\u00ed je\u0161t\u011b \u010dty\u0159ikr\u00e1t se zm\u00ednil o tomto t\u00e9matu. Nakonec shrnul:\u00a0<strong><em>&#8222;Celkem jsme ozn\u00e1mili zru\u0161en\u00ed sedmi \u017e\u00e1dost\u00ed o p\u0159echodn\u00e1 obdob\u00ed.&#8220;<\/em><\/strong><\/p>\n<p style=\"text-align: justify;\"><strong>1. Metodika vyjedn\u00e1v\u00e1n\u00ed<\/strong><\/p>\n<p style=\"text-align: justify;\">Pan ministr na jin\u00e9m m\u00edst\u011b sv\u00e9ho vystoupen\u00ed horoval za\u00a0<em>&#8222;transparentnost p\u0159\u00edstupov\u00e9ho procesu, kter\u00e9mu p\u0159ikl\u00e1d\u00e1m ostatn\u011b velk\u00fd v\u00fdznam&#8220;<\/em>. Cituji doslova. Kde je ta transparentnost, kdy\u017e se ministr neobt\u011b\u017eoval n\u00e1s sezn\u00e1mit, kter\u00fdch sedm p\u0159echodn\u00fdch obdob\u00ed bylo zru\u0161eno? Ani slovo o tom. Omlouv\u00e1m se, ale sn\u00eddan\u011b pro mne nen\u00ed parlamentn\u00ed org\u00e1n a to, co zazn\u011blo na sn\u00eddani n\u011bkde na ministerstvu, pro mne nen\u00ed parlamentn\u00ed argument. Pan ministr je povinen seznamovat s prac\u00ed sv\u00e9ho ministerstva parlament, zahrani\u010dn\u00ed v\u00fdbor a ve\u0159ejnost. Pan\u00a0ministr p\u0159ed ve\u0159ejnost\u00ed utajil, ve kter\u00fdch v\u011bcech vl\u00e1da ustoupila. Kde je ta po\u017eadovan\u00e1 transparentnost?<\/p>\n<p style=\"text-align: justify;\">Ministr ve sv\u00e9m vystoupen\u00ed \u0159ekl:\u00a0<em>&#8222;\u010cesk\u00e1 republika chce b\u00fdt mezi prvn\u00edmi kandid\u00e1tsk\u00fdmi zem\u011bmi, kter\u00e9 vstoup\u00ed do unie.&#8220;<\/em>\u00a0Neuvedl \u017e\u00e1dnou podm\u00ednku, neuvedl \u017e\u00e1dn\u00fd popis situace, za kter\u00e9 bychom si tak p\u0159\u00e1li. On to prost\u011b tvrd\u00ed. Neuvedl jedin\u00fd argument. P\u0159edstavme si modelov\u011b, abychom otestovali, zda ministr m\u00e1, nebo nem\u00e1 pravdu, p\u0159edstavme si modelov\u011b situaci, \u017ee n\u011bkter\u00e9 jin\u00e9 kandid\u00e1tsk\u00e9 zem\u011b ve snaze dostat se do unie za ka\u017edou cenu p\u0159istoup\u00ed na podm\u00ednky, kter\u00e9 budou\u00a0pro jejich zemi nev\u00fdhodn\u00e9. Chceme i v takov\u00e9 situaci b\u00fdt prvn\u00ed? Chceme vstoupit do unie i za cenu, \u017ee n\u00e1m to p\u0159inese jenom \u0161kody?\u00a0A to dlouhodob\u00e9 \u0161kody? Ministr z\u0159ejm\u011b o takov\u00fdch alternativ\u00e1ch v\u016fbec neuva\u017euje.<\/p>\n<p style=\"text-align: justify;\">Jak jsou stanoveny priority na\u0161eho vyjedn\u00e1v\u00e1n\u00ed?\u00a0Jak jsou stanoveny c\u00edle \u010cesk\u00e9 republiky &#8211; nesly\u0161eli jsme ani slovo. V p\u0159edlo\u017een\u00e9m sn\u011bmovn\u00edm tisku o tom tak\u00e9 nen\u00ed ani slovo. P\u0159e\u010dteme-li si ostatn\u00ed materi\u00e1ly ministerstva, kter\u00e9 jsou p\u0159\u00edstupn\u00e9 n\u00e1m i ve\u0159ejnosti &#8211; mo\u017en\u00e1 na sn\u00eddani ministr rozd\u00e1v\u00e1 je\u0161t\u011b jin\u00e9 materi\u00e1ly &#8211; tak se o tom tak\u00e9 nedozv\u00edme ani slovo.<\/p>\n<p style=\"text-align: justify;\">Do jak\u00e9 Evropsk\u00e9 unie chceme vstoupit? Za jakou cenu? Kolik jsme ochotni zaplatit za \u010dlenstv\u00ed v Evropsk\u00e9 unii? Plat\u00ed, \u017ee chceme vstoupit do Evropsk\u00e9 unie co nejd\u0159\u00edve? I kdy\u017e na to nebudeme p\u0159ipraveni? Plat\u00ed, \u017ee n\u00e1s nezaj\u00edmaj\u00ed n\u00e1klady na vstup a p\u0159\u00edpadn\u00e9 v\u00fdnosy pro \u010ceskou republiku?<\/p>\n<p style=\"text-align: justify;\">J\u00e1 uvedu p\u0159\u00edklad. Existuje jedin\u00e1 zem\u011b, kter\u00e1 dok\u00e1zala z \u010dlenstv\u00ed v Evropsk\u00e9 unii profitovat. Jenom jedna jedin\u00e1. V\u0161echny ostatn\u00ed zem\u011b prozat\u00edm na Evropsk\u00e9 unii nevyd\u011blaly nic. Tou jedinou zem\u00ed je Irsko a profit se dostavil a\u017e po 20 letech \u010dlenstv\u00ed. Tajemn\u00edk Ministerstva zahrani\u010d\u00ed pan Teli\u010dka n\u00e1m na v\u00fdboru \u0161eptem sd\u011blil, \u017ee vstup do Evropsk\u00e9 unie pro \u010ceskou republiku bude ztr\u00e1tovou z\u00e1le\u017eitost\u00ed, ztr\u00e1tovou investic\u00ed, \u017ee v nejlep\u0161\u00edm p\u0159\u00edpad\u011b po 20 letech se tato investice za\u010dne \u010cesk\u00e9 republice vracet. J\u00e1 tomu nev\u011b\u0159\u00edm, \u017ee m\u00e1me tak schopn\u00e9 \u00fa\u0159edn\u00edky, jako m\u00e1 Irsko. J\u00e1 se domn\u00edv\u00e1m, \u017ee to bude trvat ne 20, ale 30, mo\u017en\u00e1 40 let, ne\u017e z\u00edsk\u00e1me prvn\u00ed prosp\u011bch z \u010dlenstv\u00ed v Evropsk\u00e9 unii.<\/p>\n<p style=\"text-align: justify;\"><strong>2. Jak n\u00e1s vid\u00ed oni?<\/strong><\/p>\n<p style=\"text-align: justify;\">J\u00e1 uvedu te\u010f cit\u00e1t, aby to nebylo tak, \u017ee jenom my kritizujeme ministerstvo. Uvedu cit\u00e1t od Barbary Lippertov\u00e9 z \u00dastavu pro evropskou politiku v Bonnu:\u00a0<em>&#8222;Trouf\u00e1m si \u0159\u00edci, \u017ee ve v\u011bt\u0161in\u011b uchaze\u010dsk\u00fdch zem\u00ed ve st\u0159edn\u00ed a v\u00fdchodn\u00ed Evrop\u011b se f\u00e1ze z\u0159eteln\u00e9ho definov\u00e1n\u00ed n\u00e1rodn\u00edch z\u00e1jm\u016f v\u016fbec nekonala. Vl\u00e1dy i ob\u010dan\u00e9 se spokojili s t\u00edm, \u017ee cht\u011bj\u00ed dovnit\u0159, ani\u017e by se jasn\u011b \u0159eklo, pro\u010d vlastn\u011b.&#8220;<\/em>\u00a0J\u00e1 k tomu dod\u00e1v\u00e1m, \u017ee to plat\u00ed p\u0159esn\u011b i o \u010cesk\u00e9 republice.<\/p>\n<p style=\"text-align: justify;\">D\u00e1le budu citovat ze stejn\u00e9 pr\u00e1ce:\u00a0<em>&#8222;Zd\u00e1 se mi, \u017ee i lidem v \u010cesk\u00e9 republice by m\u011bla jejich vl\u00e1da jasn\u011b \u0159\u00edci, \u017ee tu nejde o \u017e\u00e1dn\u00e9 romantick\u00e9 zavr\u0161en\u00ed p\u0159evratn\u00fdch spole\u010densk\u00fdch zm\u011bn po roce 1989, ale \u017ee vstup do Evropsk\u00e9 unie vy\u017eaduje nov\u00e9, suver\u00e9nn\u00ed a sebev\u011bdom\u00e9 politick\u00e9 rozhodnut\u00ed p\u0159ipojit se k tomuto neoby\u010dejn\u011b slo\u017eit\u00e9mu spole\u010denstv\u00ed s jeho hospod\u00e1\u0159sk\u00fdmi a politick\u00fdmi rozm\u011bry.&#8220;<\/em>\u00a0Konec cit\u00e1tu.<\/p>\n<p style=\"text-align: justify;\">O t\u011bchto politick\u00fdch a hospod\u00e1\u0159sk\u00fdch rozm\u011brech jsme prozat\u00edm od Ministerstva zahrani\u010d\u00ed nesly\u0161eli ani slovo. A pravdu m\u00e1 kolega, kter\u00fd zde uv\u00e1d\u011bl, \u017ee p\u0159edlo\u017een\u00fd sn\u011bmovn\u00ed tisk je \u010dist\u011b administrativn\u00edm v\u00fd\u010dtem v\u011bc\u00ed, o kter\u00fdch se pravd\u011bpodobn\u011b bude muset jednat, ale \u017e\u00e1dn\u00e9 politick\u00e9 hodnocen\u00ed v n\u011bm nen\u00ed a ani \u017e\u00e1dn\u00e9 hospod\u00e1\u0159sk\u00e9 hodnocen\u00ed v n\u011bm nen\u00ed.<\/p>\n<p style=\"text-align: justify;\">Je pozoruhodn\u00e9, \u017ee jak ve sv\u00e9m vystoupen\u00ed, tak\u00a0v ministersk\u00fdch materi\u00e1lech se hovo\u0159\u00ed jenom o p\u0159ibli\u017eov\u00e1n\u00ed pr\u00e1va. O jin\u00e9 v\u011bci se ministerstvo nezaj\u00edm\u00e1 a nestar\u00e1. Jedin\u00e1 starost je, abychom p\u0159izp\u016fsobovali z\u00e1kony Evropsk\u00e9 unii, a to dokonce za ka\u017edou cenu.<\/p>\n<p style=\"text-align: justify;\">A j\u00e1 te\u010f uvedu dal\u0161\u00ed cit\u00e1t z onoho \u00fastavu v Bonnu &#8211; \u00dastavu pro evropskou politiku<strong>: &#8222;\u0158ekla bych dokonce na z\u00e1klad\u011b poznatk\u016f n\u011bkter\u00fdch n\u011bmeck\u00fdch diplomat\u016f, \u017ee n\u011bkdy ti va\u0161i z\u00e1stupci v Bruselu si \u00falohu p\u0159\u00edli\u0161 usnad\u0148uj\u00ed, tak\u017ee by ob\u010das neza\u0161kodilo postavit se na zadn\u00ed nebo v\u00edce bouchnout do stolu.&#8220;<\/strong><\/p>\n<p style=\"text-align: justify;\">Jestli\u017ee i na\u0161\u00ed n\u011bme\u010dt\u00ed partne\u0159i se a\u017e styd\u00ed za chov\u00e1n\u00ed na\u0161ich vyjednava\u010d\u016f, \u017ee jim p\u0159ipad\u00e1 trapn\u00e9, jak tam vystupuj\u00ed na\u0161i z\u00e1stupci, a c\u00edt\u00ed pot\u0159ebu n\u00e1m to touto cestou vzk\u00e1zat, pak se domn\u00edv\u00e1m, \u017ee tvrzen\u00ed pana ministra, \u017ee jedn\u00e1n\u00ed o na\u0161em vstupu do Evropsk\u00e9 unie, je perfektn\u00ed a dokonal\u00e9 &#8211; neuvedl jedinou kritickou p\u0159ipom\u00ednku ke sv\u00e9 pr\u00e1ci &#8211; pak se domn\u00edv\u00e1m, \u017ee toto tvrzen\u00ed je v\u00e1\u017en\u00e9 zpochybn\u011bno.<\/p>\n<p style=\"text-align: justify;\">Vezmu tedy k dispozici materi\u00e1ly, kter\u00e9 n\u00e1m ministr p\u0159edlo\u017eil. Ministr uvedl jeden \u00fa\u017easn\u00fd \u00fasp\u011bch na\u0161\u00ed diplomacie, a j\u00e1 budu pro jistotu tento \u00fa\u017easn\u00fd \u00fasp\u011bch na\u0161\u00ed diplomacie citovat doslovn\u011b. Pan ministr uvedl &#8211; cituji:\u00a0<em>&#8222;Cht\u011bl bych informovat, \u017ee \u010cesk\u00e1 republika zat\u00edm v Evropsk\u00e9 unii ofici\u00e1ln\u011b neavizovala \u017e\u00e1dnou zm\u011bnu pozice, a to nap\u0159. v\u010detn\u011b \u017e\u00e1dosti t\u00fdkaj\u00edc\u00ed se zm\u011bny n\u00e1zvu tuzemsk\u00fd rum.&#8220;<\/em><\/p>\n<p style=\"text-align: justify;\">Na\u0161e ministerstvo, p\u0159\u00e1tel\u00e9, doposud obh\u00e1jilo akor\u00e1t n\u00e1zev tuzemsk\u00fd rum. Nic jin\u00e9ho ministr neuvedl ve sv\u00e9m vystoupen\u00ed ani ve sv\u00fdch materi\u00e1lech.<\/p>\n<p style=\"text-align: justify;\"><strong>3. Podle \u010deho se vyhodnocuje, co to s n\u00e1mi ud\u011bl\u00e1?<\/strong><\/p>\n<p style=\"text-align: justify;\">Poj\u010fme se tedy pros\u00edm zeptat,\u00a0<strong>podle \u010deho by se m\u011bla hodnotit p\u0159\u00edprava na vstup<\/strong>. V\u00a0onom institutu v Bonnu p\u00ed\u0161\u00ed, \u017ee Rakousko, \u0160v\u00e9dsko, Finsko opravdu pro\u0161ly celon\u00e1rodn\u00ed debatou na t\u00e9mata<strong>&#8222;Chceme n\u011bco takov\u00e9ho? Co n\u00e1m to p\u0159inese a co to bude st\u00e1t?&#8220;.<\/strong><\/p>\n<p style=\"text-align: justify;\">K t\u00e9to v\u011bci jsme nesly\u0161eli \u017e\u00e1dnou odpov\u011b\u010f.<\/p>\n<p style=\"text-align: justify;\">D\u00e1le cituji: &#8222;<em>N\u011bmecko si jinak um\u00ed spo\u010d\u00edtat klady a z\u00e1pory v\u00fdchodn\u00edho roz\u0161\u00ed\u0159en\u00ed a v\u00ed, \u017ee plus\u016f je v\u00edce ne\u017e minus\u016f. I v\u011bdom\u00ed n\u00e1rodn\u00edch z\u00e1jm\u016f je dnes stejn\u011b vyhran\u011bn\u00e9 jako za Kohlovy \u00e9ry, kdy se o tom jen m\u00e9n\u011b hovo\u0159ilo. Zm\u011bna po n\u00e1stupu nov\u00e9 vl\u00e1dy v Berl\u00edn\u011b m\u016f\u017ee b\u00fdt nanejv\u00fd\u0161 taktick\u00e1, nikoli zm\u011bnou strategie.&#8220;<\/em>\u00a0&#8211; Tolik pozice n\u011bmeck\u00e1.<\/p>\n<p style=\"text-align: justify;\">Pod\u00edv\u00e1me-li se do rakousk\u00fdch materi\u00e1l\u016f, rakousk\u00fd argument, kter\u00fd m\u00e1 p\u0159esv\u011bd\u010dit rakousk\u00e9 ob\u010dany o podpo\u0159e roz\u0161\u00ed\u0159en\u00ed, zn\u00ed, \u017ee Rakousko bude na roz\u0161\u00ed\u0159en\u00ed neuv\u011b\u0159iteln\u00fdm zp\u016fsobem profitovat a \u017ee jen malou \u010d\u00e1st toho, co na st\u0159edoevropsk\u00fdch zem\u00edch vyd\u011bl\u00e1, bude Rakousko transferovat formou fond\u016f a dotac\u00ed do t\u011bchto st\u0159edoevropsk\u00fdch zem\u00ed. Dokonce najdeme v rakousk\u00fdch materi\u00e1lech i \u010d\u00edsla &#8211; jedn\u00e1 se zhruba o jednu desetinu toho, co Rakousko na roz\u0161\u00ed\u0159en\u00ed vyd\u011bl\u00e1. To jsou \u010d\u00edsla, kter\u00e1\u00a0dokl\u00e1daj\u00ed to, \u017ee ten vstup pro n\u00e1s skute\u010dn\u011b nebude p\u0159\u00edli\u0161 v\u00fdhodn\u00fd. J\u00e1 se k tomu je\u0161t\u011b dostanu.<\/p>\n<p style=\"text-align: justify;\">Uv\u011bdomme si, \u017ee\u00a0<strong>nikde na sv\u011bt\u011b nejsou \u017e\u00e1dn\u00ed lidumilov\u00e9, kte\u0159\u00ed by jenom proto, \u017ee n\u00e1s maj\u00ed r\u00e1di, n\u00e1m cht\u011bli pom\u00e1hat, cht\u011bli n\u00e1m d\u00e1vat dotace, a \u017ee by necht\u011bli na tom nic vyd\u011blat, nesledovali t\u00edm \u017e\u00e1dn\u00e9 c\u00edle<\/strong>. Je nutno \u0159\u00edci, \u017ee jednotliv\u00e9 st\u00e1ty maj\u00ed jenom sv\u00e9 z\u00e1jmy a sv\u00e1 rizika a podle toho se rozhoduj\u00ed &#8211; a podle toho by se ov\u0161em m\u011bla rozhodovat tak\u00e9 \u010cesk\u00e1 republika. J\u00e1 jsem se prozat\u00edm nesetkal s t\u00edm, \u017ee by na mezin\u00e1rodn\u00ed sc\u00e9n\u011b n\u011bjak\u00fd st\u00e1t konal jenom dobr\u00e9 skutky.<\/p>\n<p style=\"text-align: justify;\">Dovolte tedy, abych pou\u017e\u00edvaje ministersk\u00e9 p\u0159\u00edru\u010dky, a takov\u00fdch p\u0159\u00edru\u010dek vyd\u00e1v\u00e1 ministerstvo des\u00edtky, pokusil se reagovat na n\u011bkter\u00e9 argumenty, kter\u00e9 jsou v t\u011bchto p\u0159\u00edru\u010dk\u00e1ch, proto\u017ee ministr zde \u017e\u00e1dn\u00e9 argumenty neuvedl.<\/p>\n<ul style=\"text-align: justify;\">\n<li>Pan ministr tvrd\u00ed v takov\u00fdchto p\u0159\u00edru\u010dk\u00e1ch, \u017ee<strong>\u00a0<em>p\u0159iplyne mnoho nov\u00fdch investic, ekonomika se ozdrav\u00ed a budou vznikat nov\u00e9, v\u00fdkonn\u011bj\u0161\u00ed firmy<\/em>.<\/strong><\/li>\n<\/ul>\n<p style=\"text-align: justify;\">Za prv\u00e9, p\u0159\u00e1tel\u00e9, vl\u00e1da d\u011bl\u00e1 prav\u00fd opak. Jestli\u017ee n\u011bkter\u00e9 firmy d\u00edky evropsk\u00e9 konkurenci, a\u0165 u\u017e jsou to ocel\u00e1\u0159sk\u00e9 firmy, nebo jak\u00e9koli jin\u00e9, se dost\u00e1vaj\u00ed do pot\u00ed\u017e\u00ed, vl\u00e1da m\u00edsto toho, aby takov\u00e9 firmy zav\u0159ela, m\u00edsto aby ozdravila \u010deskou ekonomiku, pokou\u0161\u00ed se je revitalizovat.<\/p>\n<p style=\"text-align: justify;\">Ale\u00a0za druh\u00e9\u00a0uvedu argument &#8211;\u00a0<strong>je skute\u010dn\u011b pravdou, \u017ee vstupem do Evropsk\u00e9 unie se zv\u00fd\u0161\u00ed atraktivita \u010cesk\u00e9 republiky pro investice?<\/strong>\u00a0Nen\u00ed to n\u00e1hodou zcela obr\u00e1cen\u011b, \u017ee je\u0161t\u011b p\u0159ed vstupem do Evropsk\u00e9 unie n\u011bkte\u0159\u00ed investo\u0159i sem cht\u011bj\u00ed investovat, proto\u017ee maj\u00ed perspektivu, \u017ee b\u011bhem n\u011bkolika let se jejich investice stane sou\u010d\u00e1st\u00ed evropsk\u00e9ho prost\u0159ed\u00ed? Pro\u010d by investovali do \u010cesk\u00e9 republiky, kter\u00e1 pravd\u011bpodobn\u011b bude p\u011bt a\u017e deset let po vstupu proch\u00e1zet mno\u017estv\u00edm zmatk\u016f, pro\u010d by m\u011bli investovat do nestabiln\u00edho prost\u0159ed\u00ed? Sice v Evropsk\u00e9 unii, ale do nestabiln\u00ed zem\u011b? Nedaj\u00ed p\u0159ednost It\u00e1lii,\u00a0Rakousku a kter\u00e9koli jin\u00e9 zemi? Nen\u00ed to p\u0159esn\u011b naopak, \u017ee investice budou p\u0159ich\u00e1zet jen p\u0159ed vstupem do Evropsk\u00e9 unie a p\u0159\u00edliv investic se po vstupu na dlouhou dobu zastav\u00ed? Pod\u00edvejme se, jak to bylo v Irsku. Po vstupu Irska do Evropsk\u00e9 unie investice nep\u0159i\u0161ly, za\u010daly p\u0159ich\u00e1zet a\u017e po 15, 18 letech. Je tedy pravdiv\u00e9 toto tvrzen\u00ed ministerstva?<\/p>\n<p style=\"text-align: justify;\">Mo\u017en\u00e1 se m\u00fdl\u00edm, ale uvedu zase citaci z materi\u00e1l\u016f onoho institutu v Bonnu.\u00a0<em>&#8222;Osudov\u00fd v\u00fdznam bude m\u00edt, zda i potom, po vstupu do Evropsk\u00e9 unie, z\u016fstanete konkurenceschopn\u00ed a podr\u017e\u00edte si n\u011bkter\u00e9 komparativn\u00ed v\u00fdhody, je\u017e nyn\u00ed p\u0159itahuj\u00ed investory.&#8220;<\/em>\u00a0To znamen\u00e1 \u017ee i v N\u011bmecku se v\u00ed o tom, \u017ee v\u016fbec nen\u00ed jist\u00e9, zda n\u011bjak\u00e9 investice po vstupu budou p\u0159ich\u00e1zet. I v N\u011bmecku se v\u00ed, \u017ee p\u0159edm\u011btem vyjedn\u00e1v\u00e1n\u00ed by m\u011blo b\u00fdt vytvo\u0159en\u00ed takov\u00e9ho investi\u010dn\u00edho prost\u0159ed\u00ed, kter\u00e9 alespo\u0148 z\u010d\u00e1sti bude atraktivn\u00ed pro investory i pot\u00e9, co \u010cesk\u00e1 republika vstoup\u00ed do Evropsk\u00e9 unie. O t\u00e9to v\u011bci jsme ale nesly\u0161eli nic, nenajdeme o tom nic v ministersk\u00fdch materi\u00e1lech, ne\u017e pouh\u00e9 prost\u00e9 tvrzen\u00ed bez jedin\u00e9ho argumentu, \u017ee vstupem do unie k n\u00e1m pote\u010dou obrovsk\u00e9 investice. Najdeme to na n\u011bkolika m\u00edstech.<\/p>\n<ul style=\"text-align: justify;\">\n<li>Dal\u0161\u00ed argumenty. Jak ministr, tak ministersk\u00e9 materi\u00e1ly tvrd\u00ed, \u017ee<em>\u00a0<\/em><strong><em>po vstupu do Evropsk\u00e9 unie budeme m\u00edt mo\u017enost Evropskou unii p\u0159\u00edmo ovliv\u0148ovat<\/em><\/strong>.<\/li>\n<\/ul>\n<p style=\"text-align: justify;\">Ale ji\u017e dnes, respektive ve sv\u00e9m vystoupen\u00ed, nikoli dnes, ministr p\u0159ipustil, \u017ee m\u00e1me velikou pr\u00e1ci, aby n\u00e1\u0161 vyjedn\u00e1va\u010d v\u016fbec ovlivnil po\u0159ad jedn\u00e1n\u00ed, na kter\u00e9m se bude jednat, a to na bilater\u00e1ln\u00ed \u00farovni mezi \u010ceskou republikou a Evropskou uni\u00ed. Jak si p\u0159edstavujeme, \u017ee budeme schopni ovlivnit multilater\u00e1ln\u00ed jedn\u00e1n\u00ed jako mal\u00e1 \u010cesk\u00e1 republika s deseti miliony obyvatel?\u00a0<strong>Jak\u00fd bude n\u00e1\u0161 vliv na evropskou politiku?<\/strong>\u00a0Trouf\u00e1me si myslet, \u017ee n\u011bkoho p\u0159ehlasujeme? Trouf\u00e1me si \u0159\u00edci, \u017ee je p\u0159esv\u011bd\u010d\u00edme sv\u00fdmi argumenty, kdy\u017e nem\u00e1me ani dnes ty argumenty &#8211; a tady se to dnes oz\u00fdvalo n\u011bkolikr\u00e1t, \u017ee nejsme schopni ani ty argumenty vypracovat?!\u00a0Jak tedy chceme ovliv\u0148ovat Evropskou unii?<\/p>\n<p style=\"text-align: justify;\">Uvedu dal\u0161\u00ed p\u0159\u00edklad. Na posledn\u00edm summitu se rozhodovalo o tom, jak kter\u00e1 zem\u011b bude zastoupena v org\u00e1nech Evropsk\u00e9 unie v r\u00e1mci jak\u00e9si struktur\u00e1ln\u00ed reformy, a my jsme ani nedok\u00e1zali vyjednat pro \u010ceskou republiku stejn\u00e9 zastoupen\u00ed, jak\u00e9 m\u00e1 Portugalsko. A poj\u010fme si to porovnat. Portugalsko m\u00e1 deset milion\u016f obyvatel, stejn\u011b jako \u010cesk\u00e1 republika. Portugalsko m\u00e1\u00a0p\u0159ibli\u017en\u011b stejnou \u017eivotn\u00ed \u00farove\u0148 a stejn\u00fd HDP na jednoho obyvatele jako \u010cesk\u00e1 republika. \u010cesk\u00e1 republika m\u00e1 pouze perspektivu, \u017ee pokud si to nezkaz\u00ed, \u017ee mo\u017en\u00e1 Portugalsko ekonomicky za \u010das p\u0159edstihne. P\u0159esto na\u0161e ministerstvo vyjednalo na\u0161e zastoupen\u00ed v\u00a0Evropsk\u00e9m parlamentu o dva poslance slab\u0161\u00ed, ne\u017e m\u00e1 Portugalsko. Takhle budeme ovliv\u0148ovat Evropskou unii, \u017ee nejsme schopni dos\u00e1hnout ani toho, \u010deho dos\u00e1hlo Portugalsko? A kdy\u017e tot\u00e9\u017e hrozilo Polsku, \u017ee bude m\u00e9n\u011b zastoupen\u00e9 ne\u017e \u0160pan\u011blsko, tak se vzbou\u0159il polsk\u00fd premi\u00e9r, polsk\u00fd ministr zahrani\u010d\u00ed, za\u010dali bouchat do stolu, na rozd\u00edl od \u010cesk\u00e9 republiky, a v\u00fdsledkem bylo vyjedn\u00e1n\u00ed stejn\u00e9ho zastoupen\u00ed.<\/p>\n<p style=\"text-align: justify;\">Znamen\u00e1 to tedy, \u017ee jsme za prv\u00e9 selhali ji\u017e te\u010f p\u0159i vyjedn\u00e1v\u00e1n\u00ed o na\u0161ich budouc\u00edch pozic\u00edch, co\u017e se na v\u011bky v\u011bk\u016f nezm\u011bn\u00ed, te\u010f u\u017e je to podeps\u00e1no, ale my s t\u011bmito slab\u0161\u00edmi pozicemi jsme na v\u011bky v\u011bk\u016f oslabili na\u0161i budouc\u00ed vyjedn\u00e1vac\u00ed pozici v Evropsk\u00e9 unii. Jak tedy chceme n\u011bco ovliv\u0148ovat?<\/p>\n<ul style=\"text-align: justify;\">\n<li>\u0158\u00edk\u00e1 se a uv\u00e1d\u00ed se v materi\u00e1lech, \u017ee\u00a0<strong><em>to podstatn\u00e9, co si p\u0159ejeme, je voln\u00e1 sout\u011b\u017e<\/em><\/strong>.<\/li>\n<\/ul>\n<p style=\"text-align: justify;\">Ano, v jist\u00fdch omezen\u00fdch prostorech Evropsk\u00e1 unie znamen\u00e1 volnou sout\u011b\u017e. Na druh\u00e9 stran\u011b ale\u00a0<strong>Evropsk\u00e1 unie nen\u00ed symbolem tr\u017en\u00edho hospod\u00e1\u0159stv\u00ed a voln\u00e9 sout\u011b\u017ee<\/strong>.\u00a0<strong>Brusel je symbolem lobbismu<\/strong>. V\u0161echny velk\u00e9 firmy na sv\u011bt\u011b maj\u00ed sv\u00e9 zastoupen\u00ed v Bruselu a dosahuj\u00ed sv\u00fdch ekonomick\u00fdch v\u00fdsledk\u016f na evropsk\u00e9m trhu ne t\u00edm, \u017ee by p\u0159edkl\u00e1daly a vyr\u00e1b\u011bly kvalitn\u011bj\u0161\u00ed v\u00fdrobky za levn\u011bj\u0161\u00ed ceny, ale lobbuj\u00ed v bruselsk\u00fdch org\u00e1nech, aby formou zm\u011bny legislativy z\u00edskaly v\u00fdhodn\u011bj\u0161\u00ed postaven\u00ed na trhu. Evropsk\u00e1 unie a Brusel\u00a0nejsou symbolem konkurence, tr\u017en\u00edho prost\u0159ed\u00ed, ale jsou symbolem lobbismu.<\/p>\n<ul style=\"text-align: justify;\">\n<li>Mohli bychom uv\u00e1d\u011bt, \u017ee\u00a0<strong><em>vstupem do Evropsk\u00e9 unie z\u00edsk\u00e1me n\u011bjak\u00e9 obchodn\u00ed v\u00fdhody<\/em><\/strong>.<\/li>\n<\/ul>\n<p style=\"text-align: justify;\">Trouf\u00e1m si tvrdit, \u017ee u\u017e \u017e\u00e1dn\u00e9 nebudou n\u00e1sledovat. V\u0161echny obchodn\u00ed v\u00fdhody, kter\u00e9 jsme mohli z\u00edskat, jsme z\u00edskali v r\u00e1mci Asocia\u010dn\u00ed, resp. Evropsk\u00e9 dohody. Te\u010f pouze dob\u00edhaj\u00ed lh\u016fty, kter\u00e9 jsou pro n\u00e1s u\u017e nev\u00fdhodn\u00e9 a kde mus\u00edme dorovn\u00e1vat podm\u00ednky tak, aby byly symetrick\u00e9, a v podstat\u011b u\u017e \u017e\u00e1dn\u00e9 dal\u0161\u00ed z\u00e1sadn\u00ed v\u00fdhody, kter\u00fdch by nebylo mo\u017eno dos\u00e1hnout\u00a0jin\u00fdm zp\u016fsobem, z \u010dlenstv\u00ed vypl\u00fdvat nebudou.<\/p>\n<p style=\"text-align: justify;\">Zato budou z \u010dlenstv\u00ed vypl\u00fdvat nev\u00fdhody. \u010cesk\u00e1 republika dnes m\u00e1 v\u00fdznamnou \u010d\u00e1st sv\u00e9ho zahrani\u010dn\u00edho obchodu se Slovenskem. Vstupem do Evropsk\u00e9 unie &#8211; a to u\u017e jsme vzdali &#8211; budeme muset<strong>zru\u0161it celn\u00ed unii se Slovenskem<\/strong>. To znamen\u00e1, \u017ee n\u00e1\u0161 export na Slovensko klesne, pro na\u0161e podniky se mo\u017enost exportovat na Slovensko zhor\u0161\u00ed. Na Slovensku se uvoln\u00ed docela podstatn\u00e1 \u010d\u00e1st slovensk\u00e9ho trhu, a zkuste h\u00e1dat, kdo obsad\u00ed tento uvoln\u011bn\u00fd slovensk\u00fd trh? &#8211; Bude to Evropsk\u00e1 unie!<\/p>\n<ul style=\"text-align: justify;\">\n<li>D\u00e1le ministerstvo uv\u00e1d\u00ed jako argument, \u017ee\u00a0<strong><em>ob\u010dan\u00e9 budou moci vyu\u017e\u00edvat voln\u00fd pohyb osob, zbo\u017e\u00ed, slu\u017eeb a kapit\u00e1lu<\/em><\/strong>.<\/li>\n<\/ul>\n<p style=\"text-align: justify;\">P\u0159\u00e1tel\u00e9, v\u00e1\u017een\u00ed ob\u010dan\u00e9, bu\u010fme k sob\u011b up\u0159\u00edmn\u00ed.\u00a0V\u00fdhody pohybu kapit\u00e1lu ocen\u00ed podnikatel\u00e9, nikoli ob\u010dan\u00e9. Toto jsou v\u0161echno v\u00fdhody pro podnikatele. Ano, v \u010cesk\u00e9 republice m\u00e1me miliony podnikatel\u016f, ale p\u0159esto v\u011bt\u0161ina \u010desk\u00fdch ob\u010dan\u016f nepodnik\u00e1. A pro n\u011b voln\u00fd pohyb kapit\u00e1lu, pracovn\u00edch sil a slu\u017eeb nen\u00ed p\u0159\u00ednosem. Je pro n\u011b pouze nev\u00fdhodou, proto\u017ee v r\u00e1mci voln\u00e9ho trhu dojde ke srovn\u00e1v\u00e1n\u00ed cen, a\u00a0ve v\u0161ech t\u011bchto oblastech ceny u n\u00e1s budou stoupat. Na rozd\u00edl od Rakouska, kde vstupem do unie n\u011bkter\u00e9 ceny klesly, u n\u00e1s je jist\u00e9, \u017ee budou ceny jenom stoupat.<\/p>\n<p style=\"text-align: justify;\">Zept\u00e1me-li se tedy ob\u010dana, co si mysl\u00ed o voln\u00e9m pohybu kapit\u00e1lu &#8211; a j\u00e1 se p\u0159izn\u00e1m, \u017ee jsem zast\u00e1ncem voln\u00e9ho pohybu kapit\u00e1lu -, vzpomeneme-li si na lo\u0148sk\u00e9 z\u00e1\u0159\u00ed a na demonstrace proti Mezin\u00e1rodn\u00edmu m\u011bnov\u00e9mu fondu, ob\u00e1v\u00e1m se, \u017ee ob\u010dan, kter\u00fd nepodnik\u00e1, m\u00e1 z voln\u00e9ho pohybu kapit\u00e1lu sp\u00ed\u0161 obavy, dokonce a\u017e tak v\u00e1\u017en\u00e9, \u017ee se tady konaj\u00ed mezin\u00e1rodn\u00ed demonstrace. Nev\u00edm, jestli je to pozitivn\u00ed argument, kter\u00fdm bychom m\u011bli z\u00edskat sympatie \u010desk\u00e9 ve\u0159ejnosti pro roz\u0161\u00ed\u0159en\u00ed.<\/p>\n<ul style=\"text-align: justify;\">\n<li>Dal\u0161\u00ed argument, kter\u00fd uv\u00e1d\u00ed ministerstvo, je\u00a0<strong><em>spolupr\u00e1ce v oblasti vnit\u0159n\u00edch v\u011bc\u00ed, kter\u00e1 zlep\u0161\u00ed nap\u0159. boj proti organizovan\u00e9mu zlo\u010dinu, korupci \u010di neleg\u00e1ln\u00edmu obchodu s drogami a usnadn\u00ed i st\u00edh\u00e1n\u00ed pachatel\u016f trestn\u00fdch \u010din\u016f. T\u00edm se pos\u00edl\u00ed bezpe\u010dnost ob\u010dan\u016f<\/em><\/strong>.<\/li>\n<\/ul>\n<p style=\"text-align: justify;\">Dovol\u00edm si nesouhlasit s t\u00edmto tvrzen\u00edm ministerstva. Jestli\u017ee se n\u011bkdo dopust\u00ed trestn\u00e9ho \u010dinu a jedn\u00e1 se o v\u00e1\u017en\u00fd trestn\u00fd \u010din, jak\u00e1 opat\u0159en\u00ed podnik\u00e1 policie? Provede z\u00e1tarasy na mnoha m\u00edstech tak, aby \u00fazem\u00ed, ve kter\u00e9m se pohybuje onen zlo\u010dinec, bylo rozd\u011bleno na mal\u00e9 bu\u0148ky, na mal\u00e9 celky, a na p\u0159echodu mezi nimi se prov\u00e1d\u00ed d\u016fsledn\u00e1 kontrola, proto\u017ee jenom tak je nad\u011bje, \u017ee toho zlo\u010dince chytneme.\u00a0<strong>Zru\u0161en\u00ed hranic znamen\u00e1 nikoli zv\u00fd\u0161en\u00ed bezpe\u010dnosti, ale sn\u00ed\u017een\u00ed bezpe\u010dnosti.<\/strong><\/p>\n<p style=\"text-align: justify;\">V ministersk\u00e9m materi\u00e1lu se uv\u00e1d\u00ed, \u017ee se t\u00edm bude\u00a0<strong><em>l\u00e9pe bojovat proti drog\u00e1m<\/em><\/strong>. Pros\u00edm, pozv\u011bme si sem n\u011bkdy \u0159editele N\u00e1rodn\u00ed protidrogov\u00e9 centr\u00e1ly. My jsme v dne\u0161n\u00ed dob\u011b ohro\u017eeni drogami. My se dok\u00e1\u017eeme v dne\u0161n\u00ed dob\u011b v r\u00e1mci sv\u00fdch mo\u017enost\u00ed relativn\u011b \u00fasp\u011b\u0161n\u011b &#8211; a na evropsk\u00e9 \u00farovni velmi \u00fasp\u011b\u0161n\u011b &#8211; s nebezpe\u010d\u00edm drog vyrovn\u00e1vat. Kdy\u017e otev\u0159eme hranice a zru\u0161\u00edme hrani\u010dn\u00ed kontroly, pak se n\u00e1\u0161 prostor otev\u0159e pro evropsk\u00fd drogov\u00fd trh a\u00a0<strong>kvalita zabezpe\u010den\u00ed ob\u010dana proti ohro\u017een\u00ed z hlediska drogov\u00fdch mafi\u00ed a v\u016fbec z hlediska drog v\u016f\u010di jeho d\u011btem se sn\u00ed\u017e\u00ed<\/strong>.<\/p>\n<p style=\"text-align: justify;\">Spolupr\u00e1ce mezi na\u0161\u00ed protidrogovou centr\u00e1lou a evropsk\u00fdmi zem\u011bmi je p\u0159esn\u011b takov\u00e1, jak\u00e1 bude i po vstupu do Evropsk\u00e9 unie, tam u\u017e se nic zlep\u0161it ned\u00e1. Na druh\u00e9 stran\u011b dnes existuj\u00ed hranice, kter\u00e9 pak existovat nebudou, a kvalita bezpe\u010dnosti z hlediska drog se pouze zhor\u0161\u00ed. Z\u00e1rove\u0148 dohledat zlo\u010dince v prostoru \u010cesk\u00e9 republiky je relativn\u011b jednodu\u0161\u0161\u00ed ne\u017e hledat ho v prostoru cel\u00e9 Evropsk\u00e9 unie. P\u0159e\u010dt\u011bme si studie, kter\u00e9 popisuj\u00ed, jak prob\u00edh\u00e1 migrace, resp. ileg\u00e1ln\u00ed imigrace obyvatel do Evropsk\u00e9 unie! Jak nap\u0159. z prostoru Evropsk\u00e9 unie se dost\u00e1vaj\u00ed do Brit\u00e1nie, jak zru\u0161en\u00ed hranic vlastn\u011b zhor\u0161uje zabezpe\u010den\u00ed obyvatelstva v t\u00e9to v\u011bci. Je pravda, \u017ee ob\u010dan nepodl\u00e9h\u00e1 byrokratick\u00fdm kontrol\u00e1m na hranic\u00edch,\u00a0<strong>ale bezpe\u010dnostn\u00ed prost\u0159ed\u00ed se t\u00edm pro n\u011bj nezlep\u0161\u00ed<\/strong>.<\/p>\n<ul style=\"text-align: justify;\">\n<li>Ministerstvo tvrd\u00ed, \u017ee\u00a0<strong><em>p\u0159evzet\u00ed legislativy Evropsk\u00e9ho spole\u010denstv\u00ed<\/em><\/strong>\u00a0&#8211; a nen\u00ed to chyba, opravdu se tam uv\u00e1d\u00ed Evropsk\u00e9ho spole\u010denstv\u00ed\u00a0<strong><em>&#8211; bude pro\u00a0\u010ceskou republiku znamenat pos\u00edlen\u00ed pr\u00e1vn\u00edho syst\u00e9mu, zkvalitn\u011bn\u00ed legislativy, jej\u00ed aplikace a vynucov\u00e1n\u00ed<\/em><\/strong>.<\/li>\n<\/ul>\n<p style=\"text-align: justify;\">To je jak\u00e1si iluze, kterou ministerstvo \u0161\u00ed\u0159\u00ed. Jak\u00e1 je realita? S argumentac\u00ed, \u017ee se p\u0159ipravujeme na vstup do Evropsk\u00e9 unie, n\u00e1m vl\u00e1da p\u0159edkl\u00e1d\u00e1 des\u00edtky z\u00e1kon\u016f, \u017e\u00e1d\u00e1 o zkracov\u00e1n\u00ed lh\u016ft, u n\u011bkter\u00fdch z\u00e1kon\u016f dokonce jenom na n\u011bkolik dn\u016f, a \u017e\u00e1d\u00e1, aby parlament je projednal ve zrychlen\u00e9m \u0159\u00edzen\u00ed. Dokonce jsme kv\u016fli tomu vy\u0161li vl\u00e1d\u011b vst\u0159\u00edc a novelizovali jsme jednac\u00ed \u0159\u00e1d, aby takov\u00e9to p\u0159ij\u00edm\u00e1n\u00ed z\u00e1kon\u016f na po\u010dk\u00e1n\u00ed bylo mo\u017en\u00e9. V\u00fdsledkem jsou nekvalitn\u00ed z\u00e1kony!\u00a0<strong>Nen\u00ed pravda, \u017ee perspektiva vstupu znamen\u00e1 zkvalitn\u011bn\u00ed legislativy, ale naopak. V r\u00e1mci a pod hlavi\u010dkou vstupu do Evropsk\u00e9 unie se roz\u0161i\u0159uje pr\u00e1vn\u00ed chaos, kter\u00fd v \u010cesk\u00e9 republice m\u00e1me<\/strong>.<\/p>\n<ul style=\"text-align: justify;\">\n<li>Ministerstvo tvrd\u00ed,\u00a0\u017ee d\u00edky \u010dlenstv\u00ed v Evropsk\u00e9 unii\u00a0<strong><em>se usnadn\u00ed spolupr\u00e1ce mezi \u010desk\u00fdmi soudy a soudy ostatn\u00edch \u010dlensk\u00fdch zem\u00ed unie v ob\u010danskopr\u00e1vn\u00edch v\u011bcech<\/em><\/strong>.<\/li>\n<\/ul>\n<p style=\"text-align: justify;\">Dovol\u00edm si s t\u00edm nesouhlasit. Ned\u00e1vno jsme projedn\u00e1vali smlouvy, kter\u00e9 n\u00e1m p\u0159edkl\u00e1d\u00e1 vl\u00e1da, o pr\u00e1vn\u00ed pomoci, o spolupr\u00e1ci pr\u00e1v\u011b v t\u011bchto ob\u010danskopr\u00e1vn\u00edch v\u011bcech, s argumentac\u00ed, \u017ee Evropsk\u00e1 unie tuto v\u011bc ne\u0159e\u0161\u00ed a \u017ee\u00a0<strong>se to stejn\u011b mus\u00ed \u0159e\u0161it bilater\u00e1ln\u00edmi smlouvami mezi jednotliv\u00fdmi zem\u011bmi<\/strong>. To znamen\u00e1, \u017ee ministersk\u00e9 materi\u00e1ly nejsou pravdiv\u00e9.\u00a0<strong>Pokud chceme dos\u00e1hnout kvalitn\u011bj\u0161\u00ed spolupr\u00e1ce mezi soudy, pak cesta k tomu je navazov\u00e1n\u00ed bilater\u00e1ln\u00edch smluv a nijak to nesouvis\u00ed s \u010dlenstv\u00edm v Evropsk\u00e9 unii<\/strong>. Tady ministerstvo pou\u017e\u00edv\u00e1 nekorektn\u00ed argument.<\/p>\n<ul>\n<li style=\"text-align: justify;\">U\u017e jsem uvedl to, \u017ee v Rakousku do\u0161lo vstupem do Evropsk\u00e9 unie ke sn\u00ed\u017een\u00ed cen, zejm\u00e9na potravin, zat\u00edmco u n\u00e1s ministr ve sv\u00e9m vystoupen\u00ed p\u0159iznal, a j\u00e1 te\u010f pro jistotu ocituji doslova, co ministr \u0159\u00edkal &#8211; jak \u010dtu ministrova slova, tak se domn\u00edv\u00e1m, \u017ee vstupem do Evropsk\u00e9 unie bezpodm\u00edne\u010dn\u011b u n\u00e1s dojde k dramatick\u00e9mu skokov\u00e9mu n\u00e1r\u016fstu cen pohonn\u00fdch hmot. Cituji tedy ministra<em>: &#8222;U kapitoly Dan\u011b \u010cesk\u00e1 republika up\u0159esnila svou pozici ke sv\u00e9 \u017e\u00e1dosti o udr\u017een\u00ed ni\u017e\u0161\u00ed spot\u0159ebn\u00ed dan\u011b na pohonn\u00e9 hmoty. Tato \u017e\u00e1dost byla podm\u00edn\u011bna p\u0159\u00edpadnou zm\u011bnou legislativy Evropsk\u00e9ho spole\u010denstv\u00ed v t\u00e9to oblasti. Ov\u0161em vzhledem k tomu, \u017ee zv\u00fd\u0161en\u00ed cen ropy v lo\u0148sk\u00e9m roce a jeho d\u016fsledky ukazuj\u00ed, \u017ee zm\u011bna ECU je m\u00e1lo pravd\u011bpodobn\u00e1, a vzhledem k tomu, \u017ee rozd\u00edl mezi sazbami spot\u0159ebn\u00edch dan\u00ed \u010cR a EU na naftu je nulov\u00fd a na benzin \u010din\u00ed podle vyj\u00e1d\u0159en\u00ed Ministerstva\u00a0financ\u00ed pouze 30 hal\u00e9\u0159\u016f, \u010cesk\u00e1 republika proto ozn\u00e1mila, \u017ee nebude \u017e\u00e1dat o p\u0159echodn\u00e9 ujedn\u00e1n\u00ed v t\u00e9to z\u00e1le\u017eitosti. &#8222;<\/em><\/li>\n<\/ul>\n<p style=\"text-align: justify;\">J\u00e1 z toho usuzuji, \u017ee dojde k n\u011bjak\u00e9mu zv\u00fd\u0161en\u00ed cen pohonn\u00fdch hmot. Jinak si to neum\u00edm vysv\u011btlit.<\/p>\n<ul style=\"text-align: justify;\">\n<li>V ministersk\u00fdch materi\u00e1lech se uv\u00e1d\u00ed, \u017ee\u00a0<strong><em>dojde ke st\u00edr\u00e1n\u00ed rozd\u00edl\u016f mezi regiony<\/em><\/strong>.<\/li>\n<\/ul>\n<p style=\"text-align: justify;\">Ano, pravd\u011bpodobn\u011b dojde. N\u011bkter\u00e9 regiony mo\u017en\u00e1 budou um\u011bt z \u010dlenstv\u00ed v Evropsk\u00e9 unii n\u011bco vyt\u011b\u017eit. J\u00e1 jako pra\u017esk\u00fd poslanec mus\u00edm konstatovat, \u017ee\u00a0<strong>Praha nebude m\u00edt \u017e\u00e1dn\u00e9 v\u00fdhody z \u010dlenstv\u00ed v EU. \u017divotn\u00ed \u00farove\u0148 v Praze pravd\u011bpodobn\u011b klesne. Pro Prahu bude vstup do EU p\u0159inejmen\u0161\u00edm znamenat, \u017ee ztrat\u00ed sv\u00e9 \u0159ekn\u011bme v\u00fdrazn\u00e9 postaven\u00ed mezi \u010desk\u00fdmi region\u00e1ln\u00edmi samospr\u00e1vami.<\/strong><\/p>\n<ul style=\"text-align: justify;\">\n<li>Ministerstvo tak\u00e9 tvrd\u00ed, \u017ee\u00a0<strong><em>d\u00edky vstupu do EU se umo\u017en\u00ed \u00fa\u010dast na spole\u010dn\u00e9 zahrani\u010dn\u00ed a bezpe\u010dnostn\u00ed\u00a0politice<\/em><\/strong>.<\/li>\n<\/ul>\n<p style=\"text-align: justify;\">Mil\u00ed p\u0159\u00e1tel\u00e9, a\u0165 jsem hledal jakkoli, a a\u010dkoli se \u00fa\u010dastn\u00edm mnoha jedn\u00e1n\u00ed o bezpe\u010dnosti, nikdy jsem se nesetkal s tvrzen\u00edm, \u017ee EU bude zaji\u0161\u0165ovat bezpe\u010dnost. Nikdy! I ti nejp\u0159esv\u011bd\u010den\u011bj\u0161\u00ed eurooptimist\u00e9, kte\u0159\u00ed dokonce \u0159\u00edkaj\u00ed, \u017ee vytvo\u0159en\u00ed t\u011bch 60 tis\u00edc sil rychl\u00e9ho nasazen\u00ed je jenom prvn\u00ed krok, \u017ee v budoucnu sm\u011b\u0159ujeme k samostatn\u00e9 evropsk\u00e9 obran\u011b, p\u0159ipou\u0161t\u011bj\u00ed, \u017ee\u00a0<strong>jedin\u00fdm n\u00e1strojem evropsk\u00e9 bezpe\u010dnosti je NATO<\/strong>. J\u00e1 tedy pros\u00edm pana ministra, aby n\u00e1m vysv\u011btlil, jak se na\u0161e vn\u011bj\u0161\u00ed bezpe\u010dnost zv\u00fd\u0161\u00ed vstupem do Evropsk\u00e9 unie.<\/p>\n<p style=\"text-align: justify;\"><strong style=\"text-align: left; line-height: 24.0000019073486px;\">4. Z\u00e1v\u011br<\/strong><\/p>\n<p style=\"text-align: justify;\">Na z\u00e1v\u011br op\u011bt ocituji z materi\u00e1lu onoho bonnsk\u00e9ho institutu:\u00a0<em>&#8222;J\u00edt do tak t\u011b\u017ek\u00e9ho obdob\u00ed evropsk\u00e9 integrace bez po\u0159\u00e1dn\u011b p\u0159ipraven\u00e9 ve\u0159ejnosti, kter\u00e1 mus\u00ed po\u010d\u00edtat s t\u00edm, \u017ee to bude alespo\u0148 zpo\u010d\u00e1tku cesta velice trnit\u00e1 a kamenit\u00e1, je p\u0159\u00edmo dobrodru\u017en\u00e9 po\u010d\u00edn\u00e1n\u00ed. Jako by tu nebyl p\u0159\u00edklad \u0160v\u00e9dska \u010di Rakouska, kde hlasov\u00e1n\u00ed pro \u010dlenstv\u00ed v EU dopadlo dob\u0159e, ale p\u0159i prvn\u00edch t\u011b\u017ekostech se n\u00e1lady ob\u010dan\u016f propadly a\u017e k antievropanstv\u00ed u \u010d\u00e1sti obyvatelstva. Trouf\u00e1m si \u0159\u00edci, \u017ee ve v\u011bt\u0161in\u011b\u00a0uchaze\u010dsk\u00fdch zem\u00ed ve st\u0159edn\u00ed a v\u00fdchodn\u00ed Evrop\u011b se tato f\u00e1ze z\u0159eteln\u00e9ho definov\u00e1n\u00ed n\u00e1rodn\u00edch z\u00e1jm\u016f v\u016fbec nekonala. Vl\u00e1dy i ob\u010dan\u00e9 se spokojili s t\u00edm, \u017ee cht\u011bj\u00ed j\u00edt dovnit\u0159, ani\u017e by se jasn\u011b \u0159eklo, pro\u010d vlastn\u011b.&#8220;<\/em><\/p>\n<p style=\"text-align: justify;\">Pane minist\u0159e,\u00a0<strong>\u010desk\u00e1 ve\u0159ejnost m\u00e1 pr\u00e1vo v\u011bd\u011bt, do \u010deho jdeme! M\u00e1 pr\u00e1vo zn\u00e1t v\u00fdhody a nev\u00fdhody \u010dlenstv\u00ed, proto\u017ee se to ka\u017ed\u00e9ho ob\u010dana dotkne. Dotkne se to jeho \u017eivotn\u00ed \u00farovn\u011b. Nen\u00ed pravda, \u017ee vstup do Evropsk\u00e9 unie je s\u00e1m o sob\u011b pozitivn\u00ed. Mo\u017en\u00e1 m\u016f\u017ee b\u00fdt pozitivn\u00ed, mo\u017en\u00e1 ne.<\/strong><\/p>\n<p style=\"text-align: justify;\">My jsme o\u010dek\u00e1vali od ministerstva, kdy\u017e jsme \u017e\u00e1dali o informaci o postupu negociac\u00ed, \u017ee dostaneme zpr\u00e1vu o tom, nakolik se da\u0159\u00ed udr\u017eet pozici, kterou ozn\u00e1mila vl\u00e1da V\u00e1clava Klause tu\u0161\u00edm v roce 1996, 23. ledna 1996, kdy\u017e pod\u00e1vala p\u0159ihl\u00e1\u0161ku do Evropsk\u00e9 unie a k t\u00e9to p\u0159ihl\u00e1\u0161ce p\u0159ipojila memorandum, ve kter\u00e9m \u0159\u00edkala: My douf\u00e1me, \u017ee jedn\u00e1n\u00ed budou vedena tak, aby klady a z\u00e1pory byly alespo\u0148 vyrovnan\u00e9! Dnes se zd\u00e1, \u017ee tomu tak nen\u00ed, \u017ee budeme m\u00edt v\u00edce z\u00e1por\u016f ne\u017e klad\u016f. Dobr\u00e1, i takovou situaci bychom mo\u017en\u00e1 m\u011bli akceptovat, proto\u017ee z dlouhodob\u00e9ho hlediska se to za\u010dne obracet. J\u00e1 se ale domn\u00edv\u00e1m, \u017ee\u00a0<strong>\u010desk\u00fd ob\u010dan m\u00e1 pr\u00e1vo na up\u0159\u00edmnost ministerstva, m\u00e1 pr\u00e1vo na informace, pr\u00e1vo v\u011bd\u011bt, co na\u0161e vl\u00e1da jm\u00e9nem \u010cesk\u00e9 republiky slibuje a sjedn\u00e1v\u00e1, a \u017ee m\u00e1 pr\u00e1vo tak\u00e9 v\u011bd\u011bt, \u017ee mnoho let po vstupu do Evropsk\u00e9 unie to pro n\u00e1s nebude \u017e\u00e1dnou radost\u00ed, \u017ee budeme v\u00edce platit ne\u017e z\u00edsk\u00e1vat, \u017ee projdeme velmi t\u011b\u017ekou zkou\u0161kou, kter\u00e1 bude p\u0159edev\u0161\u00edm zkou\u0161kou politick\u00e9 stability \u010desk\u00e9ho vnit\u0159n\u00edho prost\u0159ed\u00ed, zkou\u0161kou stability a d\u016fv\u011bry \u010desk\u00fdch ob\u010dan\u016f ve vl\u00e1du<\/strong>, a \u017ee tento nezodpov\u011bdn\u00fd p\u0159\u00edstup p\u0159\u00edpravy na vstup a toto nezodpov\u011bdn\u00e9 jedn\u00e1n\u00ed n\u00e1m ta prvn\u00ed l\u00e9ta v Evropsk\u00e9 unii v\u00fdrazn\u011b zhor\u0161uj\u00ed. Pravd\u011bpodobn\u011b to m\u016f\u017ee v\u00e9st k posilov\u00e1n\u00ed extremismu v \u010desk\u00e9m politick\u00e9m syst\u00e9mu.<\/p>\n<p style=\"text-align: justify;\">Dokonce v jist\u00e9m smyslu se do\u010dteme v z\u00e1padoevropsk\u00fdch materi\u00e1lech o informovanosti\u00a0ve\u0159ejnosti:\u00a0<strong>&#8222;\u010ce\u0161i, ve srovn\u00e1n\u00ed s Pol\u00e1ky, jsou\u00a0v tom skoro rozvojov\u00e1 zem\u011b.&#8220;<\/strong><\/p>\n<p style=\"text-align: justify;\">D\u011bkuji, pane minist\u0159e.<\/p>\n<p>&nbsp;<\/p>\n","protected":false},"excerpt":{"rendered":"<p>2.3.2001 D\u00e1my a p\u00e1nov\u00e9, v\u00e1\u017een\u00e1 Sn\u011bmovno. Ponechme stranou sebechv\u00e1lu, kterou n\u00e1s zahrnul ministr p\u0159i sv\u00e9m vystoupen\u00ed zde ve sn\u011bmovn\u011b, kde celkem sedmkr\u00e1t pou\u017eil superlativ\u016f v hodnocen\u00ed sv\u00e9 pr\u00e1ce. Polo\u017eme si&#8230; <a class=\"read-more-button\" href=\"https:\/\/www.payne.cz\/WP15\/vystoupeni-ke-zprave-jana-kavana-o-postupu-negociaci-s-eu\/\">\u010c\u00edst v\u00edce &gt;<\/a><\/p>\n","protected":false},"author":2,"featured_media":0,"comment_status":"closed","ping_status":"closed","sticky":false,"template":"","format":"standard","meta":{"ngg_post_thumbnail":0,"_monsterinsights_skip_tracking":false,"_monsterinsights_sitenote_active":false,"_monsterinsights_sitenote_note":"","_monsterinsights_sitenote_category":0,"footnotes":""},"categories":[3],"tags":[],"class_list":["post-1126","post","type-post","status-publish","format-standard","hentry","category-clanky"],"_links":{"self":[{"href":"https:\/\/www.payne.cz\/WP15\/wp-json\/wp\/v2\/posts\/1126","targetHints":{"allow":["GET"]}}],"collection":[{"href":"https:\/\/www.payne.cz\/WP15\/wp-json\/wp\/v2\/posts"}],"about":[{"href":"https:\/\/www.payne.cz\/WP15\/wp-json\/wp\/v2\/types\/post"}],"author":[{"embeddable":true,"href":"https:\/\/www.payne.cz\/WP15\/wp-json\/wp\/v2\/users\/2"}],"replies":[{"embeddable":true,"href":"https:\/\/www.payne.cz\/WP15\/wp-json\/wp\/v2\/comments?post=1126"}],"version-history":[{"count":5,"href":"https:\/\/www.payne.cz\/WP15\/wp-json\/wp\/v2\/posts\/1126\/revisions"}],"predecessor-version":[{"id":1162,"href":"https:\/\/www.payne.cz\/WP15\/wp-json\/wp\/v2\/posts\/1126\/revisions\/1162"}],"wp:attachment":[{"href":"https:\/\/www.payne.cz\/WP15\/wp-json\/wp\/v2\/media?parent=1126"}],"wp:term":[{"taxonomy":"category","embeddable":true,"href":"https:\/\/www.payne.cz\/WP15\/wp-json\/wp\/v2\/categories?post=1126"},{"taxonomy":"post_tag","embeddable":true,"href":"https:\/\/www.payne.cz\/WP15\/wp-json\/wp\/v2\/tags?post=1126"}],"curies":[{"name":"wp","href":"https:\/\/api.w.org\/{rel}","templated":true}]}}