{"id":1122,"date":"2015-06-08T02:54:11","date_gmt":"2015-06-08T01:54:11","guid":{"rendered":"http:\/\/www.payne.cz\/WP15\/?p=1122"},"modified":"2015-06-08T02:54:11","modified_gmt":"2015-06-08T01:54:11","slug":"protiamericky-experiment","status":"publish","type":"post","link":"https:\/\/www.payne.cz\/WP15\/protiamericky-experiment\/","title":{"rendered":"Protiamerick\u00fd experiment"},"content":{"rendered":"<p style=\"text-align: right;\"><span style=\"color: #008080;\">4.1.2002<\/span><\/p>\n<p style=\"text-align: justify;\">O demokracii se \u0159\u00edk\u00e1, \u017ee je nejlep\u0161\u00edm ze v\u0161ech \u0161patn\u00fdch zp\u016fsob\u016f spr\u00e1vy zem\u011b, ale \u017e\u00e1dn\u00fd lep\u0161\u00ed nezn\u00e1me. Teorie st\u00e1tu a politick\u00e9 v\u011bdy po klopotn\u00e9m hled\u00e1n\u00ed a mnoha tragick\u00fdch omylech dnes dovedou popsat v chytr\u00fdch knih\u00e1ch jemn\u00e9 p\u0159edivo vztah\u016f, kter\u00e9 \u010d\u00e1ste\u010dn\u011b d\u00e1v\u00e1 z\u00e1ruky, \u017ee v takto spravovan\u00e9m st\u00e1t\u011b m\u016f\u017ee b\u00fdt uchov\u00e1na svoboda. Um\u00ed tak\u00e9 popsat, za jak\u00fdch okolnost\u00ed demokracie a svoboda miz\u00ed kv\u016fli naru\u0161en\u00ed jemn\u00e9 rovnov\u00e1hy. Zejm\u00e9na d\u011bjiny dvac\u00e1t\u00e9ho stolet\u00ed varuj\u00ed p\u0159ed experimenty s ideologick\u00fdm pojet\u00edm teorie st\u00e1tu, kter\u00e9 vedly k vytvo\u0159en\u00ed totalitn\u00edch re\u017eim\u016f a k v\u00e1lk\u00e1m (prvn\u00ed, druh\u00e9 i studen\u00e9). Po\u010d\u00e1tkem devades\u00e1t\u00fdch let se dramaticky prom\u011bnila evropsk\u00e1 integrace, jej\u00ed\u017e z\u00e1klady vznikly za studen\u00e9 v\u00e1lky, kdy byla z\u00e1padn\u00ed Evropa nep\u0159\u00edmo dotov\u00e1na americk\u00fdmi bezpe\u010dnostn\u00edmi garancemi. Patrn\u011b to bylo pr\u00e1v\u011b p\u0159ijet\u00edm Maastrichtsk\u00e9 smlouvy p\u0159ed deseti lety, jak nazna\u010duje V\u00e1clav Klaus v \u010dl\u00e1nku &#8222;Superunie je nebezpe\u010dn\u00e1&#8220; ze 7. 12. V\u00fdsledkem je sou\u010dasn\u00fd experiment, op\u00edraj\u00edc\u00ed se o ideologii sjednocen\u00e9 Evropy a tristn\u00ed faktick\u00e9 v\u00fdsledky. Abych se vyhnul p\u0159\u00edvlastku &#8222;euroskeptik&#8220;, vyp\u016fj\u010d\u00edm si argumenty od eurooptimistky US Hany Marvanov\u00e9 z \u010dl\u00e1nku &#8222;Kdo se boj\u00ed pan\u00ed Evropy?&#8220; ze 14. 12. I ona shled\u00e1v\u00e1 vady na jinak dokonal\u00e9 kr\u00e1se pan\u00ed Evropy: nezaji\u0161t\u011bn\u00e9 kontroln\u00ed mechanismy, neefektivn\u00ed byrokracie, technokratick\u00e1 rozhodov\u00e1n\u00ed, nep\u0159ehlednost, nadm\u011brn\u00e9 zasahov\u00e1n\u00ed do kompetenc\u00ed n\u00e1rodn\u00edch sf\u00e9r, \u00fa\u0159edn\u00edci p\u0159esp\u0159\u00edli\u0161 reguluj\u00edc\u00ed \u017eivot ob\u010dan\u016f a jednotliv\u00fdch st\u00e1t\u016f. Z t\u011bchto skute\u010dnost\u00ed V\u00e1clav Klaus v souladu s teori\u00ed st\u00e1tu vyvozuje z\u00e1v\u011br, \u017ee sou\u010dasn\u00fd pokus o integraci evropsk\u00fdch n\u00e1rod\u016f je experimentem s t\u011b\u017eko p\u0159edv\u00eddateln\u00fdmi v\u00fdsledky, zato v\u0161ak s velmi pravd\u011bpodobn\u00fdm omezov\u00e1n\u00edm svobod jednotlivce. Marvanov\u00e1 (kter\u00e1 by m\u011bla teorii st\u00e1tu zn\u00e1t) na z\u00e1klad\u011b stejn\u00fdch skute\u010dnost\u00ed Klause obvinila, \u017ee &#8222;br\u00e1n\u00ed pokroku, kter\u00fd je nezadr\u017eiteln\u00fd&#8220;, jeliko\u017e je pro ni ve sv\u011btle &#8222;globalizace&#8220; a &#8222;kvalitn\u011bj\u0161\u00ed komunikace&#8220; &#8222;pot\u0159eba integrace&#8220; tak evidentn\u00ed, \u017ee vlastn\u011b brusel\u0161t\u00ed byrokrat\u00e9 za nic nemohou. Nechme stranou, \u017ee v cel\u00e9m globalizovan\u00e9m sv\u011bt\u011b za posledn\u00edch deset let nenach\u00e1z\u00edme krom\u011b EU zn\u00e1mky re\u00e1ln\u00e9 integrace, naopak t\u0159i federace se rozpadly. Hr\u00e1\u010dem na glob\u00e1ln\u00edm trhu nejsou st\u00e1ty jako politick\u00e9 subjekty, ale marketingov\u00e9 zna\u010dky koncern\u016f, kter\u00e9 s politickou integrac\u00ed nijak nesouvis\u00ed a ani ji nepot\u0159ebuj\u00ed. Ani doprava nevy\u017eaduje politick\u00e9 sjednocen\u00ed a unifikovan\u00e9 \u0161ipky. Celn\u00ed prohl\u00e1\u0161en\u00ed \u010de\u0161t\u00ed turist\u00e9 po Evrop\u011b nevypl\u0148uj\u00ed, a naopak celn\u00ed deklaraci mus\u00ed vypl\u0148ovat podnikatel\u00e9 i uvnit\u0159 unie. I Marvanov\u00e1 podporuje mezin\u00e1rodn\u00ed spolupr\u00e1ci, a ne sjednocen\u00ed v boji proti organizovan\u00e9mu zlo\u010dinu. Ponechme stranou dal\u0161\u00ed nepodlo\u017een\u00e9 m\u00fdty euroideologie. Evropsk\u00e1 unie v d\u016fsledku demokratick\u00e9ho deficitu nevyhnuteln\u011b sm\u011b\u0159uje k omezov\u00e1n\u00ed svobody. Federalizace, kterou Marvanov\u00e1 pova\u017euje za ide\u00e1ln\u00ed v\u0161el\u00e9k, je daleko za politick\u00fdm obzorem. Po Evrop\u011b se \u0161\u00ed\u0159\u00ed agresivn\u00ed euroideologie, kter\u00e1 nesn\u00e1\u0161\u00ed odpor, kter\u00e1 nen\u00ed ochotna sly\u0161et ot\u00e1zky a varov\u00e1n\u00ed, kter\u00e1 je v z\u00e1sad\u011b tak dokonal\u00e1 a spravedliv\u00e1, \u017ee nep\u0159izn\u00e1v\u00e1 vlastn\u00ed nedostatky nebo je bagatelizuje. Marvanov\u00e9 &#8222;Nezadr\u017eiteln\u00fd pokrok&#8220; se odehr\u00e1v\u00e1 p\u0159edev\u0161\u00edm v omezov\u00e1n\u00ed svobody a jen se maskuje \u00fadajn\u00fdmi v\u00fdhodami: jako mo\u017enost studovat v cizin\u011b, zat\u00edmco po stalet\u00ed univerzity v\u011bd\u00ed, \u017ee to z\u00e1vis\u00ed na vz\u00e1jemn\u00e9 dohod\u011b v\u00edce ne\u017e na p\u0159\u00e1n\u00ed politik\u016f, v\u00fdhodami v obchodu, kter\u00fd je zalo\u017een mezivl\u00e1dn\u00edmi dohodami a politick\u00e9 sjednocen\u00ed nevy\u017eaduje, voln\u00fdm pohybem pracovn\u00edch sil, kter\u00fd je prov\u00e1zen drastick\u00fdmi praktikami proti jak\u00e9koli imigraci atd. &#8222;Mezikontinent\u00e1ln\u00ed sout\u011b\u017e&#8220; euroideolog\u016f jenom zakr\u00fdv\u00e1 zbyte\u010dnou protiamerickou hru. Sna\u017e\u00ed se za ka\u017edou cenu p\u0159ipodobnit Evropu Americe. Bohatstv\u00ed evropsk\u00e9 tradice je v tom, \u017ee je sv\u00e1, r\u016fznorod\u00e1 a nehraje si na druhou Ameriku. Z Ameriky se m\u016f\u017eeme u\u010dit mnohem lep\u0161\u00ed v\u011bci ne\u017e proces ob\u010dansk\u00e9 v\u00e1lky vedouc\u00ed k federalizaci. Chybou protiamerick\u00fdch euroideolog\u016f je, \u017ee nam\u00edsto respektu ke svobod\u011b si z Ameriky p\u0159iv\u00e1\u017eej\u00ed touhu nahradit tradi\u010dn\u00ed politickou rovnov\u00e1hu evropsk\u00fdch st\u00e1t\u016f administrativn\u00edmi procedurami v superunii i za cenu omezen\u00ed svobody.<\/p>\n","protected":false},"excerpt":{"rendered":"<p>4.1.2002 O demokracii se \u0159\u00edk\u00e1, \u017ee je nejlep\u0161\u00edm ze v\u0161ech \u0161patn\u00fdch zp\u016fsob\u016f spr\u00e1vy zem\u011b, ale \u017e\u00e1dn\u00fd lep\u0161\u00ed nezn\u00e1me. Teorie st\u00e1tu a politick\u00e9 v\u011bdy po klopotn\u00e9m hled\u00e1n\u00ed a mnoha tragick\u00fdch omylech&#8230; <a class=\"read-more-button\" href=\"https:\/\/www.payne.cz\/WP15\/protiamericky-experiment\/\">\u010c\u00edst v\u00edce &gt;<\/a><\/p>\n","protected":false},"author":2,"featured_media":0,"comment_status":"closed","ping_status":"closed","sticky":false,"template":"","format":"standard","meta":{"ngg_post_thumbnail":0,"_monsterinsights_skip_tracking":false,"_monsterinsights_sitenote_active":false,"_monsterinsights_sitenote_note":"","_monsterinsights_sitenote_category":0,"footnotes":""},"categories":[3],"tags":[],"class_list":["post-1122","post","type-post","status-publish","format-standard","hentry","category-clanky"],"_links":{"self":[{"href":"https:\/\/www.payne.cz\/WP15\/wp-json\/wp\/v2\/posts\/1122","targetHints":{"allow":["GET"]}}],"collection":[{"href":"https:\/\/www.payne.cz\/WP15\/wp-json\/wp\/v2\/posts"}],"about":[{"href":"https:\/\/www.payne.cz\/WP15\/wp-json\/wp\/v2\/types\/post"}],"author":[{"embeddable":true,"href":"https:\/\/www.payne.cz\/WP15\/wp-json\/wp\/v2\/users\/2"}],"replies":[{"embeddable":true,"href":"https:\/\/www.payne.cz\/WP15\/wp-json\/wp\/v2\/comments?post=1122"}],"version-history":[{"count":1,"href":"https:\/\/www.payne.cz\/WP15\/wp-json\/wp\/v2\/posts\/1122\/revisions"}],"predecessor-version":[{"id":1124,"href":"https:\/\/www.payne.cz\/WP15\/wp-json\/wp\/v2\/posts\/1122\/revisions\/1124"}],"wp:attachment":[{"href":"https:\/\/www.payne.cz\/WP15\/wp-json\/wp\/v2\/media?parent=1122"}],"wp:term":[{"taxonomy":"category","embeddable":true,"href":"https:\/\/www.payne.cz\/WP15\/wp-json\/wp\/v2\/categories?post=1122"},{"taxonomy":"post_tag","embeddable":true,"href":"https:\/\/www.payne.cz\/WP15\/wp-json\/wp\/v2\/tags?post=1122"}],"curies":[{"name":"wp","href":"https:\/\/api.w.org\/{rel}","templated":true}]}}