{"id":1053,"date":"2015-06-07T23:53:53","date_gmt":"2015-06-07T22:53:53","guid":{"rendered":"http:\/\/www.payne.cz\/WP15\/?p=1053"},"modified":"2015-06-08T00:11:11","modified_gmt":"2015-06-07T23:11:11","slug":"o-totalite","status":"publish","type":"post","link":"https:\/\/www.payne.cz\/WP15\/o-totalite\/","title":{"rendered":"O totalit\u011b"},"content":{"rendered":"<p style=\"text-align: right;\"><span style=\"color: #008080;\">duben 1992<\/span><\/p>\n<p style=\"text-align: justify;\">V \u010dem spo\u010d\u00edv\u00e1 hlavn\u00ed rozd\u00edl mezi totalitn\u00edm a demokratick\u00fdm st\u00e1tem?<\/p>\n<p style=\"text-align: justify;\">Totalitn\u00ed st\u00e1t si \u010din\u00ed n\u00e1rok v\u0161echno \u0159\u00eddit a o v\u0161em rozhodovat. I o osudech jednotliv\u00fdch lid\u00ed. Pr\u00e1vn\u011b se to projevuje t\u00edm, \u017ee se od sebe neodli\u0161uje sf\u00e9ra ve\u0159ejn\u00e9ho pr\u00e1va od soukrom\u00e9ho.<\/p>\n<p style=\"text-align: justify;\">Ve\u0159ejn\u00e9 pr\u00e1vo plat\u00ed pro v\u0161echny org\u00e1ny st\u00e1tu a ve\u0159ejnopr\u00e1vn\u00ed korporace pokud jednaj\u00ed jm\u00e9nem st\u00e1tu a jeho z\u00e1sadou je, \u017ee mohou ud\u011blat jenom to, co je v z\u00e1kon\u011b dovoleno. Soukrom\u00e9 pr\u00e1vo se vztahuje na ob\u010dany a pr\u00e1vnick\u00e9 osoby, kter\u00e9 mohou d\u011blat v\u0161echno, co z\u00e1kon nezakazuje. Pokud se tento rozd\u00edl nerespektuje, st\u00e1t si stru\u010dn\u011b \u0159e\u010deno m\u016f\u017ee d\u011blat co chce.<\/p>\n<p style=\"text-align: justify;\">Mus\u00edm \u0159\u00edci, \u017ee se n\u00e1m dosud nepoda\u0159ilo zbavit se totalitn\u00edho pr\u00e1vn\u00edho \u0159\u00e1du a totalitn\u00edho p\u0159\u00edstupu k politice.<\/p>\n","protected":false},"excerpt":{"rendered":"<p>duben 1992 V \u010dem spo\u010d\u00edv\u00e1 hlavn\u00ed rozd\u00edl mezi totalitn\u00edm a demokratick\u00fdm st\u00e1tem? Totalitn\u00ed st\u00e1t si \u010din\u00ed n\u00e1rok v\u0161echno \u0159\u00eddit a o v\u0161em rozhodovat. I o osudech jednotliv\u00fdch lid\u00ed. Pr\u00e1vn\u011b se&#8230; <a class=\"read-more-button\" href=\"https:\/\/www.payne.cz\/WP15\/o-totalite\/\">\u010c\u00edst v\u00edce &gt;<\/a><\/p>\n","protected":false},"author":2,"featured_media":0,"comment_status":"closed","ping_status":"closed","sticky":false,"template":"","format":"standard","meta":{"ngg_post_thumbnail":0,"_monsterinsights_skip_tracking":false,"_monsterinsights_sitenote_active":false,"_monsterinsights_sitenote_note":"","_monsterinsights_sitenote_category":0,"footnotes":""},"categories":[3],"tags":[],"class_list":["post-1053","post","type-post","status-publish","format-standard","hentry","category-clanky"],"_links":{"self":[{"href":"https:\/\/www.payne.cz\/WP15\/wp-json\/wp\/v2\/posts\/1053","targetHints":{"allow":["GET"]}}],"collection":[{"href":"https:\/\/www.payne.cz\/WP15\/wp-json\/wp\/v2\/posts"}],"about":[{"href":"https:\/\/www.payne.cz\/WP15\/wp-json\/wp\/v2\/types\/post"}],"author":[{"embeddable":true,"href":"https:\/\/www.payne.cz\/WP15\/wp-json\/wp\/v2\/users\/2"}],"replies":[{"embeddable":true,"href":"https:\/\/www.payne.cz\/WP15\/wp-json\/wp\/v2\/comments?post=1053"}],"version-history":[{"count":1,"href":"https:\/\/www.payne.cz\/WP15\/wp-json\/wp\/v2\/posts\/1053\/revisions"}],"predecessor-version":[{"id":1054,"href":"https:\/\/www.payne.cz\/WP15\/wp-json\/wp\/v2\/posts\/1053\/revisions\/1054"}],"wp:attachment":[{"href":"https:\/\/www.payne.cz\/WP15\/wp-json\/wp\/v2\/media?parent=1053"}],"wp:term":[{"taxonomy":"category","embeddable":true,"href":"https:\/\/www.payne.cz\/WP15\/wp-json\/wp\/v2\/categories?post=1053"},{"taxonomy":"post_tag","embeddable":true,"href":"https:\/\/www.payne.cz\/WP15\/wp-json\/wp\/v2\/tags?post=1053"}],"curies":[{"name":"wp","href":"https:\/\/api.w.org\/{rel}","templated":true}]}}