{"id":1038,"date":"2015-06-07T23:41:22","date_gmt":"2015-06-07T22:41:22","guid":{"rendered":"http:\/\/www.payne.cz\/WP15\/?p=1038"},"modified":"2015-06-07T23:41:22","modified_gmt":"2015-06-07T22:41:22","slug":"proc-nebyly-schvaleny-ustavy","status":"publish","type":"post","link":"https:\/\/www.payne.cz\/WP15\/proc-nebyly-schvaleny-ustavy\/","title":{"rendered":"Pro\u010d nebyly schv\u00e1leny \u00fastavy?"},"content":{"rendered":"<p style=\"text-align: right;\"><span style=\"color: #008080;\">duben 1992\u00a0<\/span><\/p>\n<p style=\"text-align: justify;\">Volby jsou p\u0159ede dve\u0159mi a mnoz\u00ed se c\u00edt\u00ed b\u00fdt znepokojeni t\u00edm, \u017ee nebyly schv\u00e1leny nov\u00e9 \u00fastavy a jin\u00fd volebn\u00ed syst\u00e9m. Mnoz\u00ed se ob\u00e1vaj\u00ed velk\u00e9ho po\u010dtu kandiduj\u00edc\u00edch politick\u00fdch stran. Pro\u010d ke schv\u00e1len\u00ed \u00fastav nemohlo doj\u00edt ?<\/p>\n<p style=\"text-align: justify;\">\u00dastavn\u00ed pr\u00e1vo a volebn\u00ed z\u00e1kon mus\u00ed respektovat v ka\u017ed\u00e9 zemi existuj\u00edc\u00ed syst\u00e9m politick\u00fdch stran. Jinak b\u00fdv\u00e1 v \u00fastav\u011b zakotvena role vl\u00e1dy, ot\u00e1zka jej\u00ed d\u016fv\u011bry a odvol\u00e1n\u00ed, politick\u00e9 odpov\u011bdnosti, rozpu\u0161t\u011bn\u00ed parlamentu a dal\u0161\u00ed podrobnosti v z\u00e1vislosti na tom, zda je politick\u00fdch stran v\u00edce, zda jsou pouze dv\u011b \u010di zda se jedn\u00e1 pouze o jednu politickou stranu, na co\u017e m\u00e1me je\u0161t\u011b pom\u011brn\u011b \u010derstv\u00e9 vzpom\u00ednky.<\/p>\n<p style=\"text-align: justify;\">Nejsme-li dostate\u010dn\u011b sezn\u00e1meni s politick\u00fdm spektrem, \u010di nen\u00ed-li dostate\u010dn\u011b vykrystalizov\u00e1no, nem\u016f\u017eeme se ani shodnout, jak\u00fd \u00fastavn\u00ed syst\u00e9m by pro n\u00e1s byl nejv\u00fdhodn\u011bj\u0161\u00ed. Naopak ale \u00fastava a volebn\u00ed syst\u00e9m utv\u00e1\u0159\u00ed strukturu politick\u00fdch stran a politick\u00e9 spektrum. Patrn\u011b nelze sko\u010dit p\u0159\u00edmo do nov\u00e9ho \u00fastavn\u00edho r\u00e1mce bez pozvoln\u00e9ho v\u00fdvoje jak politick\u00fdch stran, tak i \u00fastavn\u00edho pr\u00e1va. Mo\u017en\u00e1 jsme podlehli lacin\u00e9 iluzi, \u017ee v\u0161e zvl\u00e1dneme rychleji, ne\u017e odpov\u00edd\u00e1 p\u0159irozen\u00e9mu v\u00fdvoji.<\/p>\n","protected":false},"excerpt":{"rendered":"<p>duben 1992\u00a0 Volby jsou p\u0159ede dve\u0159mi a mnoz\u00ed se c\u00edt\u00ed b\u00fdt znepokojeni t\u00edm, \u017ee nebyly schv\u00e1leny nov\u00e9 \u00fastavy a jin\u00fd volebn\u00ed syst\u00e9m. Mnoz\u00ed se ob\u00e1vaj\u00ed velk\u00e9ho po\u010dtu kandiduj\u00edc\u00edch politick\u00fdch stran&#8230;. <a class=\"read-more-button\" href=\"https:\/\/www.payne.cz\/WP15\/proc-nebyly-schvaleny-ustavy\/\">\u010c\u00edst v\u00edce &gt;<\/a><\/p>\n","protected":false},"author":2,"featured_media":0,"comment_status":"closed","ping_status":"closed","sticky":false,"template":"","format":"standard","meta":{"ngg_post_thumbnail":0,"_monsterinsights_skip_tracking":false,"_monsterinsights_sitenote_active":false,"_monsterinsights_sitenote_note":"","_monsterinsights_sitenote_category":0,"footnotes":""},"categories":[3],"tags":[],"class_list":["post-1038","post","type-post","status-publish","format-standard","hentry","category-clanky"],"_links":{"self":[{"href":"https:\/\/www.payne.cz\/WP15\/wp-json\/wp\/v2\/posts\/1038","targetHints":{"allow":["GET"]}}],"collection":[{"href":"https:\/\/www.payne.cz\/WP15\/wp-json\/wp\/v2\/posts"}],"about":[{"href":"https:\/\/www.payne.cz\/WP15\/wp-json\/wp\/v2\/types\/post"}],"author":[{"embeddable":true,"href":"https:\/\/www.payne.cz\/WP15\/wp-json\/wp\/v2\/users\/2"}],"replies":[{"embeddable":true,"href":"https:\/\/www.payne.cz\/WP15\/wp-json\/wp\/v2\/comments?post=1038"}],"version-history":[{"count":1,"href":"https:\/\/www.payne.cz\/WP15\/wp-json\/wp\/v2\/posts\/1038\/revisions"}],"predecessor-version":[{"id":1039,"href":"https:\/\/www.payne.cz\/WP15\/wp-json\/wp\/v2\/posts\/1038\/revisions\/1039"}],"wp:attachment":[{"href":"https:\/\/www.payne.cz\/WP15\/wp-json\/wp\/v2\/media?parent=1038"}],"wp:term":[{"taxonomy":"category","embeddable":true,"href":"https:\/\/www.payne.cz\/WP15\/wp-json\/wp\/v2\/categories?post=1038"},{"taxonomy":"post_tag","embeddable":true,"href":"https:\/\/www.payne.cz\/WP15\/wp-json\/wp\/v2\/tags?post=1038"}],"curies":[{"name":"wp","href":"https:\/\/api.w.org\/{rel}","templated":true}]}}