{"id":1033,"date":"2015-06-07T23:38:41","date_gmt":"2015-06-07T22:38:41","guid":{"rendered":"http:\/\/www.payne.cz\/WP15\/?p=1033"},"modified":"2015-06-07T23:38:41","modified_gmt":"2015-06-07T22:38:41","slug":"jak-jsem-se-bal","status":"publish","type":"post","link":"https:\/\/www.payne.cz\/WP15\/jak-jsem-se-bal\/","title":{"rendered":"Jak jsem se b\u00e1l"},"content":{"rendered":"<p style=\"text-align: right;\"><span style=\"color: #008080;\">1991<\/span><\/p>\n<p style=\"text-align: justify;\">Kone\u010dn\u00fd term\u00edn pro registraci kup\u00f3nov\u00fdch kn\u00ed\u017eek se bl\u00ed\u017e\u00ed. Propaga\u010dn\u00ed kampa\u0148 ve sd\u011blovac\u00edch prost\u0159edc\u00edch je v pln\u00e9m proudu. Jako nev\u00fdsti\u017en\u011bj\u0161\u00ed z televizn\u00edch propaga\u010dn\u00edch \u0161ot\u016f lze asi vyhodnotit slovenskou sc\u00e9nku s Karlem Marxem, ne\u0161\u0165astn\u00fdm z kup\u00f3nov\u00e9 privatizace. Minist\u0159i pr\u016fb\u011b\u017en\u011b vyhodnocuj\u00ed po\u010det zaregistrovan\u00fdch. Nen\u00ed mal\u00fd, ale zdaleka nedosahuje prorokovan\u00e9ho po\u010dtu, i kdy\u017e jist\u011b je\u0161t\u011b vzroste.<\/p>\n<p style=\"text-align: justify;\">V \u010dem se odhady zm\u00fdlily? Pro\u010d nejsme ochotn\u00ed p\u0159ijmout tak kulantn\u00ed nab\u00eddku, p\u0159i n\u00ed\u017e se s minim\u00e1ln\u00edm rizikem nab\u00edz\u00ed pod\u00edl b\u00fdval\u00e9ho socialistick\u00e9ho vlastnictv\u00ed? Patrn\u011b to nebude p\u0159ehnan\u00e9 v\u011bdom\u00ed odpov\u011bdnosti, stanoven\u00e9 \u00fastavn\u00edmi z\u00e1kony, podle nich\u017e vlastnictv\u00ed zavazuje. V mnoha jin\u00fdch p\u0159\u00edpadech, jde-li o chalupu \u010di auto, vlastnick\u00e1 odpov\u011bdnost mnoho net\u00ed\u017e\u00ed, a\u010dkoliv po vlastn\u00edkovi po\u017eaduje mnohem v\u00edce \u010dasu a energie, ne\u017e vlastnictv\u00ed akci\u00ed.<\/p>\n<p style=\"text-align: justify;\">Kdysi jsem musel slo\u017eit st\u00e1tn\u00ed zkou\u0161ku z marxismu-leninismu. Nevzp\u00edral jsem se tomu s v\u011bdom\u00edm, \u017ee je t\u0159eba dob\u0159e zn\u00e1t protivn\u00edkovy n\u00e1zory, abych jim mohl oponovat. \u010cetl jsem po knihovn\u00e1ch Marxe a Lenina v\u00edc ne\u017e bylo t\u0159eba, i kdy\u017e jsem se z\u00e1rove\u0148 musel nau\u010dit bojovat se \u0161patn\u011b polo\u017een\u00fdmi ot\u00e1zkami, co\u017e je t\u011b\u017e\u0161\u00ed, ne\u017e vyrovnat se se \u0161patnou odpov\u011bd\u00ed.<\/p>\n<p style=\"text-align: justify;\">Dozv\u011bd\u011bl jsem se o vzniku t\u0159\u00edd v prvobytn\u011b pospoln\u00e9 spole\u010dnosti, jen\u017e byl historickou nutnost\u00ed. Do\u010detl jsem se o vidin\u011b budoucnosti, kdy bezt\u0159\u00eddn\u00ed komunistick\u00e1 samospr\u00e1va p\u0159ekon\u00e1 nesmi\u0159iteln\u00fd t\u0159\u00eddn\u00ed antagonismus a bude vytv\u00e1\u0159et pouze kladn\u00e9 hodnoty bez spole\u010densk\u00e9ho \u00fatlaku. Do\u010detl jsem se, \u017ee jedin\u011b cesta diktatury proletari\u00e1tu vede k vyt\u010den\u00e9mu c\u00edli. M\u011bl jsem dojem, \u017ee se jedn\u00e1 o Marx\u016fv \u017eert, kter\u00fd se stal historickou tragikomedi\u00ed.<\/p>\n<p style=\"text-align: justify;\">Jen\u017ee nyn\u00ed mi za\u010d\u00edn\u00e1 vrtat v hlav\u011b obava. Co kdy\u017e skute\u010dn\u011b t\u0159\u00eddn\u00ed vid\u011bn\u00ed spole\u010dnosti bylo spr\u00e1vn\u00e9? A tak jsem nalistoval ve slovn\u00edku definici t\u0159\u00edd: &#8222;T\u0159\u00eddy jsou velk\u00e9 skupiny lid\u00ed, kter\u00e9 se navz\u00e1jem li\u0161\u00ed sv\u00fdm m\u00edstem v historicky ur\u010den\u00e9m syst\u00e9mu spole\u010densk\u00e9 v\u00fdroby, sv\u00fdm (v\u011bt\u0161inou zaji\u0161t\u011bn\u00fdm a vyty\u010den\u00fdm v z\u00e1konech) k v\u00fdrobn\u00edm prost\u0159edk\u016fm, svou \u00falohou ve spole\u010densk\u00e9 organizaci pr\u00e1ce, a tud\u00ed\u017e zp\u016fsoby nab\u00fdv\u00e1n\u00ed onoho d\u00edlu spole\u010densk\u00e9ho bohatstv\u00ed, j\u00edm\u017e disponuj\u00ed.&#8220; (Lenin)<\/p>\n<p style=\"text-align: justify;\">Je-li tomu tak, pak z\u0159ejm\u011b zna\u010dn\u00e1 \u010d\u00e1st obyvatelstva odm\u00edt\u00e1 st\u00e1t se p\u0159\u00edslu\u0161n\u00edky kapitalistick\u00e9 t\u0159\u00eddy a vyko\u0159is\u0165ovat sv\u00e9 spoluob\u010dany. Odm\u00edt\u00e1 p\u0159ijmout pod\u00edl rozd\u011blovan\u00e9ho spole\u010densk\u00e9ho vlastnictv\u00ed ve velk\u00e9 privatizaci. V mal\u00e9 privatizaci to dovedu pochopit, ne ka\u017ed\u00fd dovede v\u00e9st obchod nebo \u017eivnost. Ale ani tak l\u00e1kavou nab\u00eddku nep\u0159ijmout? Za\u010dal mi b\u011bhat mr\u00e1z po z\u00e1dech. Oni m\u011bli pravdu, pracuj\u00edc\u00ed lid odm\u00edt\u00e1 z ideologick\u00fdch d\u016fvod\u016f st\u00e1t se t\u0159\u00eddou kapitalist\u016f. B\u011bda n\u00e1m.<\/p>\n<p style=\"text-align: justify;\">A tak jsem listoval slovn\u00edkem d\u00e1l a hledal jsem \u00fat\u011bchu. Padlo mi do oka heslo &#8222;kriterium pravdy&#8220;, poprv\u00e9 zaveden\u00e9 marxismem, bur\u017eoazn\u00ed teori\u00ed neuzn\u00e1van\u00e9, podle n\u011bho\u017e &#8222;kriteriem pravdy je spole\u010densk\u00e1 praxe&#8220;. Je-li teorie \u00fasp\u011b\u0161n\u011b aplikov\u00e1na v praxi, je pravdiv\u00e1. A tu jsem se zaradoval. Existuje n\u011bkde na sv\u011bt\u011b zem\u011b, kde by byl marxismus \u00fasp\u011b\u0161n\u011b zaveden do spole\u010densk\u00e9 praxe? Osv\u011bd\u010dila se n\u011bkde politick\u00e1 ekonomie? Marn\u011b jsem p\u00e1tral prstem po globusu. Nen\u00ed takov\u00e1 zem\u011b. Historick\u00fd experiment, po\u0159\u00e1dn\u011b drah\u00fd, nikde neprok\u00e1zal spr\u00e1vnost Marxov\u00fdch teori\u00ed. Nen\u00ed mo\u017en\u00e9, aby t\u0159\u00eddn\u00ed vid\u011bn\u00ed spole\u010dnosti bylo pravdiv\u00e9. Uklidnil jsem se. Je\u0161t\u011b jsou t\u0159i t\u00fddny \u010das na to, abychom i my dok\u00e1zali v praxi, \u017ee se Marx zm\u00fdlil, a zakoupili si kup\u00f3novou kn\u00ed\u017eku. V\u011b\u0159\u00edm, \u017ee i v tomto &#8222;kup\u00f3nov\u00e9m referendu&#8220; uk\u00e1\u017eeme, \u017ee jsme nepodlehli komunistick\u00e9 ideologii. K tomu n\u00e1m dopom\u00e1hej B\u016fh.<\/p>\n","protected":false},"excerpt":{"rendered":"<p>1991 Kone\u010dn\u00fd term\u00edn pro registraci kup\u00f3nov\u00fdch kn\u00ed\u017eek se bl\u00ed\u017e\u00ed. Propaga\u010dn\u00ed kampa\u0148 ve sd\u011blovac\u00edch prost\u0159edc\u00edch je v pln\u00e9m proudu. Jako nev\u00fdsti\u017en\u011bj\u0161\u00ed z televizn\u00edch propaga\u010dn\u00edch \u0161ot\u016f lze asi vyhodnotit slovenskou sc\u00e9nku s&#8230; <a class=\"read-more-button\" href=\"https:\/\/www.payne.cz\/WP15\/jak-jsem-se-bal\/\">\u010c\u00edst v\u00edce &gt;<\/a><\/p>\n","protected":false},"author":2,"featured_media":0,"comment_status":"closed","ping_status":"closed","sticky":false,"template":"","format":"standard","meta":{"ngg_post_thumbnail":0,"_monsterinsights_skip_tracking":false,"_monsterinsights_sitenote_active":false,"_monsterinsights_sitenote_note":"","_monsterinsights_sitenote_category":0,"footnotes":""},"categories":[3],"tags":[],"class_list":["post-1033","post","type-post","status-publish","format-standard","hentry","category-clanky"],"_links":{"self":[{"href":"https:\/\/www.payne.cz\/WP15\/wp-json\/wp\/v2\/posts\/1033","targetHints":{"allow":["GET"]}}],"collection":[{"href":"https:\/\/www.payne.cz\/WP15\/wp-json\/wp\/v2\/posts"}],"about":[{"href":"https:\/\/www.payne.cz\/WP15\/wp-json\/wp\/v2\/types\/post"}],"author":[{"embeddable":true,"href":"https:\/\/www.payne.cz\/WP15\/wp-json\/wp\/v2\/users\/2"}],"replies":[{"embeddable":true,"href":"https:\/\/www.payne.cz\/WP15\/wp-json\/wp\/v2\/comments?post=1033"}],"version-history":[{"count":1,"href":"https:\/\/www.payne.cz\/WP15\/wp-json\/wp\/v2\/posts\/1033\/revisions"}],"predecessor-version":[{"id":1034,"href":"https:\/\/www.payne.cz\/WP15\/wp-json\/wp\/v2\/posts\/1033\/revisions\/1034"}],"wp:attachment":[{"href":"https:\/\/www.payne.cz\/WP15\/wp-json\/wp\/v2\/media?parent=1033"}],"wp:term":[{"taxonomy":"category","embeddable":true,"href":"https:\/\/www.payne.cz\/WP15\/wp-json\/wp\/v2\/categories?post=1033"},{"taxonomy":"post_tag","embeddable":true,"href":"https:\/\/www.payne.cz\/WP15\/wp-json\/wp\/v2\/tags?post=1033"}],"curies":[{"name":"wp","href":"https:\/\/api.w.org\/{rel}","templated":true}]}}